{"id":16728,"date":"2016-10-25T18:27:49","date_gmt":"2016-10-25T21:27:49","guid":{"rendered":"https:\/\/www.inet.edu.ar\/?p=16728"},"modified":"2016-10-28T17:46:51","modified_gmt":"2016-10-28T20:46:51","slug":"inauguramos-oficialmente-el-encuentro-tecnicamente-en-salta-junto-al-ministro-bullrich","status":"publish","type":"post","link":"https:\/\/www.inet.edu.ar\/index.php\/inauguramos-oficialmente-el-encuentro-tecnicamente-en-salta-junto-al-ministro-bullrich\/","title":{"rendered":"Inauguramos oficialmente el encuentro T\u00e9cnicaMente en Salta junto al ministro Bullrich"},"content":{"rendered":"<p>Ciudad de Salta<\/p>\n<p>Junto al ministro de Educaci\u00f3n y Deportes, Esteban Bullrich; al gobernador Juan Manuel Urtubey; a\u00a0la ministra de Educaci\u00f3n, Ciencia y Tecnolog\u00eda de Salta, Anal\u00eda Berruezo; y el director ejecutivo del INET, Gabriel S\u00e1nchez Zinny; entre otras autoridades nacionales y provinciales, inauguramos hoy el\u00a0Encuentro de Estudiantes de Educaci\u00f3n T\u00e9cnico Profesional de todo el pa\u00eds: \u201cT\u00e9cnicaMente\u201d \u2013instancia Final.<\/p>\n<p>El evento se realiz\u00f3 en el Centro de Convenciones de Limache y participaron alrededor de\u00a01800 alumnos, docentes y directivos de todo el pa\u00eds.<\/p>\n<p>El ministro Bullrich manifest\u00f3 que se sent\u00eda honrado de ver el entusiasmo, la pasi\u00f3n de los alumnos al exponer sus trabajos.<\/p>\n<p>El director ejecutivo del INET felicit\u00f3 a los alumnos, docentes y directivos <em>\u00abpor hacer este encuentro tan exitoso\u00bb<\/em>, al tiempo que solicit\u00f3 que este entusiasmo sea llevado y transmitido a cada Escuela T\u00e9cnica del pa\u00eds. As\u00ed\u00a0todo el sistema <em>\u201cse beneficiar\u00e1 de este encuentro\u201d,\u00a0<\/em>finaliz\u00f3.<\/p>\n<p>T\u00e9cnicaMente es el encuentro que convoca a estudiantes y docentes de escuelas Secundarias T\u00e9cnicas, institutos Superiores T\u00e9cnicos y centros de Formaci\u00f3n Profesional de todo el pa\u00eds a exhibir y compartir los proyectos, trabajos innovadores y experiencias realizados en sus instituciones.<\/p>\n<p>Est\u00e1 organizado por el Ministerio de Educaci\u00f3n y Deportes de la Naci\u00f3n, a trav\u00e9s del Instituto Nacional de Educaci\u00f3n Tecnol\u00f3gica (INET), junto a las 24 jurisdicciones educativas (todas las provincias y la Ciudad Aut\u00f3noma de Buenos Aires).<\/p>\n<p>Los trabajos de nivel Secundario T\u00e9cnico que se exhibir\u00e1n en esta instancia fueron seleccionados, en los distintos regionales, por los propios estudiantes, sus docentes y directivos, junto a integrantes del Consejo Provincial de Educaci\u00f3n, Trabajo y Producci\u00f3n (CoPETyP) de la jurisdicci\u00f3n anfitriona. A estos proyectos, se sumar\u00e1n algunos de Formaci\u00f3n Profesional, y de institutos Superiores T\u00e9cnicos.<\/p>\n<p>Lo novedoso de este cuarto a\u00f1o del T\u00e9cnicamente es que, en forma simult\u00e1nea a la exposici\u00f3n, se realiza el Encuentro para Docentes de nivel Secundario \u201cExperiencias pedag\u00f3gicas innovadoras en el nivel medio de la ETP\u201d, en el que profesores de todas las jurisdicciones presentar\u00e1n pr\u00e1cticas innovadoras que se consideren relevantes y de inter\u00e9s para la comunidad educativa t\u00e9cnica y que contribuyan a fortalecer los procesos de inclusi\u00f3n, retenci\u00f3n y egreso de los estudiantes, as\u00ed como la mejora de los aprendizajes con calidad.<\/p>\n<p>La muestra contin\u00faa hasta el jueves.<\/p>\n<p>M\u00e1s informaci\u00f3n: <a href=\"https:\/\/www.inet.edu.ar\/index.php\/niveles-educativos\/educacion-secundaria-tecnica\/encuentros-educativos\/tecnicamente\/\">Encuentros Estudiantiles-T\u00e9cnicaMente<\/a><\/p>\n<p><strong>Noticias relacionadas<\/strong><\/p>\n<p><a href=\"http:\/\/www.salta.gov.ar\/prensa\/noticias\/la-ensenianza-tecnica-brinda-herramientas-para-que-los-chicos-puedan-desarrollarse-mejor\/48762\">\u201cLa ense\u00f1anza t\u00e9cnica brinda herramientas para que los chicos puedan desarrollarse mejor\u201d- sitio web gobierno de Salta<\/a><\/p>\n<p><strong>Galer\u00eda de im\u00e1genes<\/strong><\/p>\n\n\t\t<style type=\"text\/css\">\n\t\t\t#gallery-1 {\n\t\t\t\tmargin: auto;\n\t\t\t}\n\t\t\t#gallery-1 .gallery-item {\n\t\t\t\tfloat: left;\n\t\t\t\tmargin-top: 10px;\n\t\t\t\ttext-align: center;\n\t\t\t\twidth: 25%;\n\t\t\t}\n\t\t\t#gallery-1 img {\n\t\t\t\tborder: 2px solid #cfcfcf;\n\t\t\t}\n\t\t\t#gallery-1 .gallery-caption {\n\t\t\t\tmargin-left: 0;\n\t\t\t}\n\t\t\t\/* see gallery_shortcode() in wp-includes\/media.php *\/\n\t\t<\/style>\n\t\t<div id='gallery-1' class='gallery galleryid-16728 gallery-columns-4 gallery-size-thumbnail'><dl class='gallery-item'>\n\t\t\t<dt class='gallery-icon landscape'>\n\t\t\t\t<a href='https:\/\/www.inet.edu.ar\/index.php\/inauguramos-oficialmente-el-encuentro-tecnicamente-en-salta-junto-al-ministro-bullrich\/img-20161025-wa0023\/#main'><img loading=\"lazy\" decoding=\"async\" width=\"150\" height=\"100\" src=\"https:\/\/www.inet.edu.ar\/wp-content\/uploads\/2016\/10\/IMG-20161025-WA0023-150x100.jpg\" class=\"attachment-thumbnail size-thumbnail\" alt=\"\" \/><\/a>\n\t\t\t<\/dt><\/dl><dl class='gallery-item'>\n\t\t\t<dt class='gallery-icon landscape'>\n\t\t\t\t<a href='https:\/\/www.inet.edu.ar\/index.php\/inauguramos-oficialmente-el-encuentro-tecnicamente-en-salta-junto-al-ministro-bullrich\/img-20161025-wa0027\/#main'><img loading=\"lazy\" decoding=\"async\" width=\"150\" height=\"100\" src=\"https:\/\/www.inet.edu.ar\/wp-content\/uploads\/2016\/10\/IMG-20161025-WA0027-150x100.jpg\" class=\"attachment-thumbnail size-thumbnail\" alt=\"\" \/><\/a>\n\t\t\t<\/dt><\/dl><dl class='gallery-item'>\n\t\t\t<dt class='gallery-icon landscape'>\n\t\t\t\t<a href='https:\/\/www.inet.edu.ar\/index.php\/inauguramos-oficialmente-el-encuentro-tecnicamente-en-salta-junto-al-ministro-bullrich\/img-20161025-wa0029\/#main'><img loading=\"lazy\" decoding=\"async\" width=\"150\" height=\"100\" src=\"https:\/\/www.inet.edu.ar\/wp-content\/uploads\/2016\/10\/IMG-20161025-WA0029-150x100.jpg\" class=\"attachment-thumbnail size-thumbnail\" alt=\"\" \/><\/a>\n\t\t\t<\/dt><\/dl><dl class='gallery-item'>\n\t\t\t<dt class='gallery-icon landscape'>\n\t\t\t\t<a href='https:\/\/www.inet.edu.ar\/index.php\/inauguramos-oficialmente-el-encuentro-tecnicamente-en-salta-junto-al-ministro-bullrich\/img-20161025-wa0032\/#main'><img loading=\"lazy\" decoding=\"async\" width=\"150\" height=\"100\" src=\"https:\/\/www.inet.edu.ar\/wp-content\/uploads\/2016\/10\/IMG-20161025-WA0032-150x100.jpg\" class=\"attachment-thumbnail size-thumbnail\" alt=\"\" \/><\/a>\n\t\t\t<\/dt><\/dl><br style=\"clear: both\" \/><dl class='gallery-item'>\n\t\t\t<dt class='gallery-icon landscape'>\n\t\t\t\t<a href='https:\/\/www.inet.edu.ar\/index.php\/inauguramos-oficialmente-el-encuentro-tecnicamente-en-salta-junto-al-ministro-bullrich\/img-20161025-wa0034\/#main'><img loading=\"lazy\" decoding=\"async\" width=\"150\" height=\"100\" src=\"https:\/\/www.inet.edu.ar\/wp-content\/uploads\/2016\/10\/IMG-20161025-WA0034-150x100.jpg\" class=\"attachment-thumbnail size-thumbnail\" alt=\"\" \/><\/a>\n\t\t\t<\/dt><\/dl><dl class='gallery-item'>\n\t\t\t<dt class='gallery-icon portrait'>\n\t\t\t\t<a href='https:\/\/www.inet.edu.ar\/index.php\/inauguramos-oficialmente-el-encuentro-tecnicamente-en-salta-junto-al-ministro-bullrich\/img-20161025-wa0035\/#main'><img loading=\"lazy\" decoding=\"async\" width=\"150\" height=\"100\" src=\"https:\/\/www.inet.edu.ar\/wp-content\/uploads\/2016\/10\/IMG-20161025-WA0035-150x100.jpg\" class=\"attachment-thumbnail size-thumbnail\" alt=\"\" \/><\/a>\n\t\t\t<\/dt><\/dl><dl class='gallery-item'>\n\t\t\t<dt class='gallery-icon landscape'>\n\t\t\t\t<a href='https:\/\/www.inet.edu.ar\/index.php\/inauguramos-oficialmente-el-encuentro-tecnicamente-en-salta-junto-al-ministro-bullrich\/img-20161025-wa0037\/#main'><img loading=\"lazy\" decoding=\"async\" width=\"150\" height=\"100\" src=\"https:\/\/www.inet.edu.ar\/wp-content\/uploads\/2016\/10\/IMG-20161025-WA0037-150x100.jpg\" class=\"attachment-thumbnail size-thumbnail\" alt=\"\" \/><\/a>\n\t\t\t<\/dt><\/dl><dl class='gallery-item'>\n\t\t\t<dt class='gallery-icon landscape'>\n\t\t\t\t<a href='https:\/\/www.inet.edu.ar\/index.php\/inauguramos-oficialmente-el-encuentro-tecnicamente-en-salta-junto-al-ministro-bullrich\/img-20161025-wa0040\/#main'><img loading=\"lazy\" decoding=\"async\" width=\"150\" height=\"100\" src=\"https:\/\/www.inet.edu.ar\/wp-content\/uploads\/2016\/10\/IMG-20161025-WA0040-150x100.jpg\" class=\"attachment-thumbnail size-thumbnail\" alt=\"\" \/><\/a>\n\t\t\t<\/dt><\/dl><br style=\"clear: both\" \/>\n\t\t<\/div>\n\n","protected":false},"excerpt":{"rendered":"<p>Ciudad de Salta Junto al ministro de Educaci\u00f3n y Deportes, Esteban Bullrich; al gobernador Juan Manuel Urtubey; a\u00a0la ministra de Educaci\u00f3n, Ciencia y Tecnolog\u00eda de Salta, Anal\u00eda Berruezo; y el director ejecutivo del INET, Gabriel S\u00e1nchez Zinny; entre otras autoridades nacionales y provinciales, inauguramos hoy el\u00a0Encuentro de Estudiantes de Educaci\u00f3n T\u00e9cnico Profesional de todo el [&hellip;]<\/p>\n","protected":false},"author":7,"featured_media":16730,"comment_status":"closed","ping_status":"open","sticky":false,"template":"","format":"standard","meta":{"footnotes":""},"categories":[1,14],"tags":[],"class_list":["post-16728","post","type-post","status-publish","format-standard","has-post-thumbnail","hentry","category-noticias","category-noticias-fijas"],"_links":{"self":[{"href":"https:\/\/www.inet.edu.ar\/index.php\/wp-json\/wp\/v2\/posts\/16728","targetHints":{"allow":["GET"]}}],"collection":[{"href":"https:\/\/www.inet.edu.ar\/index.php\/wp-json\/wp\/v2\/posts"}],"about":[{"href":"https:\/\/www.inet.edu.ar\/index.php\/wp-json\/wp\/v2\/types\/post"}],"author":[{"embeddable":true,"href":"https:\/\/www.inet.edu.ar\/index.php\/wp-json\/wp\/v2\/users\/7"}],"replies":[{"embeddable":true,"href":"https:\/\/www.inet.edu.ar\/index.php\/wp-json\/wp\/v2\/comments?post=16728"}],"version-history":[{"count":10,"href":"https:\/\/www.inet.edu.ar\/index.php\/wp-json\/wp\/v2\/posts\/16728\/revisions"}],"predecessor-version":[{"id":16766,"href":"https:\/\/www.inet.edu.ar\/index.php\/wp-json\/wp\/v2\/posts\/16728\/revisions\/16766"}],"wp:featuredmedia":[{"embeddable":true,"href":"https:\/\/www.inet.edu.ar\/index.php\/wp-json\/wp\/v2\/media\/16730"}],"wp:attachment":[{"href":"https:\/\/www.inet.edu.ar\/index.php\/wp-json\/wp\/v2\/media?parent=16728"}],"wp:term":[{"taxonomy":"category","embeddable":true,"href":"https:\/\/www.inet.edu.ar\/index.php\/wp-json\/wp\/v2\/categories?post=16728"},{"taxonomy":"post_tag","embeddable":true,"href":"https:\/\/www.inet.edu.ar\/index.php\/wp-json\/wp\/v2\/tags?post=16728"}],"curies":[{"name":"wp","href":"https:\/\/api.w.org\/{rel}","templated":true}]}}