{"id":16761,"date":"2016-10-26T18:34:53","date_gmt":"2016-10-26T21:34:53","guid":{"rendered":"https:\/\/www.inet.edu.ar\/?p=16761"},"modified":"2016-10-26T19:12:01","modified_gmt":"2016-10-26T22:12:01","slug":"fortaleciendo-la-articulacion-entre-los-sectores-publico-y-privado-en-la-educacion-tecnico-profesional","status":"publish","type":"post","link":"https:\/\/www.inet.edu.ar\/index.php\/fortaleciendo-la-articulacion-entre-los-sectores-publico-y-privado-en-la-educacion-tecnico-profesional\/","title":{"rendered":"Fortaleciendo la articulaci\u00f3n entre los sectores p\u00fablico y privado en la Educaci\u00f3n T\u00e9cnico Profesional"},"content":{"rendered":"<p style=\"text-align: center;\"><em>Participaron\u00a0el ministro Esteban Bullrich; el director ejecutivo del INET, Gabriel S\u00e1nchez Zinny; junto a las autoridades de las distintas empresas. Por FESTO SA: vicepresidente, Alberto Belluschi. \u00a0Por Santander R\u00edo: el presidente, Enrique Cristofani, junto a los se\u00f1ores Sergio Galv\u00e1n y Luis Arag\u00f3n. Por NIDERA SA: el presidente de Alejandro Figueroa. Por la Fundaci\u00f3n Siemens: el gerente y consejero, Fernando Huergo.<\/em><\/p>\n<p>CABA<\/p>\n<p>El Ministerio de Educaci\u00f3n y Deportes, a trav\u00e9s del INET, firm\u00f3 Convenios con <em>FESTO SA<\/em>, <em>Banco Santander R\u00edo SA<\/em>, <em>NIDERA SA<\/em>, y con <em>SIEMENS Fundaci\u00f3n para el Desarrollo Sustentable de la Argentina<\/em> para llevar a cabo actividades de cooperaci\u00f3n institucional, asistencia t\u00e9cnica, capacitaci\u00f3n docente y pr\u00e1cticas profesionalizantes. El evento se realiz\u00f3 hoy mi\u00e9rcoles 26 de octubre en la sede del Ministerio.<\/p>\n<p>En el marco de los Convenios, se realizar\u00e1n acciones tendientes a fortalecer la calidad de la Educaci\u00f3n T\u00e9cnico Profesional, y desarrollar procesos sistem\u00e1ticos de formaci\u00f3n que articulen el estudio y el trabajo, la investigaci\u00f3n y la producci\u00f3n as\u00ed como actividades de inter\u00e9s com\u00fan.<\/p>\n<p>Al suscribir los acuerdos, Bullrich destac\u00f3: <em>\u201cSomos conscientes del cambio en el contexto laboral y de la necesidad de generar competencias y habilidades nuevas. Con lo cual, este sistema (educativo) hoy poco flexible a los cambios, demanda de mucho mayor involucramiento del sector privado, entre otros\u201d.<\/em><\/p>\n<p>Por su parte, S\u00e1nchez Zinny se\u00f1al\u00f3 que el Ministerio, a trav\u00e9s del INET, viene trabajando hace varios meses con las cuatro empresas. <em>\u201cAs\u00ed que la firma de este acuerdo, en realidad formaliza una tarea en la que ya estamos avanzando. Y, a su vez, esperamos que sirva para alentar a otras compa\u00f1\u00edas a sumarse\u201d<\/em>, precis\u00f3.<\/p>\n<p>En la ceremonia tambi\u00e9n participaron otras autoridades y representantes de las empresas como Hern\u00e1n Maurette, Javier Garc\u00eda Morit\u00e1n y Debora Telles, de Nidera; Marcelo Illescas, Edith Schmidtke y Georgina Dotto, de Festo; y Pablo Aldrovandi, de Siemens.<\/p>\n<p><strong>Acerca de los Convenios<\/strong><\/p>\n<p>El Ministerio, a trav\u00e9s del INET, y <em>FESTO SA<\/em> llevar\u00e1n adelante actividades de inter\u00e9s com\u00fan, principalmente en el \u00e1rea de educaci\u00f3n y formaci\u00f3n de recursos humanos en tecnolog\u00edas Neum\u00e1tica, Hidr\u00e1ulica, Electricidad y Nuevas Energ\u00edas. La empresa se compromete a proveer de materiales y recursos educativos de entrenamiento, organizar capacitaciones, asesorar, permitir la participaci\u00f3n de docentes en actividades de capacitaci\u00f3n, entre otros.<\/p>\n<p>Por otro lado, en el Convenio con <em>Banco Santander R\u00edo SA<\/em>, las partes realizar\u00e1n acciones conjuntas tendientes a fortalecer e implementar programas de entrenamiento, pasant\u00edas y pr\u00e1cticas profesionales.<\/p>\n<p>En el Convenio Marco con <em>NIDERA SA<\/em>, la empresa promover\u00e1 la realizaci\u00f3n de pr\u00e1cticas profesionalizantes en dos de las plantas, con institutos y escuelas agrot\u00e9cnicas de las provincias de Buenos Aires, C\u00f3rdoba y Santa Fe; la inclusi\u00f3n de alumnos de escuelas t\u00e9cnicas en su programa -para una futura inclusi\u00f3n laboral en el \u00e1mbito agroindustrial; visitas a sus plantas por parte de los alumnos de escuelas secundarias e institutos terciarios t\u00e9cnicos; el trabajo con ONGs, entidades p\u00fablicas y otras empresas para fortalecer la educaci\u00f3n de los alumnos de escuelas secundarias.<\/p>\n<p>Por \u00faltimo, en el convenio con S<em>IEMENS Fundaci\u00f3n para el Desarrollo Sustentable de la Argentina<\/em>, se establece la realizaci\u00f3n de acciones conjuntas que permitan potenciar instituciones educativas de distintas partes del pa\u00eds; desarrollar exposiciones, charlas y talleres que fomenten el acercamiento de ni\u00f1os y j\u00f3venes a la ciencia y la tecnolog\u00eda; contribuir con equipamiento tecnol\u00f3gico a instituciones educativas; implementar soluciones tecnol\u00f3gicas en escuelas t\u00e9cnicas, entre otras.<\/p>\n<p>El Ministerio de Educaci\u00f3n y Deportes, a trav\u00e9s del INET, ha firmado Convenios con diferentes empresas y organizaciones -Banco Ita\u00fa; Samsung Electronics; Peugeot Citro\u00ebn; el Consejo de Ingenier\u00eda Mec\u00e1nica y Electricista; la Fundaci\u00f3n \u201cEnse\u00f1\u00e1 por Argentina\u201d; Toyota Argentina S.A.; Nestl\u00e9 Argentina S.A.; la Cruz Roja Argentina- con el fin de propiciar acciones conjuntas que vinculen la Educaci\u00f3n T\u00e9cnico Profesional con el mundo del trabajo, la ciencia y la tecnolog\u00eda.<\/p>\n<p>&nbsp;<\/p>\n<p>&nbsp;<\/p>\n","protected":false},"excerpt":{"rendered":"<p>Participaron\u00a0el ministro Esteban Bullrich; el director ejecutivo del INET, Gabriel S\u00e1nchez Zinny; junto a las autoridades de las distintas empresas. Por FESTO SA: vicepresidente, Alberto Belluschi. \u00a0Por Santander R\u00edo: el presidente, Enrique Cristofani, junto a los se\u00f1ores Sergio Galv\u00e1n y Luis Arag\u00f3n. Por NIDERA SA: el presidente de Alejandro Figueroa. Por la Fundaci\u00f3n Siemens: el [&hellip;]<\/p>\n","protected":false},"author":7,"featured_media":16772,"comment_status":"closed","ping_status":"open","sticky":false,"template":"","format":"standard","meta":{"footnotes":""},"categories":[1,14],"tags":[145,81],"class_list":["post-16761","post","type-post","status-publish","format-standard","has-post-thumbnail","hentry","category-noticias","category-noticias-fijas","tag-capacitacion-docente","tag-practicas-profesionalizantes"],"_links":{"self":[{"href":"https:\/\/www.inet.edu.ar\/index.php\/wp-json\/wp\/v2\/posts\/16761","targetHints":{"allow":["GET"]}}],"collection":[{"href":"https:\/\/www.inet.edu.ar\/index.php\/wp-json\/wp\/v2\/posts"}],"about":[{"href":"https:\/\/www.inet.edu.ar\/index.php\/wp-json\/wp\/v2\/types\/post"}],"author":[{"embeddable":true,"href":"https:\/\/www.inet.edu.ar\/index.php\/wp-json\/wp\/v2\/users\/7"}],"replies":[{"embeddable":true,"href":"https:\/\/www.inet.edu.ar\/index.php\/wp-json\/wp\/v2\/comments?post=16761"}],"version-history":[{"count":4,"href":"https:\/\/www.inet.edu.ar\/index.php\/wp-json\/wp\/v2\/posts\/16761\/revisions"}],"predecessor-version":[{"id":16776,"href":"https:\/\/www.inet.edu.ar\/index.php\/wp-json\/wp\/v2\/posts\/16761\/revisions\/16776"}],"wp:featuredmedia":[{"embeddable":true,"href":"https:\/\/www.inet.edu.ar\/index.php\/wp-json\/wp\/v2\/media\/16772"}],"wp:attachment":[{"href":"https:\/\/www.inet.edu.ar\/index.php\/wp-json\/wp\/v2\/media?parent=16761"}],"wp:term":[{"taxonomy":"category","embeddable":true,"href":"https:\/\/www.inet.edu.ar\/index.php\/wp-json\/wp\/v2\/categories?post=16761"},{"taxonomy":"post_tag","embeddable":true,"href":"https:\/\/www.inet.edu.ar\/index.php\/wp-json\/wp\/v2\/tags?post=16761"}],"curies":[{"name":"wp","href":"https:\/\/api.w.org\/{rel}","templated":true}]}}