{"id":16813,"date":"2016-10-27T18:28:26","date_gmt":"2016-10-27T21:28:26","guid":{"rendered":"https:\/\/www.inet.edu.ar\/?p=16813"},"modified":"2016-11-15T16:07:37","modified_gmt":"2016-11-15T19:07:37","slug":"tecnicamente-acto-de-cierre-y-anuncio-de-financiamiento-de-proyectos","status":"publish","type":"post","link":"https:\/\/www.inet.edu.ar\/index.php\/tecnicamente-acto-de-cierre-y-anuncio-de-financiamiento-de-proyectos\/","title":{"rendered":"T\u00e9cnicaMente: Acto de cierre y anuncio de financiamiento de proyectos"},"content":{"rendered":"<p>Ciudad de Salta<\/p>\n<p>En la tarde de hoy se llev\u00f3 a cabo el acto de cierre del encuentro de escuelas t\u00e9cnicas \u00abT\u00e9cnicaMente\u00bb -instancia Final, que tuvo una participaci\u00f3n de\u00a0alrededor de 1800 alumnos, docentes y directivos de todo el pa\u00eds.<\/p>\n<p>Encabezaron el acto el director nacional de Formaci\u00f3n Profesional, Fabi\u00e1n Prieto; la secretaria de Gesti\u00f3n Educativa de Salta, Sandra P\u00edcolo; el director de Educaci\u00f3n Agraria de Provincia de Buenos Aires, Oscar Bernal; y el referente t\u00e9cnico pol\u00edtico de la provincia anfitriona, Diego L\u00f3pez Morillo.<\/p>\n<p>El director nacional de Formaci\u00f3n Profesional felicit\u00f3 a los alumnos, docentes y directivos por la calidad de los proyectos, por el compromiso y el entusiasmo que manifestaron durante toda la semana que dur\u00f3 el encuentro.\u00a0Adem\u00e1s, anunci\u00f3 que con el objetivo de impulsar el esp\u00edritu emprendedor entre los j\u00f3venes de la Educaci\u00f3n T\u00e9cnico Profesional (ETP), el Ministerio de Educaci\u00f3n y Deportes de la Naci\u00f3n, a trav\u00e9s del INET, financiar\u00e1 un\u00a0proyecto por jurisdicci\u00f3n. Desde el INET queremos que los alumnos de\u00a0las escuelas t\u00e9cnicas, de los centros de Formaci\u00f3n Profesional, de los institutos Superiores T\u00e9cnicos sigan pensando y creando proyectos que tengan potencial de ser \u00a0sostenibles en el tiempo,\u00a0<em>\u00abque\u00a0<\/em><em>busquen solucionar problem\u00e1ticas reales y concretas de la sociedad, y que muchos de esos proyectos se transformen en econ\u00f3micamente viables y que permitan la creaci\u00f3n de nuevos puestos de trabajo\u00bb,\u00a0<\/em>finaliz\u00f3 Prieto en medio de una ovaci\u00f3n de aplausos.<\/p>\n<p>T\u00e9cnicaMente es el encuentro que convoca a estudiantes y docentes de escuelas Secundarias T\u00e9cnicas, institutos Superiores T\u00e9cnicos y centros de Formaci\u00f3n Profesional de todo el pa\u00eds a exhibir y compartir los proyectos, trabajos innovadores y experiencias realizados en sus instituciones.<\/p>\n<p>Est\u00e1 organizado por el Ministerio de Educaci\u00f3n y Deportes de la Naci\u00f3n, a trav\u00e9s del Instituto Nacional de Educaci\u00f3n Tecnol\u00f3gica (INET), junto a las 24 jurisdicciones educativas (todas las provincias y la Ciudad Aut\u00f3noma de Buenos Aires).<\/p>\n<p>Desde el mes de agosto, se realizaron seis Regionales con sede en C\u00f3rdoba, Chubut, Provincia de Buenos Aires, San Juan, Corrientes, y Santiago del Estero. Cada una recibi\u00f3 a equipos de estudiantes, docentes y directivos de Secundarios T\u00e9cnicos de otras jurisdicciones de la regi\u00f3n. Cada grupo expositor estuvo conformado por tres estudiantes, un docente y un integrante del equipo directivo de la instituci\u00f3n.<\/p>\n<p>Los trabajos de nivel Secundario T\u00e9cnico que se exhibieron en esta instancia fueron seleccionados, en los distintos regionales, por los propios estudiantes, sus docentes y directivos, junto a integrantes del Consejo Provincial de Educaci\u00f3n, Trabajo y Producci\u00f3n (CoPETyP) de la jurisdicci\u00f3n anfitriona. Para la votaci\u00f3n, se tuvo en cuenta el car\u00e1cter innovador del proyecto, la correspondencia con el perfil profesional de los estudiantes, el compromiso con la comunidad y\/o su relaci\u00f3n con el cuidado del medio ambiente. En esta instancia, se sumar\u00e1n algunos de Formaci\u00f3n Profesional, y de institutos Superiores T\u00e9cnicos de todas las jurisdicciones.<\/p>\n<p>Lo novedoso de este cuarto a\u00f1o del T\u00e9cnicamente es que, en forma simult\u00e1nea a la exposici\u00f3n, se realiz\u00f3 el Encuentro para Docentes de nivel Secundario \u201cExperiencias pedag\u00f3gicas innovadoras en el nivel medio de la ETP\u201d, en el que profesores de todas las jurisdicciones presentaron pr\u00e1cticas innovadoras consideradas relevantes y de inter\u00e9s para la comunidad educativa t\u00e9cnica y que contribuyan a fortalecer los procesos de inclusi\u00f3n, retenci\u00f3n y egreso de los estudiantes, as\u00ed como la mejora de los aprendizajes con calidad.<\/p>\n<p>El acto de apertura del encuentro\u00a0fue encabezado por el ministro de Educaci\u00f3n y Deportes, Esteban Bullrich; el gobernador de Salta,\u00a0Juan Manuel Urtubey; la ministra de Educaci\u00f3n, Ciencia y Tecnolog\u00eda de Salta, Anal\u00eda Berruezo; y el director ejecutivo del INET, Gabriel S\u00e1nchez Zinny; entre otras autoridades nacionales y provinciales.<\/p>\n<p>M\u00e1s informaci\u00f3n: <a href=\"https:\/\/www.inet.edu.ar\/index.php\/niveles-educativos\/educacion-secundaria-tecnica\/encuentros-educativos\/tecnicamente\/\">Encuentros Estudiantiles-T\u00e9cnicaMente<\/a><\/p>\n<p><strong>Noticias relacionadas<\/strong><\/p>\n<p><a href=\"https:\/\/www.inet.edu.ar\/index.php\/inauguramos-oficialmente-el-encuentro-tecnicamente-en-salta-junto-al-ministro-bullrich\/\">\u00abInauguramos oficialmente el encuentro T\u00e9cnicaMente en Salta junto al ministro Bullrich\u00bb<\/a><\/p>\n<p><strong>Galer\u00eda de im\u00e1genes<\/strong><\/p>\n\n\t\t<style type=\"text\/css\">\n\t\t\t#gallery-1 {\n\t\t\t\tmargin: auto;\n\t\t\t}\n\t\t\t#gallery-1 .gallery-item {\n\t\t\t\tfloat: left;\n\t\t\t\tmargin-top: 10px;\n\t\t\t\ttext-align: center;\n\t\t\t\twidth: 33%;\n\t\t\t}\n\t\t\t#gallery-1 img {\n\t\t\t\tborder: 2px solid #cfcfcf;\n\t\t\t}\n\t\t\t#gallery-1 .gallery-caption {\n\t\t\t\tmargin-left: 0;\n\t\t\t}\n\t\t\t\/* see gallery_shortcode() in wp-includes\/media.php *\/\n\t\t<\/style>\n\t\t<div id='gallery-1' class='gallery galleryid-16813 gallery-columns-3 gallery-size-medium'><dl class='gallery-item'>\n\t\t\t<dt class='gallery-icon landscape'>\n\t\t\t\t<a href='https:\/\/www.inet.edu.ar\/index.php\/tecnicamente-acto-de-cierre-y-anuncio-de-financiamiento-de-proyectos\/actosalta-1\/#main'><img loading=\"lazy\" decoding=\"async\" width=\"240\" height=\"160\" src=\"https:\/\/www.inet.edu.ar\/wp-content\/uploads\/2016\/10\/ActoSALTA-1-240x160.jpg\" class=\"attachment-medium size-medium\" alt=\"\" srcset=\"https:\/\/www.inet.edu.ar\/wp-content\/uploads\/2016\/10\/ActoSALTA-1-240x160.jpg 240w, https:\/\/www.inet.edu.ar\/wp-content\/uploads\/2016\/10\/ActoSALTA-1-150x100.jpg 150w, https:\/\/www.inet.edu.ar\/wp-content\/uploads\/2016\/10\/ActoSALTA-1-768x512.jpg 768w, https:\/\/www.inet.edu.ar\/wp-content\/uploads\/2016\/10\/ActoSALTA-1-468x312.jpg 468w, https:\/\/www.inet.edu.ar\/wp-content\/uploads\/2016\/10\/ActoSALTA-1.jpg 1300w\" sizes=\"auto, (max-width: 240px) 100vw, 240px\" \/><\/a>\n\t\t\t<\/dt><\/dl><dl class='gallery-item'>\n\t\t\t<dt class='gallery-icon landscape'>\n\t\t\t\t<a href='https:\/\/www.inet.edu.ar\/index.php\/tecnicamente-acto-de-cierre-y-anuncio-de-financiamiento-de-proyectos\/actosalta-2\/#main'><img loading=\"lazy\" decoding=\"async\" width=\"240\" height=\"160\" src=\"https:\/\/www.inet.edu.ar\/wp-content\/uploads\/2016\/10\/ActoSALTA-2-240x160.jpg\" class=\"attachment-medium size-medium\" alt=\"\" srcset=\"https:\/\/www.inet.edu.ar\/wp-content\/uploads\/2016\/10\/ActoSALTA-2-240x160.jpg 240w, https:\/\/www.inet.edu.ar\/wp-content\/uploads\/2016\/10\/ActoSALTA-2-150x100.jpg 150w, https:\/\/www.inet.edu.ar\/wp-content\/uploads\/2016\/10\/ActoSALTA-2-768x512.jpg 768w, https:\/\/www.inet.edu.ar\/wp-content\/uploads\/2016\/10\/ActoSALTA-2-468x312.jpg 468w, https:\/\/www.inet.edu.ar\/wp-content\/uploads\/2016\/10\/ActoSALTA-2.jpg 1200w\" sizes=\"auto, (max-width: 240px) 100vw, 240px\" \/><\/a>\n\t\t\t<\/dt><\/dl><dl class='gallery-item'>\n\t\t\t<dt class='gallery-icon landscape'>\n\t\t\t\t<a href='https:\/\/www.inet.edu.ar\/index.php\/tecnicamente-acto-de-cierre-y-anuncio-de-financiamiento-de-proyectos\/actosalta-3\/#main'><img loading=\"lazy\" decoding=\"async\" width=\"240\" height=\"160\" src=\"https:\/\/www.inet.edu.ar\/wp-content\/uploads\/2016\/10\/ActoSALTA-3-240x160.jpg\" class=\"attachment-medium size-medium\" alt=\"\" srcset=\"https:\/\/www.inet.edu.ar\/wp-content\/uploads\/2016\/10\/ActoSALTA-3-240x160.jpg 240w, https:\/\/www.inet.edu.ar\/wp-content\/uploads\/2016\/10\/ActoSALTA-3-150x100.jpg 150w, https:\/\/www.inet.edu.ar\/wp-content\/uploads\/2016\/10\/ActoSALTA-3-768x512.jpg 768w, https:\/\/www.inet.edu.ar\/wp-content\/uploads\/2016\/10\/ActoSALTA-3-468x312.jpg 468w, https:\/\/www.inet.edu.ar\/wp-content\/uploads\/2016\/10\/ActoSALTA-3.jpg 1300w\" sizes=\"auto, (max-width: 240px) 100vw, 240px\" \/><\/a>\n\t\t\t<\/dt><\/dl><br style=\"clear: both\" \/><dl class='gallery-item'>\n\t\t\t<dt class='gallery-icon landscape'>\n\t\t\t\t<a href='https:\/\/www.inet.edu.ar\/index.php\/tecnicamente-acto-de-cierre-y-anuncio-de-financiamiento-de-proyectos\/actosalta-4\/#main'><img loading=\"lazy\" decoding=\"async\" width=\"240\" height=\"160\" src=\"https:\/\/www.inet.edu.ar\/wp-content\/uploads\/2016\/10\/ActoSALTA-4-240x160.jpg\" class=\"attachment-medium size-medium\" alt=\"\" srcset=\"https:\/\/www.inet.edu.ar\/wp-content\/uploads\/2016\/10\/ActoSALTA-4-240x160.jpg 240w, https:\/\/www.inet.edu.ar\/wp-content\/uploads\/2016\/10\/ActoSALTA-4-150x100.jpg 150w, https:\/\/www.inet.edu.ar\/wp-content\/uploads\/2016\/10\/ActoSALTA-4-768x512.jpg 768w, https:\/\/www.inet.edu.ar\/wp-content\/uploads\/2016\/10\/ActoSALTA-4-468x312.jpg 468w, https:\/\/www.inet.edu.ar\/wp-content\/uploads\/2016\/10\/ActoSALTA-4.jpg 1200w\" sizes=\"auto, (max-width: 240px) 100vw, 240px\" \/><\/a>\n\t\t\t<\/dt><\/dl><dl class='gallery-item'>\n\t\t\t<dt class='gallery-icon landscape'>\n\t\t\t\t<a href='https:\/\/www.inet.edu.ar\/index.php\/tecnicamente-acto-de-cierre-y-anuncio-de-financiamiento-de-proyectos\/actosalta-5\/#main'><img loading=\"lazy\" decoding=\"async\" width=\"240\" height=\"160\" src=\"https:\/\/www.inet.edu.ar\/wp-content\/uploads\/2016\/10\/ActoSALTA-5-240x160.jpg\" class=\"attachment-medium size-medium\" alt=\"\" srcset=\"https:\/\/www.inet.edu.ar\/wp-content\/uploads\/2016\/10\/ActoSALTA-5-240x160.jpg 240w, https:\/\/www.inet.edu.ar\/wp-content\/uploads\/2016\/10\/ActoSALTA-5-150x100.jpg 150w, https:\/\/www.inet.edu.ar\/wp-content\/uploads\/2016\/10\/ActoSALTA-5-768x512.jpg 768w, https:\/\/www.inet.edu.ar\/wp-content\/uploads\/2016\/10\/ActoSALTA-5-468x312.jpg 468w, https:\/\/www.inet.edu.ar\/wp-content\/uploads\/2016\/10\/ActoSALTA-5.jpg 1200w\" sizes=\"auto, (max-width: 240px) 100vw, 240px\" \/><\/a>\n\t\t\t<\/dt><\/dl><dl class='gallery-item'>\n\t\t\t<dt class='gallery-icon landscape'>\n\t\t\t\t<a href='https:\/\/www.inet.edu.ar\/index.php\/tecnicamente-acto-de-cierre-y-anuncio-de-financiamiento-de-proyectos\/actosalta-6\/#main'><img loading=\"lazy\" decoding=\"async\" width=\"240\" height=\"160\" src=\"https:\/\/www.inet.edu.ar\/wp-content\/uploads\/2016\/10\/ActoSALTA-6-240x160.jpg\" class=\"attachment-medium size-medium\" alt=\"\" srcset=\"https:\/\/www.inet.edu.ar\/wp-content\/uploads\/2016\/10\/ActoSALTA-6-240x160.jpg 240w, https:\/\/www.inet.edu.ar\/wp-content\/uploads\/2016\/10\/ActoSALTA-6-150x100.jpg 150w, https:\/\/www.inet.edu.ar\/wp-content\/uploads\/2016\/10\/ActoSALTA-6-768x512.jpg 768w, https:\/\/www.inet.edu.ar\/wp-content\/uploads\/2016\/10\/ActoSALTA-6-468x312.jpg 468w, https:\/\/www.inet.edu.ar\/wp-content\/uploads\/2016\/10\/ActoSALTA-6.jpg 1200w\" sizes=\"auto, (max-width: 240px) 100vw, 240px\" \/><\/a>\n\t\t\t<\/dt><\/dl><br style=\"clear: both\" \/><dl class='gallery-item'>\n\t\t\t<dt class='gallery-icon landscape'>\n\t\t\t\t<a href='https:\/\/www.inet.edu.ar\/index.php\/tecnicamente-acto-de-cierre-y-anuncio-de-financiamiento-de-proyectos\/actosalta-7-2\/#main'><img loading=\"lazy\" decoding=\"async\" width=\"240\" height=\"160\" src=\"https:\/\/www.inet.edu.ar\/wp-content\/uploads\/2016\/10\/ActoSALTA-7-1-240x160.jpg\" class=\"attachment-medium size-medium\" alt=\"\" srcset=\"https:\/\/www.inet.edu.ar\/wp-content\/uploads\/2016\/10\/ActoSALTA-7-1-240x160.jpg 240w, https:\/\/www.inet.edu.ar\/wp-content\/uploads\/2016\/10\/ActoSALTA-7-1-150x100.jpg 150w, https:\/\/www.inet.edu.ar\/wp-content\/uploads\/2016\/10\/ActoSALTA-7-1-768x512.jpg 768w, https:\/\/www.inet.edu.ar\/wp-content\/uploads\/2016\/10\/ActoSALTA-7-1-468x312.jpg 468w, https:\/\/www.inet.edu.ar\/wp-content\/uploads\/2016\/10\/ActoSALTA-7-1.jpg 1200w\" sizes=\"auto, (max-width: 240px) 100vw, 240px\" \/><\/a>\n\t\t\t<\/dt><\/dl><dl class='gallery-item'>\n\t\t\t<dt class='gallery-icon landscape'>\n\t\t\t\t<a href='https:\/\/www.inet.edu.ar\/index.php\/tecnicamente-acto-de-cierre-y-anuncio-de-financiamiento-de-proyectos\/actosalta-8\/#main'><img loading=\"lazy\" decoding=\"async\" width=\"240\" height=\"160\" src=\"https:\/\/www.inet.edu.ar\/wp-content\/uploads\/2016\/10\/ActoSALTA-8-240x160.jpg\" class=\"attachment-medium size-medium\" alt=\"\" srcset=\"https:\/\/www.inet.edu.ar\/wp-content\/uploads\/2016\/10\/ActoSALTA-8-240x160.jpg 240w, https:\/\/www.inet.edu.ar\/wp-content\/uploads\/2016\/10\/ActoSALTA-8-150x100.jpg 150w, https:\/\/www.inet.edu.ar\/wp-content\/uploads\/2016\/10\/ActoSALTA-8-768x512.jpg 768w, https:\/\/www.inet.edu.ar\/wp-content\/uploads\/2016\/10\/ActoSALTA-8-468x312.jpg 468w, https:\/\/www.inet.edu.ar\/wp-content\/uploads\/2016\/10\/ActoSALTA-8.jpg 1200w\" sizes=\"auto, (max-width: 240px) 100vw, 240px\" \/><\/a>\n\t\t\t<\/dt><\/dl><dl class='gallery-item'>\n\t\t\t<dt class='gallery-icon landscape'>\n\t\t\t\t<a href='https:\/\/www.inet.edu.ar\/index.php\/tecnicamente-acto-de-cierre-y-anuncio-de-financiamiento-de-proyectos\/actosalta-9\/#main'><img loading=\"lazy\" decoding=\"async\" width=\"240\" height=\"160\" src=\"https:\/\/www.inet.edu.ar\/wp-content\/uploads\/2016\/10\/ActoSALTA-9-240x160.jpg\" class=\"attachment-medium size-medium\" alt=\"\" srcset=\"https:\/\/www.inet.edu.ar\/wp-content\/uploads\/2016\/10\/ActoSALTA-9-240x160.jpg 240w, https:\/\/www.inet.edu.ar\/wp-content\/uploads\/2016\/10\/ActoSALTA-9-150x100.jpg 150w, https:\/\/www.inet.edu.ar\/wp-content\/uploads\/2016\/10\/ActoSALTA-9-768x512.jpg 768w, https:\/\/www.inet.edu.ar\/wp-content\/uploads\/2016\/10\/ActoSALTA-9-468x312.jpg 468w, https:\/\/www.inet.edu.ar\/wp-content\/uploads\/2016\/10\/ActoSALTA-9.jpg 1300w\" sizes=\"auto, (max-width: 240px) 100vw, 240px\" \/><\/a>\n\t\t\t<\/dt><\/dl><br style=\"clear: both\" \/>\n\t\t<\/div>\n\n<p>&nbsp;<\/p>\n","protected":false},"excerpt":{"rendered":"<p>Ciudad de Salta En la tarde de hoy se llev\u00f3 a cabo el acto de cierre del encuentro de escuelas t\u00e9cnicas \u00abT\u00e9cnicaMente\u00bb -instancia Final, que tuvo una participaci\u00f3n de\u00a0alrededor de 1800 alumnos, docentes y directivos de todo el pa\u00eds. Encabezaron el acto el director nacional de Formaci\u00f3n Profesional, Fabi\u00e1n Prieto; la secretaria de Gesti\u00f3n Educativa [&hellip;]<\/p>\n","protected":false},"author":7,"featured_media":16816,"comment_status":"closed","ping_status":"open","sticky":false,"template":"","format":"standard","meta":{"footnotes":""},"categories":[1,14],"tags":[175],"class_list":["post-16813","post","type-post","status-publish","format-standard","has-post-thumbnail","hentry","category-noticias","category-noticias-fijas","tag-tecnicamente"],"_links":{"self":[{"href":"https:\/\/www.inet.edu.ar\/index.php\/wp-json\/wp\/v2\/posts\/16813","targetHints":{"allow":["GET"]}}],"collection":[{"href":"https:\/\/www.inet.edu.ar\/index.php\/wp-json\/wp\/v2\/posts"}],"about":[{"href":"https:\/\/www.inet.edu.ar\/index.php\/wp-json\/wp\/v2\/types\/post"}],"author":[{"embeddable":true,"href":"https:\/\/www.inet.edu.ar\/index.php\/wp-json\/wp\/v2\/users\/7"}],"replies":[{"embeddable":true,"href":"https:\/\/www.inet.edu.ar\/index.php\/wp-json\/wp\/v2\/comments?post=16813"}],"version-history":[{"count":3,"href":"https:\/\/www.inet.edu.ar\/index.php\/wp-json\/wp\/v2\/posts\/16813\/revisions"}],"predecessor-version":[{"id":16827,"href":"https:\/\/www.inet.edu.ar\/index.php\/wp-json\/wp\/v2\/posts\/16813\/revisions\/16827"}],"wp:featuredmedia":[{"embeddable":true,"href":"https:\/\/www.inet.edu.ar\/index.php\/wp-json\/wp\/v2\/media\/16816"}],"wp:attachment":[{"href":"https:\/\/www.inet.edu.ar\/index.php\/wp-json\/wp\/v2\/media?parent=16813"}],"wp:term":[{"taxonomy":"category","embeddable":true,"href":"https:\/\/www.inet.edu.ar\/index.php\/wp-json\/wp\/v2\/categories?post=16813"},{"taxonomy":"post_tag","embeddable":true,"href":"https:\/\/www.inet.edu.ar\/index.php\/wp-json\/wp\/v2\/tags?post=16813"}],"curies":[{"name":"wp","href":"https:\/\/api.w.org\/{rel}","templated":true}]}}