{"id":17030,"date":"2016-11-03T15:54:40","date_gmt":"2016-11-03T18:54:40","guid":{"rendered":"https:\/\/www.inet.edu.ar\/?p=17030"},"modified":"2016-11-03T16:00:12","modified_gmt":"2016-11-03T19:00:12","slug":"alumnos-de-escuela-tecnica-de-la-rioja-disenan-un-termotanque-solar","status":"publish","type":"post","link":"https:\/\/www.inet.edu.ar\/index.php\/alumnos-de-escuela-tecnica-de-la-rioja-disenan-un-termotanque-solar\/","title":{"rendered":"Alumnos de escuela t\u00e9cnica de La Rioja dise\u00f1an un termotanque solar"},"content":{"rendered":"<p>Chepes, Rosario Vera Pe\u00f1aloza<\/p>\n<p>Alumnos de la Escuela Provincial de Educaci\u00f3n T\u00e9cnica (E.P.E.T.) N\u00b0 01 de Chepes\u00a0dise\u00f1aron y construyeron un\u00a0calentador de uso dom\u00e9stico que utiliza el calor del sol para calentar el agua. Puede utilizarse en zonas rurales y urbanas. Este desarrollo tecnol\u00f3gico promueve el cuidado del medio ambiente fomentando la construcci\u00f3n de casas auto sustentables.<\/p>\n<p>El proyecto \u00abTermotanque Solar Ecol\u00f3gico\u00bb fue presentado en la muestra T\u00e9cnicaMente que se realiz\u00f3 en Salta donde los alumnos de Electromec\u00e1nica Eduardo Arnold,\u00a0Rosana Arnold\u00a0y\u00a0Nicolasa del Valle Iba\u00f1ez, acompa\u00f1ados por los docentes\u00a0Luis Bustos y Mar\u00eda del Carmen Llanos, explicaron el proyecto a autoridades educativas nacionales y provinciales, y al p\u00fablico visitante.<\/p>\n<p>La\u00a0E.P.E.T. N\u00b0 01 ofrece dos Tecnicaturas de nivel Secundario:\u00a0<em>Maestro Mayor de Obras<\/em> y\u00a0<em>T\u00e9cnico en Equipos e Instalaciones Electromec\u00e1nicas<\/em>.<\/p>\n<p>&nbsp;<\/p>\n<p><strong>Noticias relacionadas<\/strong><\/p>\n<p><a href=\"https:\/\/www.inet.edu.ar\/index.php\/encuentro-de-estudiantes-de-educacion-tecnico-profesional-de-todo-el-pais-tecnicamente-instancia-final\/\">Encuentro de Estudiantes de Educaci\u00f3n T\u00e9cnico Profesional de todo el pa\u00eds: \u201cT\u00e9cnicaMente\u201d \u2013instancia Final<\/a><\/p>\n<p>&nbsp;<\/p>\n<p><a href=\"https:\/\/www.inet.edu.ar\/wp-content\/uploads\/2016\/11\/termotanque-solar-ecologico.jpg\"><img loading=\"lazy\" decoding=\"async\" class=\"aligncenter wp-image-17032 size-large\" src=\"https:\/\/www.inet.edu.ar\/wp-content\/uploads\/2016\/11\/termotanque-solar-ecologico-468x312.jpg\" alt=\"Alumnos de escuela t\u00e9cnica de La Rioja dise\u00f1an un termotanque solar\" width=\"468\" height=\"312\" srcset=\"https:\/\/www.inet.edu.ar\/wp-content\/uploads\/2016\/11\/termotanque-solar-ecologico-468x312.jpg 468w, https:\/\/www.inet.edu.ar\/wp-content\/uploads\/2016\/11\/termotanque-solar-ecologico-150x100.jpg 150w, https:\/\/www.inet.edu.ar\/wp-content\/uploads\/2016\/11\/termotanque-solar-ecologico-240x160.jpg 240w, https:\/\/www.inet.edu.ar\/wp-content\/uploads\/2016\/11\/termotanque-solar-ecologico-768x512.jpg 768w\" sizes=\"auto, (max-width: 468px) 100vw, 468px\" \/><\/a><\/p>\n<p>&nbsp;<\/p>\n","protected":false},"excerpt":{"rendered":"<p>Chepes, Rosario Vera Pe\u00f1aloza Alumnos de la Escuela Provincial de Educaci\u00f3n T\u00e9cnica (E.P.E.T.) N\u00b0 01 de Chepes\u00a0dise\u00f1aron y construyeron un\u00a0calentador de uso dom\u00e9stico que utiliza el calor del sol para calentar el agua. Puede utilizarse en zonas rurales y urbanas. Este desarrollo tecnol\u00f3gico promueve el cuidado del medio ambiente fomentando la construcci\u00f3n de casas auto [&hellip;]<\/p>\n","protected":false},"author":7,"featured_media":17032,"comment_status":"closed","ping_status":"open","sticky":false,"template":"","format":"standard","meta":{"footnotes":""},"categories":[1,14],"tags":[193,184,175],"class_list":["post-17030","post","type-post","status-publish","format-standard","has-post-thumbnail","hentry","category-noticias","category-noticias-fijas","tag-cuidado-del-medioambiente","tag-educacion-y-tecnologia","tag-tecnicamente"],"_links":{"self":[{"href":"https:\/\/www.inet.edu.ar\/index.php\/wp-json\/wp\/v2\/posts\/17030","targetHints":{"allow":["GET"]}}],"collection":[{"href":"https:\/\/www.inet.edu.ar\/index.php\/wp-json\/wp\/v2\/posts"}],"about":[{"href":"https:\/\/www.inet.edu.ar\/index.php\/wp-json\/wp\/v2\/types\/post"}],"author":[{"embeddable":true,"href":"https:\/\/www.inet.edu.ar\/index.php\/wp-json\/wp\/v2\/users\/7"}],"replies":[{"embeddable":true,"href":"https:\/\/www.inet.edu.ar\/index.php\/wp-json\/wp\/v2\/comments?post=17030"}],"version-history":[{"count":6,"href":"https:\/\/www.inet.edu.ar\/index.php\/wp-json\/wp\/v2\/posts\/17030\/revisions"}],"predecessor-version":[{"id":17037,"href":"https:\/\/www.inet.edu.ar\/index.php\/wp-json\/wp\/v2\/posts\/17030\/revisions\/17037"}],"wp:featuredmedia":[{"embeddable":true,"href":"https:\/\/www.inet.edu.ar\/index.php\/wp-json\/wp\/v2\/media\/17032"}],"wp:attachment":[{"href":"https:\/\/www.inet.edu.ar\/index.php\/wp-json\/wp\/v2\/media?parent=17030"}],"wp:term":[{"taxonomy":"category","embeddable":true,"href":"https:\/\/www.inet.edu.ar\/index.php\/wp-json\/wp\/v2\/categories?post=17030"},{"taxonomy":"post_tag","embeddable":true,"href":"https:\/\/www.inet.edu.ar\/index.php\/wp-json\/wp\/v2\/tags?post=17030"}],"curies":[{"name":"wp","href":"https:\/\/api.w.org\/{rel}","templated":true}]}}