{"id":17110,"date":"2016-11-08T15:03:44","date_gmt":"2016-11-08T18:03:44","guid":{"rendered":"https:\/\/www.inet.edu.ar\/?p=17110"},"modified":"2016-11-08T15:03:44","modified_gmt":"2016-11-08T18:03:44","slug":"jornada-sobre-inclusion-y-discapacidad-en-la-etp-en-mendoza","status":"publish","type":"post","link":"https:\/\/www.inet.edu.ar\/index.php\/jornada-sobre-inclusion-y-discapacidad-en-la-etp-en-mendoza\/","title":{"rendered":"Jornada sobre inclusi\u00f3n y discapacidad en la ETP en Mendoza"},"content":{"rendered":"<p>Presentamos ayer el \u201cPrograma Nacional para la Inclusi\u00f3n de J\u00f3venes y Adultos con Discapacidad en la Educaci\u00f3n T\u00e9cnico Profesional\u201d en la provincia de Mendoza. El prop\u00f3sito de la jornada fue impulsar la articulaci\u00f3n entre Educaci\u00f3n Especial y ETP\u00a0para potenciar la inclusi\u00f3n de estudiantes con discapacidad en instituciones t\u00e9cnicas\u00a0de manera de incrementar sus posibilidades de incorporaci\u00f3n al mundo del trabajo. El evento\u00a0estuvo a cargo del representante del INET, Carlos Caputo.<\/p>\n<p>Participaron equipos directivos de establecimientos de ETP (escuelas t\u00e9cnicas y centros de Capacitaci\u00f3n para el trabajo (CCT), de instituciones de Educaci\u00f3n Especial, y de Escuelas de Formaci\u00f3n Integral (EFI).<\/p>\n<p>Se trabaj\u00f3 acerca del modelo social de la discapacidad y los derechos de los j\u00f3venes; de la importancia de generar las condiciones para la inclusi\u00f3n; y del valor que representan los procesos de inclusi\u00f3n tanto para las personas con discapacidad como para su entorno laboral -de manera de que las familias y las empresas tambi\u00e9n comiencen a promover la Educaci\u00f3n para el Trabajo con inclusi\u00f3n.<\/p>\n<p>La apertura del encuentro estuvo a cargo de la subsecretaria de Gesti\u00f3n Educativa de la Direcci\u00f3n General de Escuelas, M\u00f3nica Coronado; la directora de Educaci\u00f3n Especial, Susana Yelachich; y el subdirector de Educaci\u00f3n T\u00e9cnica y Trabajo, Omar Gaia.<\/p>\n<p><strong>Noticias relacionadas<\/strong><\/p>\n<p><a href=\"http:\/\/www.mendoza.edu.ar\/?p=25629\">\u00abLa Educaci\u00f3n T\u00e9cnica se compromete con la inclusi\u00f3n\u00bb- sitio web\u00a0Direcci\u00f3n General de Escuelas de Mendoza<\/a><\/p>\n<p><strong>Galer\u00eda de im\u00e1genes<\/strong><\/p>\n\n\t\t<style type=\"text\/css\">\n\t\t\t#gallery-1 {\n\t\t\t\tmargin: auto;\n\t\t\t}\n\t\t\t#gallery-1 .gallery-item {\n\t\t\t\tfloat: left;\n\t\t\t\tmargin-top: 10px;\n\t\t\t\ttext-align: center;\n\t\t\t\twidth: 50%;\n\t\t\t}\n\t\t\t#gallery-1 img {\n\t\t\t\tborder: 2px solid #cfcfcf;\n\t\t\t}\n\t\t\t#gallery-1 .gallery-caption {\n\t\t\t\tmargin-left: 0;\n\t\t\t}\n\t\t\t\/* see gallery_shortcode() in wp-includes\/media.php *\/\n\t\t<\/style>\n\t\t<div id='gallery-1' class='gallery galleryid-17110 gallery-columns-2 gallery-size-medium'><dl class='gallery-item'>\n\t\t\t<dt class='gallery-icon landscape'>\n\t\t\t\t<a href='https:\/\/www.inet.edu.ar\/index.php\/jornada-sobre-inclusion-y-discapacidad-en-la-etp-en-mendoza\/programa-nacional\/#main'><img loading=\"lazy\" decoding=\"async\" width=\"240\" height=\"135\" src=\"https:\/\/www.inet.edu.ar\/wp-content\/uploads\/2016\/11\/programa-nacional-240x135.jpg\" class=\"attachment-medium size-medium\" alt=\"\" srcset=\"https:\/\/www.inet.edu.ar\/wp-content\/uploads\/2016\/11\/programa-nacional-240x135.jpg 240w, https:\/\/www.inet.edu.ar\/wp-content\/uploads\/2016\/11\/programa-nacional-768x432.jpg 768w, https:\/\/www.inet.edu.ar\/wp-content\/uploads\/2016\/11\/programa-nacional-468x263.jpg 468w\" sizes=\"auto, (max-width: 240px) 100vw, 240px\" \/><\/a>\n\t\t\t<\/dt><\/dl><dl class='gallery-item'>\n\t\t\t<dt class='gallery-icon landscape'>\n\t\t\t\t<a href='https:\/\/www.inet.edu.ar\/index.php\/jornada-sobre-inclusion-y-discapacidad-en-la-etp-en-mendoza\/jornada-sobre-inclusion-y-discapacidad-en-la-etp-en-mendoza\/#main'><img loading=\"lazy\" decoding=\"async\" width=\"240\" height=\"135\" src=\"https:\/\/www.inet.edu.ar\/wp-content\/uploads\/2016\/11\/Jornada-sobre-inclusi\u00f3n-y-discapacidad-en-la-ETP-en-Mendoza-240x135.jpg\" class=\"attachment-medium size-medium\" alt=\"\" srcset=\"https:\/\/www.inet.edu.ar\/wp-content\/uploads\/2016\/11\/Jornada-sobre-inclusi\u00f3n-y-discapacidad-en-la-ETP-en-Mendoza-240x135.jpg 240w, https:\/\/www.inet.edu.ar\/wp-content\/uploads\/2016\/11\/Jornada-sobre-inclusi\u00f3n-y-discapacidad-en-la-ETP-en-Mendoza-768x432.jpg 768w, https:\/\/www.inet.edu.ar\/wp-content\/uploads\/2016\/11\/Jornada-sobre-inclusi\u00f3n-y-discapacidad-en-la-ETP-en-Mendoza-468x263.jpg 468w\" sizes=\"auto, (max-width: 240px) 100vw, 240px\" \/><\/a>\n\t\t\t<\/dt><\/dl><br style=\"clear: both\" \/>\n\t\t<\/div>\n\n<p>&nbsp;<\/p>\n","protected":false},"excerpt":{"rendered":"<p>Presentamos ayer el \u201cPrograma Nacional para la Inclusi\u00f3n de J\u00f3venes y Adultos con Discapacidad en la Educaci\u00f3n T\u00e9cnico Profesional\u201d en la provincia de Mendoza. El prop\u00f3sito de la jornada fue impulsar la articulaci\u00f3n entre Educaci\u00f3n Especial y ETP\u00a0para potenciar la inclusi\u00f3n de estudiantes con discapacidad en instituciones t\u00e9cnicas\u00a0de manera de incrementar sus posibilidades de incorporaci\u00f3n [&hellip;]<\/p>\n","protected":false},"author":7,"featured_media":17114,"comment_status":"closed","ping_status":"open","sticky":false,"template":"","format":"standard","meta":{"footnotes":""},"categories":[1,14],"tags":[179,195],"class_list":["post-17110","post","type-post","status-publish","format-standard","has-post-thumbnail","hentry","category-noticias","category-noticias-fijas","tag-educacion-e-inclusion","tag-educacion-para-el-trabajo-con-inclusion"],"_links":{"self":[{"href":"https:\/\/www.inet.edu.ar\/index.php\/wp-json\/wp\/v2\/posts\/17110","targetHints":{"allow":["GET"]}}],"collection":[{"href":"https:\/\/www.inet.edu.ar\/index.php\/wp-json\/wp\/v2\/posts"}],"about":[{"href":"https:\/\/www.inet.edu.ar\/index.php\/wp-json\/wp\/v2\/types\/post"}],"author":[{"embeddable":true,"href":"https:\/\/www.inet.edu.ar\/index.php\/wp-json\/wp\/v2\/users\/7"}],"replies":[{"embeddable":true,"href":"https:\/\/www.inet.edu.ar\/index.php\/wp-json\/wp\/v2\/comments?post=17110"}],"version-history":[{"count":5,"href":"https:\/\/www.inet.edu.ar\/index.php\/wp-json\/wp\/v2\/posts\/17110\/revisions"}],"predecessor-version":[{"id":17117,"href":"https:\/\/www.inet.edu.ar\/index.php\/wp-json\/wp\/v2\/posts\/17110\/revisions\/17117"}],"wp:featuredmedia":[{"embeddable":true,"href":"https:\/\/www.inet.edu.ar\/index.php\/wp-json\/wp\/v2\/media\/17114"}],"wp:attachment":[{"href":"https:\/\/www.inet.edu.ar\/index.php\/wp-json\/wp\/v2\/media?parent=17110"}],"wp:term":[{"taxonomy":"category","embeddable":true,"href":"https:\/\/www.inet.edu.ar\/index.php\/wp-json\/wp\/v2\/categories?post=17110"},{"taxonomy":"post_tag","embeddable":true,"href":"https:\/\/www.inet.edu.ar\/index.php\/wp-json\/wp\/v2\/tags?post=17110"}],"curies":[{"name":"wp","href":"https:\/\/api.w.org\/{rel}","templated":true}]}}