{"id":17118,"date":"2016-11-08T17:26:55","date_gmt":"2016-11-08T20:26:55","guid":{"rendered":"https:\/\/www.inet.edu.ar\/?p=17118"},"modified":"2016-11-08T17:26:55","modified_gmt":"2016-11-08T20:26:55","slug":"sector-aeronautico-reunion-multisectorial-para-discutir-perfiles-profesionales-de-pilotos","status":"publish","type":"post","link":"https:\/\/www.inet.edu.ar\/index.php\/sector-aeronautico-reunion-multisectorial-para-discutir-perfiles-profesionales-de-pilotos\/","title":{"rendered":"Sector Aeron\u00e1utico: reuni\u00f3n multisectorial para discutir perfiles profesionales de pilotos"},"content":{"rendered":"<p>CABA<\/p>\n<p>Se realiz\u00f3 hoy la primera Comisi\u00f3n T\u00e9cnica del Foro Aeron\u00e1utico, entre representantes de organismos de pilotos y equipo t\u00e9cnico del INET.\u00a0Encabez\u00f3 el evento el coordinador de nivel Superior T\u00e9cnico, Gustavo Peltzer.<\/p>\n<p>El objetivo de la reuni\u00f3n fue trabajar sobre los perfiles profesionales de pilotos y niveles superiores.<\/p>\n<p>Estuvieron presentes representantes del\u00a0<a href=\"https:\/\/www.google.com.ar\/url?sa=t&amp;rct=j&amp;q=&amp;esrc=s&amp;source=web&amp;cd=1&amp;cad=rja&amp;uact=8&amp;ved=0ahUKEwiwvZq2_pnQAhWCjZAKHSABDp4QFggYMAA&amp;url=http%3A%2F%2Fwww.transporte.gob.ar%2F&amp;usg=AFQjCNEVrKcF20B1HuRYmcg_NQEvFUpQ8g&amp;sig2=NqJMEbeS7XsFZg3iAf4BTA&amp;bvm=bv.138169073,d.Y2I\">Ministerio de Transporte de la Naci\u00f3n<\/a>, de <a href=\"https:\/\/www.google.com.ar\/url?sa=t&amp;rct=j&amp;q=&amp;esrc=s&amp;source=web&amp;cd=1&amp;cad=rja&amp;uact=8&amp;ved=0ahUKEwjgute9_pnQAhWGkZAKHTBWC3IQFgg8MAA&amp;url=http%3A%2F%2Fwww.aerolineas.com.ar%2Fes-ar&amp;usg=AFQjCNGxkfclCDdocvFwpfUybp_7bLL5SA&amp;sig2=RXF6b1pgCl9Cj3oWCWkjUA&amp;bvm=bv.138169073,d.Y2I\">Aerol\u00edneas Argentinas<\/a>, de la <a href=\"https:\/\/www.google.com.ar\/url?sa=t&amp;rct=j&amp;q=&amp;esrc=s&amp;source=web&amp;cd=1&amp;cad=rja&amp;uact=8&amp;ved=0ahUKEwjo8O3j-JnQAhWBEZAKHR2DCVIQFggZMAA&amp;url=http%3A%2F%2Fwww.anac.gov.ar%2F&amp;usg=AFQjCNEln0OeJ3Mwrhcr95uhA3ulIqPnyQ&amp;sig2=YL-pL6knX9b2rSSCmjBAtw&amp;bvm=bv.138169073,d.Y2I\">Administraci\u00f3n Nacional de Aviaci\u00f3n Civil (ANAC)<\/a>, del <a href=\"https:\/\/www.google.com.ar\/url?sa=t&amp;rct=j&amp;q=&amp;esrc=s&amp;source=web&amp;cd=1&amp;cad=rja&amp;uact=8&amp;ved=0ahUKEwjO1tH4-JnQAhVElZAKHf0yD6cQFggcMAA&amp;url=http%3A%2F%2Fcpiaye.org.ar%2Findex.htm&amp;usg=AFQjCNESYIHIlL0ImwEPNAZLDtm_Jg0lrw&amp;sig2=2st1FURR7IFYlgJPIrWHHQ&amp;bvm=bv.138169073,d.Y2I\">Consejo Profesional de Ingenier\u00eda Aeron\u00e1utica y Espacial (CEPIAyE)<\/a>, de <a href=\"https:\/\/www.google.com.ar\/url?sa=t&amp;rct=j&amp;q=&amp;esrc=s&amp;source=web&amp;cd=1&amp;cad=rja&amp;uact=8&amp;ved=0ahUKEwjt256f-ZnQAhVNl5AKHQpTA0wQFggYMAA&amp;url=http%3A%2F%2Fwww.inac.edu.ar%2F&amp;usg=AFQjCNFLpWTCpC7MhD-6AGWKkkwxu5f8_A&amp;sig2=6Kc5XVFwZP6UKpqWi4u4ag\">Instituto Nacional de Aviaci\u00f3n Civil (INAC)<\/a>, y de la <a href=\"https:\/\/www.google.com.ar\/url?sa=t&amp;rct=j&amp;q=&amp;esrc=s&amp;source=web&amp;cd=1&amp;cad=rja&amp;uact=8&amp;ved=0ahUKEwiE07bI-ZnQAhVIfpAKHVMqCG4QFggZMAA&amp;url=https%3A%2F%2Fwww.jiaac.gob.ar%2F&amp;usg=AFQjCNEjuAXsXvNqOlANtBuNFdZEmRCOsg&amp;sig2=rAc1HGtaHN4KBKX0ztrPHQ\">Junta de Investigaci\u00f3n de Accidentes de Aviaci\u00f3n Civil (JIAAC)<\/a>.<\/p>\n<p>Durante este mes, se realizar\u00e1n dos Comisiones T\u00e9cnicas m\u00e1s de este Foro: del Personal T\u00e9cnico, y del Personal de soporte en tierra.<\/p>\n<p>Con estas reuniones se busca seguir vinculando la Educaci\u00f3n T\u00e9cnico Profesional con la demanda socioproductiva del pa\u00eds.<\/p>\n<p>M\u00e1s informaci\u00f3n: <a href=\"https:\/\/www.inet.edu.ar\/index.php\/institucional\/conetyp\/\">Consejo Nacional de Educaci\u00f3n, Trabajo y Producci\u00f3n (CoNETyP)\u00a0<\/a><\/p>\n\n\t\t<style type=\"text\/css\">\n\t\t\t#gallery-1 {\n\t\t\t\tmargin: auto;\n\t\t\t}\n\t\t\t#gallery-1 .gallery-item {\n\t\t\t\tfloat: left;\n\t\t\t\tmargin-top: 10px;\n\t\t\t\ttext-align: center;\n\t\t\t\twidth: 100%;\n\t\t\t}\n\t\t\t#gallery-1 img {\n\t\t\t\tborder: 2px solid #cfcfcf;\n\t\t\t}\n\t\t\t#gallery-1 .gallery-caption {\n\t\t\t\tmargin-left: 0;\n\t\t\t}\n\t\t\t\/* see gallery_shortcode() in wp-includes\/media.php *\/\n\t\t<\/style>\n\t\t<div id='gallery-1' class='gallery galleryid-17118 gallery-columns-1 gallery-size-medium'><dl class='gallery-item'>\n\t\t\t<dt class='gallery-icon landscape'>\n\t\t\t\t<a href='https:\/\/www.inet.edu.ar\/index.php\/sector-aeronautico-reunion-multisectorial-para-discutir-perfiles-profesionales-de-pilotos\/com-tecnica-aeronautica\/#main'><img loading=\"lazy\" decoding=\"async\" width=\"240\" height=\"160\" src=\"https:\/\/www.inet.edu.ar\/wp-content\/uploads\/2016\/11\/com-tecnica-aeronautica-240x160.jpg\" class=\"attachment-medium size-medium\" alt=\"\" srcset=\"https:\/\/www.inet.edu.ar\/wp-content\/uploads\/2016\/11\/com-tecnica-aeronautica-240x160.jpg 240w, https:\/\/www.inet.edu.ar\/wp-content\/uploads\/2016\/11\/com-tecnica-aeronautica-150x100.jpg 150w, https:\/\/www.inet.edu.ar\/wp-content\/uploads\/2016\/11\/com-tecnica-aeronautica-768x512.jpg 768w, https:\/\/www.inet.edu.ar\/wp-content\/uploads\/2016\/11\/com-tecnica-aeronautica-468x312.jpg 468w\" sizes=\"auto, (max-width: 240px) 100vw, 240px\" \/><\/a>\n\t\t\t<\/dt><\/dl><br style=\"clear: both\" \/>\n\t\t<\/div>\n\n<p>&nbsp;<\/p>\n<p>&nbsp;<\/p>\n","protected":false},"excerpt":{"rendered":"<p>CABA Se realiz\u00f3 hoy la primera Comisi\u00f3n T\u00e9cnica del Foro Aeron\u00e1utico, entre representantes de organismos de pilotos y equipo t\u00e9cnico del INET.\u00a0Encabez\u00f3 el evento el coordinador de nivel Superior T\u00e9cnico, Gustavo Peltzer. El objetivo de la reuni\u00f3n fue trabajar sobre los perfiles profesionales de pilotos y niveles superiores. Estuvieron presentes representantes del\u00a0Ministerio de Transporte de [&hellip;]<\/p>\n","protected":false},"author":7,"featured_media":17122,"comment_status":"closed","ping_status":"open","sticky":false,"template":"","format":"standard","meta":{"footnotes":""},"categories":[1,14],"tags":[],"class_list":["post-17118","post","type-post","status-publish","format-standard","has-post-thumbnail","hentry","category-noticias","category-noticias-fijas"],"_links":{"self":[{"href":"https:\/\/www.inet.edu.ar\/index.php\/wp-json\/wp\/v2\/posts\/17118","targetHints":{"allow":["GET"]}}],"collection":[{"href":"https:\/\/www.inet.edu.ar\/index.php\/wp-json\/wp\/v2\/posts"}],"about":[{"href":"https:\/\/www.inet.edu.ar\/index.php\/wp-json\/wp\/v2\/types\/post"}],"author":[{"embeddable":true,"href":"https:\/\/www.inet.edu.ar\/index.php\/wp-json\/wp\/v2\/users\/7"}],"replies":[{"embeddable":true,"href":"https:\/\/www.inet.edu.ar\/index.php\/wp-json\/wp\/v2\/comments?post=17118"}],"version-history":[{"count":4,"href":"https:\/\/www.inet.edu.ar\/index.php\/wp-json\/wp\/v2\/posts\/17118\/revisions"}],"predecessor-version":[{"id":17123,"href":"https:\/\/www.inet.edu.ar\/index.php\/wp-json\/wp\/v2\/posts\/17118\/revisions\/17123"}],"wp:featuredmedia":[{"embeddable":true,"href":"https:\/\/www.inet.edu.ar\/index.php\/wp-json\/wp\/v2\/media\/17122"}],"wp:attachment":[{"href":"https:\/\/www.inet.edu.ar\/index.php\/wp-json\/wp\/v2\/media?parent=17118"}],"wp:term":[{"taxonomy":"category","embeddable":true,"href":"https:\/\/www.inet.edu.ar\/index.php\/wp-json\/wp\/v2\/categories?post=17118"},{"taxonomy":"post_tag","embeddable":true,"href":"https:\/\/www.inet.edu.ar\/index.php\/wp-json\/wp\/v2\/tags?post=17118"}],"curies":[{"name":"wp","href":"https:\/\/api.w.org\/{rel}","templated":true}]}}