{"id":17143,"date":"2016-11-10T18:39:27","date_gmt":"2016-11-10T21:39:27","guid":{"rendered":"https:\/\/www.inet.edu.ar\/?p=17143"},"modified":"2016-11-10T18:39:27","modified_gmt":"2016-11-10T21:39:27","slug":"premio-a-escuela-tecnica-por-su-gran-participacion-en-concurso-de-cuentos","status":"publish","type":"post","link":"https:\/\/www.inet.edu.ar\/index.php\/premio-a-escuela-tecnica-por-su-gran-participacion-en-concurso-de-cuentos\/","title":{"rendered":"Premio a escuela t\u00e9cnica por su gran participaci\u00f3n en concurso de cuentos"},"content":{"rendered":"<p>CABA<\/p>\n<p>Junto al director ejecutivo del INET, Gabriel S\u00e1nchez Zinny, participamos ayer de\u00a0de la entrega de premios de Ita\u00fa Cuento Digital. El evento tuvo lugar en la Sala Federal del CCK.<\/p>\n<p>La <a href=\"http:\/\/www.et6fernandofader.com.ar\/\">Escuela T\u00e9cnica N\u00b0 6 \u00abFernando Fader\u00bb <\/a>de la Ciudad Aut\u00f3noma de Buenos Aires obtuvo un reconocimiento especial por ser la escuela con m\u00e1s cuentos seleccionados en la categor\u00eda Sub 18.<\/p>\n<p><em>\u00abEsta oportunidad que le dan a los j\u00f3venes de participar con sus cuentos tiene mucho que ver con habilidades que estamos promoviendo desde el INET, como la inventiva, la iniciativa, la capacidad de estructurar un relato en este mundo cada vez m\u00e1s tecnol\u00f3gico. Creemos que el acercamiento a las humanidades tiene mucho que ver con las habilidades que tienen los j\u00f3venes de avanzar en su vida profesional,\u00bb<\/em> manifest\u00f3 el director.<\/p>\n<p>Encabezaron el evento el presidente de la Fundaci\u00f3n Ita\u00fa Argentina, Jos\u00e9 Pag\u00e9s, con la l\u00edder de proyectos educativos de la Fundaci\u00f3n,\u00a0Julieta Bentivenga.<\/p>\n<p>El Premio Ita\u00fa de Cuento Digital Editores fue lanzado por las Fundaciones Ita\u00fa de Argentina, Paraguay y Uruguay, y organizado por el Grupo Alejandr\u00eda y Rumbo Sur.<\/p>\n<p>Se dividi\u00f3 en dos categor\u00edas, Sub 18 y Escritores. \u00a0En esta oportunidad, se presentaron 1842 cuentos, de los cuales 432 correspondieron a alumnos de escuelas.<\/p>\n<p>Los cuentos premiados y mencionados ser\u00e1n publicados en una Antolog\u00eda Digital.<\/p>\n<p><strong>Noticias relacionadas<\/strong><\/p>\n<p><a href=\"http:\/\/www.fundacionitau.org.ar\/anuncio-de-premiados-y-finalistas-de-itau-cuento-digital-2016\/\">\u00abAnuncio de Premiados y Finalistas de Ita\u00fa Cuento Digital 2016\u00bb -sitio web Fundaci\u00f3n Ita\u00fa\u00a0<\/a><\/p>\n<p><strong>Galer\u00eda de im\u00e1genes<\/strong><\/p>\n\n\t\t<style type=\"text\/css\">\n\t\t\t#gallery-1 {\n\t\t\t\tmargin: auto;\n\t\t\t}\n\t\t\t#gallery-1 .gallery-item {\n\t\t\t\tfloat: left;\n\t\t\t\tmargin-top: 10px;\n\t\t\t\ttext-align: center;\n\t\t\t\twidth: 50%;\n\t\t\t}\n\t\t\t#gallery-1 img {\n\t\t\t\tborder: 2px solid #cfcfcf;\n\t\t\t}\n\t\t\t#gallery-1 .gallery-caption {\n\t\t\t\tmargin-left: 0;\n\t\t\t}\n\t\t\t\/* see gallery_shortcode() in wp-includes\/media.php *\/\n\t\t<\/style>\n\t\t<div id='gallery-1' class='gallery galleryid-17143 gallery-columns-2 gallery-size-medium'><dl class='gallery-item'>\n\t\t\t<dt class='gallery-icon landscape'>\n\t\t\t\t<a href='https:\/\/www.inet.edu.ar\/index.php\/premio-a-escuela-tecnica-por-su-gran-participacion-en-concurso-de-cuentos\/modificado\/#main'><img loading=\"lazy\" decoding=\"async\" width=\"240\" height=\"160\" src=\"https:\/\/www.inet.edu.ar\/wp-content\/uploads\/2016\/11\/modificado-240x160.jpg\" class=\"attachment-medium size-medium\" alt=\"\" srcset=\"https:\/\/www.inet.edu.ar\/wp-content\/uploads\/2016\/11\/modificado-240x160.jpg 240w, https:\/\/www.inet.edu.ar\/wp-content\/uploads\/2016\/11\/modificado-150x100.jpg 150w, https:\/\/www.inet.edu.ar\/wp-content\/uploads\/2016\/11\/modificado-768x512.jpg 768w, https:\/\/www.inet.edu.ar\/wp-content\/uploads\/2016\/11\/modificado-468x312.jpg 468w\" sizes=\"auto, (max-width: 240px) 100vw, 240px\" \/><\/a>\n\t\t\t<\/dt><\/dl><dl class='gallery-item'>\n\t\t\t<dt class='gallery-icon landscape'>\n\t\t\t\t<a href='https:\/\/www.inet.edu.ar\/index.php\/premio-a-escuela-tecnica-por-su-gran-participacion-en-concurso-de-cuentos\/modificada-3\/#main'><img loading=\"lazy\" decoding=\"async\" width=\"240\" height=\"160\" src=\"https:\/\/www.inet.edu.ar\/wp-content\/uploads\/2016\/11\/modificada-3-240x160.jpg\" class=\"attachment-medium size-medium\" alt=\"\" srcset=\"https:\/\/www.inet.edu.ar\/wp-content\/uploads\/2016\/11\/modificada-3-240x160.jpg 240w, https:\/\/www.inet.edu.ar\/wp-content\/uploads\/2016\/11\/modificada-3-150x100.jpg 150w, https:\/\/www.inet.edu.ar\/wp-content\/uploads\/2016\/11\/modificada-3-768x512.jpg 768w, https:\/\/www.inet.edu.ar\/wp-content\/uploads\/2016\/11\/modificada-3-468x312.jpg 468w\" sizes=\"auto, (max-width: 240px) 100vw, 240px\" \/><\/a>\n\t\t\t<\/dt><\/dl><br style=\"clear: both\" \/><dl class='gallery-item'>\n\t\t\t<dt class='gallery-icon landscape'>\n\t\t\t\t<a href='https:\/\/www.inet.edu.ar\/index.php\/premio-a-escuela-tecnica-por-su-gran-participacion-en-concurso-de-cuentos\/modificado-2\/#main'><img loading=\"lazy\" decoding=\"async\" width=\"240\" height=\"160\" src=\"https:\/\/www.inet.edu.ar\/wp-content\/uploads\/2016\/11\/modificado-2-240x160.jpg\" class=\"attachment-medium size-medium\" alt=\"\" srcset=\"https:\/\/www.inet.edu.ar\/wp-content\/uploads\/2016\/11\/modificado-2-240x160.jpg 240w, https:\/\/www.inet.edu.ar\/wp-content\/uploads\/2016\/11\/modificado-2-150x100.jpg 150w, https:\/\/www.inet.edu.ar\/wp-content\/uploads\/2016\/11\/modificado-2-768x512.jpg 768w, https:\/\/www.inet.edu.ar\/wp-content\/uploads\/2016\/11\/modificado-2-468x312.jpg 468w\" sizes=\"auto, (max-width: 240px) 100vw, 240px\" \/><\/a>\n\t\t\t<\/dt><\/dl><dl class='gallery-item'>\n\t\t\t<dt class='gallery-icon landscape'>\n\t\t\t\t<a href='https:\/\/www.inet.edu.ar\/index.php\/premio-a-escuela-tecnica-por-su-gran-participacion-en-concurso-de-cuentos\/wp_20161109_016\/#main'><img loading=\"lazy\" decoding=\"async\" width=\"240\" height=\"179\" src=\"https:\/\/www.inet.edu.ar\/wp-content\/uploads\/2016\/11\/WP_20161109_016-240x179.jpg\" class=\"attachment-medium size-medium\" alt=\"\" srcset=\"https:\/\/www.inet.edu.ar\/wp-content\/uploads\/2016\/11\/WP_20161109_016-240x179.jpg 240w, https:\/\/www.inet.edu.ar\/wp-content\/uploads\/2016\/11\/WP_20161109_016-768x574.jpg 768w, https:\/\/www.inet.edu.ar\/wp-content\/uploads\/2016\/11\/WP_20161109_016-468x350.jpg 468w\" sizes=\"auto, (max-width: 240px) 100vw, 240px\" \/><\/a>\n\t\t\t<\/dt><\/dl><br style=\"clear: both\" \/>\n\t\t<\/div>\n\n<p>&nbsp;<\/p>\n<p>&nbsp;<\/p>\n","protected":false},"excerpt":{"rendered":"<p>CABA Junto al director ejecutivo del INET, Gabriel S\u00e1nchez Zinny, participamos ayer de\u00a0de la entrega de premios de Ita\u00fa Cuento Digital. El evento tuvo lugar en la Sala Federal del CCK. La Escuela T\u00e9cnica N\u00b0 6 \u00abFernando Fader\u00bb de la Ciudad Aut\u00f3noma de Buenos Aires obtuvo un reconocimiento especial por ser la escuela con m\u00e1s [&hellip;]<\/p>\n","protected":false},"author":7,"featured_media":17146,"comment_status":"closed","ping_status":"open","sticky":false,"template":"","format":"standard","meta":{"footnotes":""},"categories":[1,14],"tags":[],"class_list":["post-17143","post","type-post","status-publish","format-standard","has-post-thumbnail","hentry","category-noticias","category-noticias-fijas"],"_links":{"self":[{"href":"https:\/\/www.inet.edu.ar\/index.php\/wp-json\/wp\/v2\/posts\/17143","targetHints":{"allow":["GET"]}}],"collection":[{"href":"https:\/\/www.inet.edu.ar\/index.php\/wp-json\/wp\/v2\/posts"}],"about":[{"href":"https:\/\/www.inet.edu.ar\/index.php\/wp-json\/wp\/v2\/types\/post"}],"author":[{"embeddable":true,"href":"https:\/\/www.inet.edu.ar\/index.php\/wp-json\/wp\/v2\/users\/7"}],"replies":[{"embeddable":true,"href":"https:\/\/www.inet.edu.ar\/index.php\/wp-json\/wp\/v2\/comments?post=17143"}],"version-history":[{"count":3,"href":"https:\/\/www.inet.edu.ar\/index.php\/wp-json\/wp\/v2\/posts\/17143\/revisions"}],"predecessor-version":[{"id":17150,"href":"https:\/\/www.inet.edu.ar\/index.php\/wp-json\/wp\/v2\/posts\/17143\/revisions\/17150"}],"wp:featuredmedia":[{"embeddable":true,"href":"https:\/\/www.inet.edu.ar\/index.php\/wp-json\/wp\/v2\/media\/17146"}],"wp:attachment":[{"href":"https:\/\/www.inet.edu.ar\/index.php\/wp-json\/wp\/v2\/media?parent=17143"}],"wp:term":[{"taxonomy":"category","embeddable":true,"href":"https:\/\/www.inet.edu.ar\/index.php\/wp-json\/wp\/v2\/categories?post=17143"},{"taxonomy":"post_tag","embeddable":true,"href":"https:\/\/www.inet.edu.ar\/index.php\/wp-json\/wp\/v2\/tags?post=17143"}],"curies":[{"name":"wp","href":"https:\/\/api.w.org\/{rel}","templated":true}]}}