{"id":17169,"date":"2016-11-11T15:52:59","date_gmt":"2016-11-11T18:52:59","guid":{"rendered":"https:\/\/www.inet.edu.ar\/?p=17169"},"modified":"2016-11-11T15:52:59","modified_gmt":"2016-11-11T18:52:59","slug":"foro-de-instituciones-del-sector-aeronautico-vinculando-educacion-con-el-mundo-socioproductivo","status":"publish","type":"post","link":"https:\/\/www.inet.edu.ar\/index.php\/foro-de-instituciones-del-sector-aeronautico-vinculando-educacion-con-el-mundo-socioproductivo\/","title":{"rendered":"Foro de instituciones del sector aeron\u00e1utico, vinculando Educaci\u00f3n con el mundo socioproductivo"},"content":{"rendered":"<p>CABA<\/p>\n<p>Se realiz\u00f3 hoy la segunda Comisi\u00f3n T\u00e9cnica del Foro Aeron\u00e1utico, entre representantes de organismos de Personal T\u00e9cnico y equipo del INET.\u00a0Encabez\u00f3 el evento el coordinador de nivel Superior T\u00e9cnico, Gustavo Peltzer.<\/p>\n<p>El objetivo de esta reuni\u00f3n fue revisar las necesidades de formaci\u00f3n del sector.<\/p>\n<p>Estuvieron presentes representantes del\u00a0<a href=\"https:\/\/www.google.com.ar\/url?sa=t&amp;rct=j&amp;q=&amp;esrc=s&amp;source=web&amp;cd=1&amp;cad=rja&amp;uact=8&amp;ved=0ahUKEwiwvZq2_pnQAhWCjZAKHSABDp4QFggYMAA&amp;url=http%3A%2F%2Fwww.transporte.gob.ar%2F&amp;usg=AFQjCNEVrKcF20B1HuRYmcg_NQEvFUpQ8g&amp;sig2=NqJMEbeS7XsFZg3iAf4BTA&amp;bvm=bv.138169073,d.Y2I\">Ministerio de Transporte de la Naci\u00f3n<\/a>, de <a href=\"https:\/\/www.google.com.ar\/url?sa=t&amp;rct=j&amp;q=&amp;esrc=s&amp;source=web&amp;cd=1&amp;cad=rja&amp;uact=8&amp;ved=0ahUKEwjgute9_pnQAhWGkZAKHTBWC3IQFgg8MAA&amp;url=http%3A%2F%2Fwww.aerolineas.com.ar%2Fes-ar&amp;usg=AFQjCNGxkfclCDdocvFwpfUybp_7bLL5SA&amp;sig2=RXF6b1pgCl9Cj3oWCWkjUA&amp;bvm=bv.138169073,d.Y2I\">Aerol\u00edneas Argentinas<\/a>, de la <a href=\"https:\/\/www.google.com.ar\/url?sa=t&amp;rct=j&amp;q=&amp;esrc=s&amp;source=web&amp;cd=1&amp;cad=rja&amp;uact=8&amp;ved=0ahUKEwjo8O3j-JnQAhWBEZAKHR2DCVIQFggZMAA&amp;url=http%3A%2F%2Fwww.anac.gov.ar%2F&amp;usg=AFQjCNEln0OeJ3Mwrhcr95uhA3ulIqPnyQ&amp;sig2=YL-pL6knX9b2rSSCmjBAtw&amp;bvm=bv.138169073,d.Y2I\">Administraci\u00f3n Nacional de Aviaci\u00f3n Civil (ANAC)<\/a>, del <a href=\"https:\/\/www.google.com.ar\/url?sa=t&amp;rct=j&amp;q=&amp;esrc=s&amp;source=web&amp;cd=1&amp;cad=rja&amp;uact=8&amp;ved=0ahUKEwjO1tH4-JnQAhVElZAKHf0yD6cQFggcMAA&amp;url=http%3A%2F%2Fcpiaye.org.ar%2Findex.htm&amp;usg=AFQjCNESYIHIlL0ImwEPNAZLDtm_Jg0lrw&amp;sig2=2st1FURR7IFYlgJPIrWHHQ&amp;bvm=bv.138169073,d.Y2I\">Consejo Profesional de Ingenier\u00eda Aeron\u00e1utica y Espacial (CEPIAyE)<\/a>, de la <a href=\"https:\/\/www.google.com.ar\/url?sa=t&amp;rct=j&amp;q=&amp;esrc=s&amp;source=web&amp;cd=1&amp;cad=rja&amp;uact=8&amp;ved=0ahUKEwiE07bI-ZnQAhVIfpAKHVMqCG4QFggZMAA&amp;url=https%3A%2F%2Fwww.jiaac.gob.ar%2F&amp;usg=AFQjCNEjuAXsXvNqOlANtBuNFdZEmRCOsg&amp;sig2=rAc1HGtaHN4KBKX0ztrPHQ\">Junta de Investigaci\u00f3n de Accidentes de Aviaci\u00f3n Civil (JIAAC)<\/a>, de la\u00a0<a href=\"http:\/\/www.aviones.com\/\">Asociaci\u00f3n del Personal T\u00e9cnico Aeron\u00e1utico (APTA)<\/a>, de la <a href=\"http:\/\/www.upsa-ospea.com.ar\/UPSA\/index.php\">Uni\u00f3n del Personal Superior y Profesional\u00a0de Empresas Aerocomerciales (UPSA)<\/a>, y \u00a0de la\u00a0<a href=\"http:\/\/www.eana.com.ar\/\">Empresa Argentina de Navegaci\u00f3n A\u00e9rea Sociedad del Estado (EANA)<\/a>.<\/p>\n<p>La semana que viene\u00a0se realizar\u00e1 la tercer Comisi\u00f3n T\u00e9cnica del Foro, con representantes de organismos del Personal de soporte en tierra.<\/p>\n<p>Los <a href=\"https:\/\/www.inet.edu.ar\/index.php\/institucional\/conetyp\/foros-sectoriales\/\">foros sectoriales<\/a> son un espacio de participaci\u00f3n en el que instituciones del \u00e1mbito p\u00fablico y privado se re\u00fanen para analizar el estado del sector en cuesti\u00f3n, presentar los perfiles profesionales existentes, discutir la posibilidad de modificar o agregar nuevos perfiles y para que, a posteriori, cada jurisdicci\u00f3n pueda armar los curr\u00edculum.<\/p>\n<p>M\u00e1s informaci\u00f3n: <a href=\"https:\/\/www.inet.edu.ar\/index.php\/institucional\/conetyp\/\">Consejo Nacional de Educaci\u00f3n, Trabajo y Producci\u00f3n (CoNETyP)\u00a0<\/a><\/p>\n<p><strong>Galer\u00eda de im\u00e1genes<\/strong><\/p>\n\n\t\t<style type=\"text\/css\">\n\t\t\t#gallery-1 {\n\t\t\t\tmargin: auto;\n\t\t\t}\n\t\t\t#gallery-1 .gallery-item {\n\t\t\t\tfloat: left;\n\t\t\t\tmargin-top: 10px;\n\t\t\t\ttext-align: center;\n\t\t\t\twidth: 33%;\n\t\t\t}\n\t\t\t#gallery-1 img {\n\t\t\t\tborder: 2px solid #cfcfcf;\n\t\t\t}\n\t\t\t#gallery-1 .gallery-caption {\n\t\t\t\tmargin-left: 0;\n\t\t\t}\n\t\t\t\/* see gallery_shortcode() in wp-includes\/media.php *\/\n\t\t<\/style>\n\t\t<div id='gallery-1' class='gallery galleryid-17169 gallery-columns-3 gallery-size-medium'><dl class='gallery-item'>\n\t\t\t<dt class='gallery-icon landscape'>\n\t\t\t\t<a href='https:\/\/www.inet.edu.ar\/index.php\/foro-de-instituciones-del-sector-aeronautico-vinculando-educacion-con-el-mundo-socioproductivo\/wp_20161111_001\/#main'><img loading=\"lazy\" decoding=\"async\" width=\"240\" height=\"179\" src=\"https:\/\/www.inet.edu.ar\/wp-content\/uploads\/2016\/11\/WP_20161111_001-240x179.jpg\" class=\"attachment-medium size-medium\" alt=\"\" srcset=\"https:\/\/www.inet.edu.ar\/wp-content\/uploads\/2016\/11\/WP_20161111_001-240x179.jpg 240w, https:\/\/www.inet.edu.ar\/wp-content\/uploads\/2016\/11\/WP_20161111_001-768x574.jpg 768w, https:\/\/www.inet.edu.ar\/wp-content\/uploads\/2016\/11\/WP_20161111_001-468x350.jpg 468w\" sizes=\"auto, (max-width: 240px) 100vw, 240px\" \/><\/a>\n\t\t\t<\/dt><\/dl><dl class='gallery-item'>\n\t\t\t<dt class='gallery-icon landscape'>\n\t\t\t\t<a href='https:\/\/www.inet.edu.ar\/index.php\/foro-de-instituciones-del-sector-aeronautico-vinculando-educacion-con-el-mundo-socioproductivo\/wp_20161111_002\/#main'><img loading=\"lazy\" decoding=\"async\" width=\"240\" height=\"179\" src=\"https:\/\/www.inet.edu.ar\/wp-content\/uploads\/2016\/11\/WP_20161111_002-240x179.jpg\" class=\"attachment-medium size-medium\" alt=\"\" srcset=\"https:\/\/www.inet.edu.ar\/wp-content\/uploads\/2016\/11\/WP_20161111_002-240x179.jpg 240w, https:\/\/www.inet.edu.ar\/wp-content\/uploads\/2016\/11\/WP_20161111_002-768x574.jpg 768w, https:\/\/www.inet.edu.ar\/wp-content\/uploads\/2016\/11\/WP_20161111_002-468x350.jpg 468w\" sizes=\"auto, (max-width: 240px) 100vw, 240px\" \/><\/a>\n\t\t\t<\/dt><\/dl><dl class='gallery-item'>\n\t\t\t<dt class='gallery-icon landscape'>\n\t\t\t\t<a href='https:\/\/www.inet.edu.ar\/index.php\/foro-de-instituciones-del-sector-aeronautico-vinculando-educacion-con-el-mundo-socioproductivo\/wp_20161111_003\/#main'><img loading=\"lazy\" decoding=\"async\" width=\"240\" height=\"179\" src=\"https:\/\/www.inet.edu.ar\/wp-content\/uploads\/2016\/11\/WP_20161111_003-240x179.jpg\" class=\"attachment-medium size-medium\" alt=\"\" srcset=\"https:\/\/www.inet.edu.ar\/wp-content\/uploads\/2016\/11\/WP_20161111_003-240x179.jpg 240w, https:\/\/www.inet.edu.ar\/wp-content\/uploads\/2016\/11\/WP_20161111_003-768x574.jpg 768w, https:\/\/www.inet.edu.ar\/wp-content\/uploads\/2016\/11\/WP_20161111_003-468x350.jpg 468w\" sizes=\"auto, (max-width: 240px) 100vw, 240px\" \/><\/a>\n\t\t\t<\/dt><\/dl><br style=\"clear: both\" \/><dl class='gallery-item'>\n\t\t\t<dt class='gallery-icon landscape'>\n\t\t\t\t<a href='https:\/\/www.inet.edu.ar\/index.php\/foro-de-instituciones-del-sector-aeronautico-vinculando-educacion-con-el-mundo-socioproductivo\/wp_20161111_004\/#main'><img loading=\"lazy\" decoding=\"async\" width=\"240\" height=\"179\" src=\"https:\/\/www.inet.edu.ar\/wp-content\/uploads\/2016\/11\/WP_20161111_004-240x179.jpg\" class=\"attachment-medium size-medium\" alt=\"\" srcset=\"https:\/\/www.inet.edu.ar\/wp-content\/uploads\/2016\/11\/WP_20161111_004-240x179.jpg 240w, https:\/\/www.inet.edu.ar\/wp-content\/uploads\/2016\/11\/WP_20161111_004-768x574.jpg 768w, https:\/\/www.inet.edu.ar\/wp-content\/uploads\/2016\/11\/WP_20161111_004-468x350.jpg 468w\" sizes=\"auto, (max-width: 240px) 100vw, 240px\" \/><\/a>\n\t\t\t<\/dt><\/dl><dl class='gallery-item'>\n\t\t\t<dt class='gallery-icon landscape'>\n\t\t\t\t<a href='https:\/\/www.inet.edu.ar\/index.php\/foro-de-instituciones-del-sector-aeronautico-vinculando-educacion-con-el-mundo-socioproductivo\/wp_20161111_005\/#main'><img loading=\"lazy\" decoding=\"async\" width=\"240\" height=\"179\" src=\"https:\/\/www.inet.edu.ar\/wp-content\/uploads\/2016\/11\/WP_20161111_005-240x179.jpg\" class=\"attachment-medium size-medium\" alt=\"\" srcset=\"https:\/\/www.inet.edu.ar\/wp-content\/uploads\/2016\/11\/WP_20161111_005-240x179.jpg 240w, https:\/\/www.inet.edu.ar\/wp-content\/uploads\/2016\/11\/WP_20161111_005-768x574.jpg 768w, https:\/\/www.inet.edu.ar\/wp-content\/uploads\/2016\/11\/WP_20161111_005-468x350.jpg 468w\" sizes=\"auto, (max-width: 240px) 100vw, 240px\" \/><\/a>\n\t\t\t<\/dt><\/dl><dl class='gallery-item'>\n\t\t\t<dt class='gallery-icon landscape'>\n\t\t\t\t<a href='https:\/\/www.inet.edu.ar\/index.php\/foro-de-instituciones-del-sector-aeronautico-vinculando-educacion-con-el-mundo-socioproductivo\/wp_20161111_006\/#main'><img loading=\"lazy\" decoding=\"async\" width=\"240\" height=\"179\" src=\"https:\/\/www.inet.edu.ar\/wp-content\/uploads\/2016\/11\/WP_20161111_006-240x179.jpg\" class=\"attachment-medium size-medium\" alt=\"\" srcset=\"https:\/\/www.inet.edu.ar\/wp-content\/uploads\/2016\/11\/WP_20161111_006-240x179.jpg 240w, https:\/\/www.inet.edu.ar\/wp-content\/uploads\/2016\/11\/WP_20161111_006-768x574.jpg 768w, https:\/\/www.inet.edu.ar\/wp-content\/uploads\/2016\/11\/WP_20161111_006-468x350.jpg 468w\" sizes=\"auto, (max-width: 240px) 100vw, 240px\" \/><\/a>\n\t\t\t<\/dt><\/dl><br style=\"clear: both\" \/>\n\t\t<\/div>\n\n","protected":false},"excerpt":{"rendered":"<p>CABA Se realiz\u00f3 hoy la segunda Comisi\u00f3n T\u00e9cnica del Foro Aeron\u00e1utico, entre representantes de organismos de Personal T\u00e9cnico y equipo del INET.\u00a0Encabez\u00f3 el evento el coordinador de nivel Superior T\u00e9cnico, Gustavo Peltzer. El objetivo de esta reuni\u00f3n fue revisar las necesidades de formaci\u00f3n del sector. Estuvieron presentes representantes del\u00a0Ministerio de Transporte de la Naci\u00f3n, de [&hellip;]<\/p>\n","protected":false},"author":7,"featured_media":17174,"comment_status":"closed","ping_status":"open","sticky":false,"template":"","format":"standard","meta":{"footnotes":""},"categories":[1,14],"tags":[],"class_list":["post-17169","post","type-post","status-publish","format-standard","has-post-thumbnail","hentry","category-noticias","category-noticias-fijas"],"_links":{"self":[{"href":"https:\/\/www.inet.edu.ar\/index.php\/wp-json\/wp\/v2\/posts\/17169","targetHints":{"allow":["GET"]}}],"collection":[{"href":"https:\/\/www.inet.edu.ar\/index.php\/wp-json\/wp\/v2\/posts"}],"about":[{"href":"https:\/\/www.inet.edu.ar\/index.php\/wp-json\/wp\/v2\/types\/post"}],"author":[{"embeddable":true,"href":"https:\/\/www.inet.edu.ar\/index.php\/wp-json\/wp\/v2\/users\/7"}],"replies":[{"embeddable":true,"href":"https:\/\/www.inet.edu.ar\/index.php\/wp-json\/wp\/v2\/comments?post=17169"}],"version-history":[{"count":6,"href":"https:\/\/www.inet.edu.ar\/index.php\/wp-json\/wp\/v2\/posts\/17169\/revisions"}],"predecessor-version":[{"id":17181,"href":"https:\/\/www.inet.edu.ar\/index.php\/wp-json\/wp\/v2\/posts\/17169\/revisions\/17181"}],"wp:featuredmedia":[{"embeddable":true,"href":"https:\/\/www.inet.edu.ar\/index.php\/wp-json\/wp\/v2\/media\/17174"}],"wp:attachment":[{"href":"https:\/\/www.inet.edu.ar\/index.php\/wp-json\/wp\/v2\/media?parent=17169"}],"wp:term":[{"taxonomy":"category","embeddable":true,"href":"https:\/\/www.inet.edu.ar\/index.php\/wp-json\/wp\/v2\/categories?post=17169"},{"taxonomy":"post_tag","embeddable":true,"href":"https:\/\/www.inet.edu.ar\/index.php\/wp-json\/wp\/v2\/tags?post=17169"}],"curies":[{"name":"wp","href":"https:\/\/api.w.org\/{rel}","templated":true}]}}