{"id":17189,"date":"2016-11-14T14:13:07","date_gmt":"2016-11-14T17:13:07","guid":{"rendered":"https:\/\/www.inet.edu.ar\/?p=17189"},"modified":"2016-11-14T14:13:07","modified_gmt":"2016-11-14T17:13:07","slug":"el-sector-gastronomico-y-las-necesidades-de-talento-reunion-con-referentes-internacionales","status":"publish","type":"post","link":"https:\/\/www.inet.edu.ar\/index.php\/el-sector-gastronomico-y-las-necesidades-de-talento-reunion-con-referentes-internacionales\/","title":{"rendered":"El sector gastron\u00f3mico y las necesidades de talento: reuni\u00f3n con referentes internacionales"},"content":{"rendered":"<p>CABA<\/p>\n<p>Con el objetivo de discutir sobre las necesidades de talento en Gastronom\u00eda, realizamos hoy en el INET una reuni\u00f3n junto a representantes del sector.<\/p>\n<p>Encabez\u00f3 el evento el director ejecutivo del INET, Gabriel S\u00e1nchez Zinny, junto a\u00a0David Hertz, fundador de Gastromotiva en Brasil, y H\u00e9ctor Gatto, subsecretario de Bienestar de la Ciudad Aut\u00f3noma de Buenos Aires.<\/p>\n<p>Seg\u00fan\u00a0el informe \u00ab<a href=\"https:\/\/www.inet.edu.ar\/wp-content2016\/06\/2016.06.21_Informe_Demandas_Laborales_2020_vf.pdf\">Capacidades 2020<\/a>\u00ab, se evidencia actualmente la necesidad de una mayor oferta de perfiles t\u00e9cnicos\u00a0capacitados en el sector de Gastronom\u00eda -as\u00ed como de Maestro Mayor de Obras para la construcci\u00f3n, T\u00e9cnicos Qu\u00edmicos\u00a0para la industria qu\u00edmica y farmac\u00e9utica, y Enfermeros en servicios de salud.<\/p>\n<p>Los institutos terciarios que ofrecen esta especialidad brindan oportunidades de formaci\u00f3n que permiten mejorar el desarrollo profesional y la inserci\u00f3n laboral.\u00a0Como le sucedi\u00f3 a Julieta Pulgar, egresada de la Escuela de Hoteler\u00eda (Bariloche, R\u00edo Negro).\u00a0<strong><a href=\"https:\/\/www.youtube.com\/watch?v=OxFZ4YzviGM\">(Ver video)<\/a><\/strong><\/p>\n<p><b><\/b><br \/>\n<strong><a href=\"https:\/\/www.inet.edu.ar\/wp-content\/uploads\/2016\/10\/wp-julieta.jpg\"><img loading=\"lazy\" decoding=\"async\" class=\"alignleft size-full wp-image-16662\" src=\"https:\/\/www.inet.edu.ar\/wp-content\/uploads\/2016\/10\/wp-julieta.jpg\" alt=\"Julieta Pulgar\" width=\"199\" height=\"133\" srcset=\"https:\/\/www.inet.edu.ar\/wp-content\/uploads\/2016\/10\/wp-julieta.jpg 199w, https:\/\/www.inet.edu.ar\/wp-content\/uploads\/2016\/10\/wp-julieta-150x100.jpg 150w\" sizes=\"auto, (max-width: 199px) 100vw, 199px\" \/><\/a><\/strong><\/p>\n","protected":false},"excerpt":{"rendered":"<p>CABA Con el objetivo de discutir sobre las necesidades de talento en Gastronom\u00eda, realizamos hoy en el INET una reuni\u00f3n junto a representantes del sector. Encabez\u00f3 el evento el director ejecutivo del INET, Gabriel S\u00e1nchez Zinny, junto a\u00a0David Hertz, fundador de Gastromotiva en Brasil, y H\u00e9ctor Gatto, subsecretario de Bienestar de la Ciudad Aut\u00f3noma de [&hellip;]<\/p>\n","protected":false},"author":7,"featured_media":17190,"comment_status":"closed","ping_status":"open","sticky":false,"template":"","format":"standard","meta":{"footnotes":""},"categories":[1,14],"tags":[],"class_list":["post-17189","post","type-post","status-publish","format-standard","has-post-thumbnail","hentry","category-noticias","category-noticias-fijas"],"_links":{"self":[{"href":"https:\/\/www.inet.edu.ar\/index.php\/wp-json\/wp\/v2\/posts\/17189","targetHints":{"allow":["GET"]}}],"collection":[{"href":"https:\/\/www.inet.edu.ar\/index.php\/wp-json\/wp\/v2\/posts"}],"about":[{"href":"https:\/\/www.inet.edu.ar\/index.php\/wp-json\/wp\/v2\/types\/post"}],"author":[{"embeddable":true,"href":"https:\/\/www.inet.edu.ar\/index.php\/wp-json\/wp\/v2\/users\/7"}],"replies":[{"embeddable":true,"href":"https:\/\/www.inet.edu.ar\/index.php\/wp-json\/wp\/v2\/comments?post=17189"}],"version-history":[{"count":1,"href":"https:\/\/www.inet.edu.ar\/index.php\/wp-json\/wp\/v2\/posts\/17189\/revisions"}],"predecessor-version":[{"id":17191,"href":"https:\/\/www.inet.edu.ar\/index.php\/wp-json\/wp\/v2\/posts\/17189\/revisions\/17191"}],"wp:featuredmedia":[{"embeddable":true,"href":"https:\/\/www.inet.edu.ar\/index.php\/wp-json\/wp\/v2\/media\/17190"}],"wp:attachment":[{"href":"https:\/\/www.inet.edu.ar\/index.php\/wp-json\/wp\/v2\/media?parent=17189"}],"wp:term":[{"taxonomy":"category","embeddable":true,"href":"https:\/\/www.inet.edu.ar\/index.php\/wp-json\/wp\/v2\/categories?post=17189"},{"taxonomy":"post_tag","embeddable":true,"href":"https:\/\/www.inet.edu.ar\/index.php\/wp-json\/wp\/v2\/tags?post=17189"}],"curies":[{"name":"wp","href":"https:\/\/api.w.org\/{rel}","templated":true}]}}