{"id":17195,"date":"2016-11-15T09:00:26","date_gmt":"2016-11-15T12:00:26","guid":{"rendered":"https:\/\/www.inet.edu.ar\/?p=17195"},"modified":"2016-11-16T18:24:23","modified_gmt":"2016-11-16T21:24:23","slug":"15-de-noviembre-dia-de-la-educacion-tecnica","status":"publish","type":"post","link":"https:\/\/www.inet.edu.ar\/index.php\/15-de-noviembre-dia-de-la-educacion-tecnica\/","title":{"rendered":"15 de noviembre: D\u00eda de la Educaci\u00f3n T\u00e9cnica"},"content":{"rendered":"<p style=\"text-align: center;\"><em>Se celebra hoy el D\u00eda de la Educaci\u00f3n T\u00e9cnica en conmemoraci\u00f3n de la creaci\u00f3n, en 1959, del Consejo Nacional de Educaci\u00f3n T\u00e9cnica (CONET), actualmente INET.<\/em><\/p>\n<p>&nbsp;<\/p>\n<p>Con el objetivo de\u00a0uniformar y supervisar la ense\u00f1anza t\u00e9cnica y profesional, mediante la Ley N\u00ba 15.240\/59, se cre\u00f3 el Consejo Nacional de Educaci\u00f3n T\u00e9cnica (CONET), como organismo aut\u00e1rquico.<\/p>\n<p>En 1995,\u00a0 el CONET pas\u00f3 a ser el Instituto Nacional de Educaci\u00f3n Tecnol\u00f3gica (INET), organismo del Ministerio de Educaci\u00f3n y Deportes que tiene a su cargo regular\u00a0las pol\u00edticas relacionadas con la Educaci\u00f3n T\u00e9cnico Profesional -en los niveles de Secundario T\u00e9cnico, Superior T\u00e9cnico, y Formaci\u00f3n Profesional.<\/p>\n<p>Actualmente el INET se ha planteado le necesidad de conectar la Educaci\u00f3n con el Trabajo. Con este objetivo, se est\u00e1n desarrollado diferentes acciones para que los alumnos est\u00e9n cada vez m\u00e1s y mejor vinculados con el sector socioproductivo:<\/p>\n<ul>\n<li><a href=\"https:\/\/www.inet.edu.ar\/wp-content2016\/06\/2016.06.21_Informe_Demandas_Laborales_2020_vf.pdf\"><strong>\u00abCapacidades 2020\u00bb<\/strong><\/a>:\u00a0El informe incluye un an\u00e1lisis de la demanda de capacidades laborales en la Argentina actuales y hacia el a\u00f1o 2020. Se elabor\u00f3 a partir de encuestas y entrevistas realizadas a casi 900 empresas argentinas en relaci\u00f3n a su b\u00fasqueda de personal, y sus resultados pusieron en evidencia, entre otras cosas, los desaf\u00edos que deber\u00e1 enfrentar la Educaci\u00f3n T\u00e9cnico Profesional en los pr\u00f3ximos a\u00f1os.<\/li>\n<li><a href=\"https:\/\/www.inet.edu.ar\/index.php\/niveles-educativos\/educacion-secundaria-tecnica\/practicas-profesionalizantes\/\"><strong>Pr\u00e1cticas Profesionalizantes<\/strong><\/a>: se firmaron m\u00e1s de 50 convenios con empresas, alcanzando a 9000 estudiantes.<\/li>\n<li><a href=\"https:\/\/www.inet.edu.ar\/index.php\/institucional\/conetyp\/\"><strong>CoNETyP<\/strong> (Consejo Nacional de Educaci\u00f3n, Trabajo y Producci\u00f3n)<\/a>: ya est\u00e1n en funcionamiento m\u00e1s de 20 Consejos Provinciales que tienen como fin establecer un di\u00e1logo entre los sectores productivos y las instituciones educativas.<\/li>\n<li><a href=\"https:\/\/www.inet.edu.ar\/index.php\/junto-al-presidente-macri-lanzamos-el-programa-nacional-de-formacion-de-enfermeria-en-el-inet\/\"><strong>PRONAFE<\/strong> (Programa Nacional de Formaci\u00f3n de Enfermer\u00eda)<\/a>:\u00a0Este\u00a0Programa -en conjunto entre los Ministerios de Educaci\u00f3n y Deportes, y de\u00a0Salud- es un plan de fortalecimiento de las instituciones educativas de Enfermer\u00eda, y trabajar\u00e1 en la formaci\u00f3n y capacitaci\u00f3n de 50.000 enfermeros en todo el pa\u00eds.<\/li>\n<li><a href=\"https:\/\/www.argentina.gob.ar\/111mil\"><strong>\u00ab111 mil Programadores\u00bb<\/strong><\/a>:\u00a0El \u201cPrograma de Est\u00edmulo a la Formaci\u00f3n de Analistas del Conocimiento\u201d, coordinado por los Ministerios de Producci\u00f3n y de Educaci\u00f3n de la Naci\u00f3n, persigue generar en cuatro a\u00f1os 111 mil personas con los conocimientos y destrezas para trabajar en el sector inform\u00e1tico. El objetivo es formar 100 mil programadores, 10 mil ingenieros y mil emprendedores.<\/li>\n<\/ul>\n<p>&nbsp;<\/p>\n<p>&nbsp;<\/p>\n","protected":false},"excerpt":{"rendered":"<p>Se celebra hoy el D\u00eda de la Educaci\u00f3n T\u00e9cnica en conmemoraci\u00f3n de la creaci\u00f3n, en 1959, del Consejo Nacional de Educaci\u00f3n T\u00e9cnica (CONET), actualmente INET. &nbsp; Con el objetivo de\u00a0uniformar y supervisar la ense\u00f1anza t\u00e9cnica y profesional, mediante la Ley N\u00ba 15.240\/59, se cre\u00f3 el Consejo Nacional de Educaci\u00f3n T\u00e9cnica (CONET), como organismo aut\u00e1rquico. En [&hellip;]<\/p>\n","protected":false},"author":7,"featured_media":17222,"comment_status":"closed","ping_status":"open","sticky":false,"template":"","format":"standard","meta":{"footnotes":""},"categories":[1,14,13],"tags":[],"class_list":["post-17195","post","type-post","status-publish","format-standard","has-post-thumbnail","hentry","category-noticias","category-noticias-fijas","category-noticias-slider"],"_links":{"self":[{"href":"https:\/\/www.inet.edu.ar\/index.php\/wp-json\/wp\/v2\/posts\/17195","targetHints":{"allow":["GET"]}}],"collection":[{"href":"https:\/\/www.inet.edu.ar\/index.php\/wp-json\/wp\/v2\/posts"}],"about":[{"href":"https:\/\/www.inet.edu.ar\/index.php\/wp-json\/wp\/v2\/types\/post"}],"author":[{"embeddable":true,"href":"https:\/\/www.inet.edu.ar\/index.php\/wp-json\/wp\/v2\/users\/7"}],"replies":[{"embeddable":true,"href":"https:\/\/www.inet.edu.ar\/index.php\/wp-json\/wp\/v2\/comments?post=17195"}],"version-history":[{"count":7,"href":"https:\/\/www.inet.edu.ar\/index.php\/wp-json\/wp\/v2\/posts\/17195\/revisions"}],"predecessor-version":[{"id":17230,"href":"https:\/\/www.inet.edu.ar\/index.php\/wp-json\/wp\/v2\/posts\/17195\/revisions\/17230"}],"wp:featuredmedia":[{"embeddable":true,"href":"https:\/\/www.inet.edu.ar\/index.php\/wp-json\/wp\/v2\/media\/17222"}],"wp:attachment":[{"href":"https:\/\/www.inet.edu.ar\/index.php\/wp-json\/wp\/v2\/media?parent=17195"}],"wp:term":[{"taxonomy":"category","embeddable":true,"href":"https:\/\/www.inet.edu.ar\/index.php\/wp-json\/wp\/v2\/categories?post=17195"},{"taxonomy":"post_tag","embeddable":true,"href":"https:\/\/www.inet.edu.ar\/index.php\/wp-json\/wp\/v2\/tags?post=17195"}],"curies":[{"name":"wp","href":"https:\/\/api.w.org\/{rel}","templated":true}]}}