{"id":17244,"date":"2016-11-17T13:04:20","date_gmt":"2016-11-17T16:04:20","guid":{"rendered":"https:\/\/www.inet.edu.ar\/?p=17244"},"modified":"2016-11-17T18:07:12","modified_gmt":"2016-11-17T21:07:12","slug":"convenio-con-sedronar-para-brindar-formacion-y-oportunidades-de-reinsercion-social-a-personas-en-tratamiento-por-adicciones","status":"publish","type":"post","link":"https:\/\/www.inet.edu.ar\/index.php\/convenio-con-sedronar-para-brindar-formacion-y-oportunidades-de-reinsercion-social-a-personas-en-tratamiento-por-adicciones\/","title":{"rendered":"Convenio con SEDRONAR para brindar formaci\u00f3n y oportunidades de reinserci\u00f3n social a personas en tratamiento por adicciones"},"content":{"rendered":"<p style=\"text-align: center;\"><em>Encabez\u00f3 el evento el ministro de Educaci\u00f3n y Deportes de la Naci\u00f3n, Esteban Bullrich<\/em><\/p>\n<p>Luj\u00e1n (Provincia de Buenos Aires)<\/p>\n<p>El Ministerio de Educaci\u00f3n y Deportes de la Naci\u00f3n, a trav\u00e9s del INET, firm\u00f3 un convenio con la Secretar\u00eda de Programaci\u00f3n para la Prevenci\u00f3n de la Drogadicci\u00f3n y la Lucha contra el Narcotr\u00e1fico (SEDRONAR) para ofrecer instancias de formaci\u00f3n a las personas con consumo problem\u00e1tico de drogas atendidas por los organismo dependientes de esa instituci\u00f3n.<\/p>\n<p>El acto de firma tuvo lugar en el CET Luj\u00e1n \u201cEl Puerto\u201d, que atiende de manera focalizada a mujeres en situaci\u00f3n de consumo problem\u00e1tico.<\/p>\n<p>Participaron el ministro Bullrich; el director ejecutivo del INET, Gabriel S\u00e1nchez Zinny; el secretario de SEDRONAR, Roberto Moro; junto al intendente de Luj\u00e1n, Oscar E. Luciani.<\/p>\n<p>El objetivo del acuerdo es consolidar una alianza sin\u00e9rgica entre el INET y la SEDRONAR que permita disponer de una oferta de capacitaci\u00f3n y formaci\u00f3n t\u00e9cnico profesional amplia, diversa y territorialmente descentralizada que se adec\u00fae a las necesidades, intereses y capacidades de las personas en tratamiento.<\/p>\n<p>Se prev\u00e9 que la incorporaci\u00f3n en esas propuestas educativas impactar\u00e1 positivamente en los pacientes, manifestado en acortamiento de los plazos de internaci\u00f3n, adherencia al tratamiento y disminuci\u00f3n de las reca\u00eddas. Y se promover\u00e1 a la vez su integraci\u00f3n social y laboral.<\/p>\n<p><strong>Noticias relacionadas<\/strong><\/p>\n<p><a href=\"https:\/\/www.facebook.com\/educacionAR\/?hc_ref=NEWSFEED&amp;fref=nf\">P\u00e1gina de Facebook del Ministerio de Educaci\u00f3n y Deportes de la Naci\u00f3n<\/a><\/p>\n<p><strong>Galer\u00eda de im\u00e1genes<\/strong><\/p>\n\n\t\t<style type=\"text\/css\">\n\t\t\t#gallery-1 {\n\t\t\t\tmargin: auto;\n\t\t\t}\n\t\t\t#gallery-1 .gallery-item {\n\t\t\t\tfloat: left;\n\t\t\t\tmargin-top: 10px;\n\t\t\t\ttext-align: center;\n\t\t\t\twidth: 50%;\n\t\t\t}\n\t\t\t#gallery-1 img {\n\t\t\t\tborder: 2px solid #cfcfcf;\n\t\t\t}\n\t\t\t#gallery-1 .gallery-caption {\n\t\t\t\tmargin-left: 0;\n\t\t\t}\n\t\t\t\/* see gallery_shortcode() in wp-includes\/media.php *\/\n\t\t<\/style>\n\t\t<div id='gallery-1' class='gallery galleryid-17244 gallery-columns-2 gallery-size-medium'><dl class='gallery-item'>\n\t\t\t<dt class='gallery-icon landscape'>\n\t\t\t\t<a href='https:\/\/www.inet.edu.ar\/index.php\/convenio-con-sedronar-para-brindar-formacion-y-oportunidades-de-reinsercion-social-a-personas-en-tratamiento-por-adicciones\/img-20161117-wa0003\/#main'><img loading=\"lazy\" decoding=\"async\" width=\"240\" height=\"180\" src=\"https:\/\/www.inet.edu.ar\/wp-content\/uploads\/2016\/11\/IMG-20161117-WA0003-240x180.jpg\" class=\"attachment-medium size-medium\" alt=\"\" srcset=\"https:\/\/www.inet.edu.ar\/wp-content\/uploads\/2016\/11\/IMG-20161117-WA0003-240x180.jpg 240w, https:\/\/www.inet.edu.ar\/wp-content\/uploads\/2016\/11\/IMG-20161117-WA0003-768x576.jpg 768w, https:\/\/www.inet.edu.ar\/wp-content\/uploads\/2016\/11\/IMG-20161117-WA0003-468x351.jpg 468w, https:\/\/www.inet.edu.ar\/wp-content\/uploads\/2016\/11\/IMG-20161117-WA0003.jpg 1280w\" sizes=\"auto, (max-width: 240px) 100vw, 240px\" \/><\/a>\n\t\t\t<\/dt><\/dl><dl class='gallery-item'>\n\t\t\t<dt class='gallery-icon landscape'>\n\t\t\t\t<a href='https:\/\/www.inet.edu.ar\/index.php\/convenio-con-sedronar-para-brindar-formacion-y-oportunidades-de-reinsercion-social-a-personas-en-tratamiento-por-adicciones\/img-20161117-wa0002\/#main'><img loading=\"lazy\" decoding=\"async\" width=\"240\" height=\"180\" src=\"https:\/\/www.inet.edu.ar\/wp-content\/uploads\/2016\/11\/IMG-20161117-WA0002-240x180.jpg\" class=\"attachment-medium size-medium\" alt=\"\" srcset=\"https:\/\/www.inet.edu.ar\/wp-content\/uploads\/2016\/11\/IMG-20161117-WA0002-240x180.jpg 240w, https:\/\/www.inet.edu.ar\/wp-content\/uploads\/2016\/11\/IMG-20161117-WA0002-768x576.jpg 768w, https:\/\/www.inet.edu.ar\/wp-content\/uploads\/2016\/11\/IMG-20161117-WA0002-468x351.jpg 468w, https:\/\/www.inet.edu.ar\/wp-content\/uploads\/2016\/11\/IMG-20161117-WA0002.jpg 1280w\" sizes=\"auto, (max-width: 240px) 100vw, 240px\" \/><\/a>\n\t\t\t<\/dt><\/dl><br style=\"clear: both\" \/><dl class='gallery-item'>\n\t\t\t<dt class='gallery-icon landscape'>\n\t\t\t\t<a href='https:\/\/www.inet.edu.ar\/index.php\/convenio-con-sedronar-para-brindar-formacion-y-oportunidades-de-reinsercion-social-a-personas-en-tratamiento-por-adicciones\/img-20161117-wa0001\/#main'><img loading=\"lazy\" decoding=\"async\" width=\"240\" height=\"180\" src=\"https:\/\/www.inet.edu.ar\/wp-content\/uploads\/2016\/11\/IMG-20161117-WA0001-240x180.jpg\" class=\"attachment-medium size-medium\" alt=\"\" srcset=\"https:\/\/www.inet.edu.ar\/wp-content\/uploads\/2016\/11\/IMG-20161117-WA0001-240x180.jpg 240w, https:\/\/www.inet.edu.ar\/wp-content\/uploads\/2016\/11\/IMG-20161117-WA0001-768x576.jpg 768w, https:\/\/www.inet.edu.ar\/wp-content\/uploads\/2016\/11\/IMG-20161117-WA0001-468x351.jpg 468w, https:\/\/www.inet.edu.ar\/wp-content\/uploads\/2016\/11\/IMG-20161117-WA0001.jpg 1280w\" sizes=\"auto, (max-width: 240px) 100vw, 240px\" \/><\/a>\n\t\t\t<\/dt><\/dl><dl class='gallery-item'>\n\t\t\t<dt class='gallery-icon landscape'>\n\t\t\t\t<a href='https:\/\/www.inet.edu.ar\/index.php\/convenio-con-sedronar-para-brindar-formacion-y-oportunidades-de-reinsercion-social-a-personas-en-tratamiento-por-adicciones\/img-20161117-wa0005\/#main'><img loading=\"lazy\" decoding=\"async\" width=\"240\" height=\"180\" src=\"https:\/\/www.inet.edu.ar\/wp-content\/uploads\/2016\/11\/IMG-20161117-WA0005-240x180.jpg\" class=\"attachment-medium size-medium\" alt=\"\" srcset=\"https:\/\/www.inet.edu.ar\/wp-content\/uploads\/2016\/11\/IMG-20161117-WA0005-240x180.jpg 240w, https:\/\/www.inet.edu.ar\/wp-content\/uploads\/2016\/11\/IMG-20161117-WA0005-768x576.jpg 768w, https:\/\/www.inet.edu.ar\/wp-content\/uploads\/2016\/11\/IMG-20161117-WA0005-468x351.jpg 468w, https:\/\/www.inet.edu.ar\/wp-content\/uploads\/2016\/11\/IMG-20161117-WA0005.jpg 1280w\" sizes=\"auto, (max-width: 240px) 100vw, 240px\" \/><\/a>\n\t\t\t<\/dt><\/dl><br style=\"clear: both\" \/><dl class='gallery-item'>\n\t\t\t<dt class='gallery-icon landscape'>\n\t\t\t\t<a href='https:\/\/www.inet.edu.ar\/index.php\/convenio-con-sedronar-para-brindar-formacion-y-oportunidades-de-reinsercion-social-a-personas-en-tratamiento-por-adicciones\/img-20161117-wa0010\/#main'><img loading=\"lazy\" decoding=\"async\" width=\"240\" height=\"180\" src=\"https:\/\/www.inet.edu.ar\/wp-content\/uploads\/2016\/11\/IMG-20161117-WA0010-240x180.jpg\" class=\"attachment-medium size-medium\" alt=\"\" srcset=\"https:\/\/www.inet.edu.ar\/wp-content\/uploads\/2016\/11\/IMG-20161117-WA0010-240x180.jpg 240w, https:\/\/www.inet.edu.ar\/wp-content\/uploads\/2016\/11\/IMG-20161117-WA0010-768x576.jpg 768w, https:\/\/www.inet.edu.ar\/wp-content\/uploads\/2016\/11\/IMG-20161117-WA0010-468x351.jpg 468w, https:\/\/www.inet.edu.ar\/wp-content\/uploads\/2016\/11\/IMG-20161117-WA0010.jpg 1280w\" sizes=\"auto, (max-width: 240px) 100vw, 240px\" \/><\/a>\n\t\t\t<\/dt><\/dl><dl class='gallery-item'>\n\t\t\t<dt class='gallery-icon landscape'>\n\t\t\t\t<a href='https:\/\/www.inet.edu.ar\/index.php\/convenio-con-sedronar-para-brindar-formacion-y-oportunidades-de-reinsercion-social-a-personas-en-tratamiento-por-adicciones\/img-20161117-wa0009\/#main'><img loading=\"lazy\" decoding=\"async\" width=\"240\" height=\"180\" src=\"https:\/\/www.inet.edu.ar\/wp-content\/uploads\/2016\/11\/IMG-20161117-WA0009-240x180.jpg\" class=\"attachment-medium size-medium\" alt=\"\" srcset=\"https:\/\/www.inet.edu.ar\/wp-content\/uploads\/2016\/11\/IMG-20161117-WA0009-240x180.jpg 240w, https:\/\/www.inet.edu.ar\/wp-content\/uploads\/2016\/11\/IMG-20161117-WA0009-768x576.jpg 768w, https:\/\/www.inet.edu.ar\/wp-content\/uploads\/2016\/11\/IMG-20161117-WA0009-468x351.jpg 468w, https:\/\/www.inet.edu.ar\/wp-content\/uploads\/2016\/11\/IMG-20161117-WA0009.jpg 1280w\" sizes=\"auto, (max-width: 240px) 100vw, 240px\" \/><\/a>\n\t\t\t<\/dt><\/dl><br style=\"clear: both\" \/><dl class='gallery-item'>\n\t\t\t<dt class='gallery-icon landscape'>\n\t\t\t\t<a href='https:\/\/www.inet.edu.ar\/index.php\/convenio-con-sedronar-para-brindar-formacion-y-oportunidades-de-reinsercion-social-a-personas-en-tratamiento-por-adicciones\/img-20161117-wa0008\/#main'><img loading=\"lazy\" decoding=\"async\" width=\"240\" height=\"180\" src=\"https:\/\/www.inet.edu.ar\/wp-content\/uploads\/2016\/11\/IMG-20161117-WA0008-240x180.jpg\" class=\"attachment-medium size-medium\" alt=\"\" srcset=\"https:\/\/www.inet.edu.ar\/wp-content\/uploads\/2016\/11\/IMG-20161117-WA0008-240x180.jpg 240w, https:\/\/www.inet.edu.ar\/wp-content\/uploads\/2016\/11\/IMG-20161117-WA0008-768x576.jpg 768w, https:\/\/www.inet.edu.ar\/wp-content\/uploads\/2016\/11\/IMG-20161117-WA0008-468x351.jpg 468w, https:\/\/www.inet.edu.ar\/wp-content\/uploads\/2016\/11\/IMG-20161117-WA0008.jpg 1280w\" sizes=\"auto, (max-width: 240px) 100vw, 240px\" \/><\/a>\n\t\t\t<\/dt><\/dl><dl class='gallery-item'>\n\t\t\t<dt class='gallery-icon landscape'>\n\t\t\t\t<a href='https:\/\/www.inet.edu.ar\/index.php\/convenio-con-sedronar-para-brindar-formacion-y-oportunidades-de-reinsercion-social-a-personas-en-tratamiento-por-adicciones\/img-20161117-wa0007\/#main'><img loading=\"lazy\" decoding=\"async\" width=\"240\" height=\"180\" src=\"https:\/\/www.inet.edu.ar\/wp-content\/uploads\/2016\/11\/IMG-20161117-WA0007-240x180.jpg\" class=\"attachment-medium size-medium\" alt=\"\" srcset=\"https:\/\/www.inet.edu.ar\/wp-content\/uploads\/2016\/11\/IMG-20161117-WA0007-240x180.jpg 240w, https:\/\/www.inet.edu.ar\/wp-content\/uploads\/2016\/11\/IMG-20161117-WA0007-768x576.jpg 768w, https:\/\/www.inet.edu.ar\/wp-content\/uploads\/2016\/11\/IMG-20161117-WA0007-468x351.jpg 468w, https:\/\/www.inet.edu.ar\/wp-content\/uploads\/2016\/11\/IMG-20161117-WA0007.jpg 1280w\" sizes=\"auto, (max-width: 240px) 100vw, 240px\" \/><\/a>\n\t\t\t<\/dt><\/dl><br style=\"clear: both\" \/><dl class='gallery-item'>\n\t\t\t<dt class='gallery-icon landscape'>\n\t\t\t\t<a href='https:\/\/www.inet.edu.ar\/index.php\/convenio-con-sedronar-para-brindar-formacion-y-oportunidades-de-reinsercion-social-a-personas-en-tratamiento-por-adicciones\/img-20161117-wa0006\/#main'><img loading=\"lazy\" decoding=\"async\" width=\"240\" height=\"180\" src=\"https:\/\/www.inet.edu.ar\/wp-content\/uploads\/2016\/11\/IMG-20161117-WA0006-240x180.jpg\" class=\"attachment-medium size-medium\" alt=\"\" srcset=\"https:\/\/www.inet.edu.ar\/wp-content\/uploads\/2016\/11\/IMG-20161117-WA0006-240x180.jpg 240w, https:\/\/www.inet.edu.ar\/wp-content\/uploads\/2016\/11\/IMG-20161117-WA0006-768x576.jpg 768w, https:\/\/www.inet.edu.ar\/wp-content\/uploads\/2016\/11\/IMG-20161117-WA0006-468x351.jpg 468w, https:\/\/www.inet.edu.ar\/wp-content\/uploads\/2016\/11\/IMG-20161117-WA0006.jpg 1280w\" sizes=\"auto, (max-width: 240px) 100vw, 240px\" \/><\/a>\n\t\t\t<\/dt><\/dl><dl class='gallery-item'>\n\t\t\t<dt class='gallery-icon landscape'>\n\t\t\t\t<a href='https:\/\/www.inet.edu.ar\/index.php\/convenio-con-sedronar-para-brindar-formacion-y-oportunidades-de-reinsercion-social-a-personas-en-tratamiento-por-adicciones\/img-20161117-wa0004\/#main'><img loading=\"lazy\" decoding=\"async\" width=\"240\" height=\"180\" src=\"https:\/\/www.inet.edu.ar\/wp-content\/uploads\/2016\/11\/IMG-20161117-WA0004-240x180.jpg\" class=\"attachment-medium size-medium\" alt=\"\" srcset=\"https:\/\/www.inet.edu.ar\/wp-content\/uploads\/2016\/11\/IMG-20161117-WA0004-240x180.jpg 240w, https:\/\/www.inet.edu.ar\/wp-content\/uploads\/2016\/11\/IMG-20161117-WA0004-768x576.jpg 768w, https:\/\/www.inet.edu.ar\/wp-content\/uploads\/2016\/11\/IMG-20161117-WA0004-468x351.jpg 468w, https:\/\/www.inet.edu.ar\/wp-content\/uploads\/2016\/11\/IMG-20161117-WA0004.jpg 1280w\" sizes=\"auto, (max-width: 240px) 100vw, 240px\" \/><\/a>\n\t\t\t<\/dt><\/dl><br style=\"clear: both\" \/>\n\t\t<\/div>\n\n","protected":false},"excerpt":{"rendered":"<p>Encabez\u00f3 el evento el ministro de Educaci\u00f3n y Deportes de la Naci\u00f3n, Esteban Bullrich Luj\u00e1n (Provincia de Buenos Aires) El Ministerio de Educaci\u00f3n y Deportes de la Naci\u00f3n, a trav\u00e9s del INET, firm\u00f3 un convenio con la Secretar\u00eda de Programaci\u00f3n para la Prevenci\u00f3n de la Drogadicci\u00f3n y la Lucha contra el Narcotr\u00e1fico (SEDRONAR) para ofrecer [&hellip;]<\/p>\n","protected":false},"author":7,"featured_media":17278,"comment_status":"closed","ping_status":"open","sticky":false,"template":"","format":"standard","meta":{"footnotes":""},"categories":[1,14,13],"tags":[118,111,48,197],"class_list":["post-17244","post","type-post","status-publish","format-standard","has-post-thumbnail","hentry","category-noticias","category-noticias-fijas","category-noticias-slider","tag-capacitacion-laboral","tag-esteban-bullrich","tag-formacion-profesional","tag-sedronar"],"_links":{"self":[{"href":"https:\/\/www.inet.edu.ar\/index.php\/wp-json\/wp\/v2\/posts\/17244","targetHints":{"allow":["GET"]}}],"collection":[{"href":"https:\/\/www.inet.edu.ar\/index.php\/wp-json\/wp\/v2\/posts"}],"about":[{"href":"https:\/\/www.inet.edu.ar\/index.php\/wp-json\/wp\/v2\/types\/post"}],"author":[{"embeddable":true,"href":"https:\/\/www.inet.edu.ar\/index.php\/wp-json\/wp\/v2\/users\/7"}],"replies":[{"embeddable":true,"href":"https:\/\/www.inet.edu.ar\/index.php\/wp-json\/wp\/v2\/comments?post=17244"}],"version-history":[{"count":7,"href":"https:\/\/www.inet.edu.ar\/index.php\/wp-json\/wp\/v2\/posts\/17244\/revisions"}],"predecessor-version":[{"id":17280,"href":"https:\/\/www.inet.edu.ar\/index.php\/wp-json\/wp\/v2\/posts\/17244\/revisions\/17280"}],"wp:featuredmedia":[{"embeddable":true,"href":"https:\/\/www.inet.edu.ar\/index.php\/wp-json\/wp\/v2\/media\/17278"}],"wp:attachment":[{"href":"https:\/\/www.inet.edu.ar\/index.php\/wp-json\/wp\/v2\/media?parent=17244"}],"wp:term":[{"taxonomy":"category","embeddable":true,"href":"https:\/\/www.inet.edu.ar\/index.php\/wp-json\/wp\/v2\/categories?post=17244"},{"taxonomy":"post_tag","embeddable":true,"href":"https:\/\/www.inet.edu.ar\/index.php\/wp-json\/wp\/v2\/tags?post=17244"}],"curies":[{"name":"wp","href":"https:\/\/api.w.org\/{rel}","templated":true}]}}