{"id":17339,"date":"2016-11-21T16:30:02","date_gmt":"2016-11-21T19:30:02","guid":{"rendered":"https:\/\/www.inet.edu.ar\/?p=17339"},"modified":"2016-11-21T18:42:05","modified_gmt":"2016-11-21T21:42:05","slug":"convenio-inet-ims-para-promover-habilidades-digitales-en-los-jovenes","status":"publish","type":"post","link":"https:\/\/www.inet.edu.ar\/index.php\/convenio-inet-ims-para-promover-habilidades-digitales-en-los-jovenes\/","title":{"rendered":"Convenio INET-IMS para promover habilidades digitales en los j\u00f3venes"},"content":{"rendered":"<p style=\"text-align: left;\">CABA<\/p>\n<p>Hoy el presidente Mauricio Macri,\u00a0acompa\u00f1ado por el ministro de Educaci\u00f3n y Deportes, Esteban Bullrich; y por el jefe de Gobierno de CABA, Horacio Rodr\u00edguez Larreta; oficializ\u00f3 el convenio firmado entre\u00a0el INET, e Internet Media Services (IMS), que se realizara el viernes 18. El objetivo del convenio es llevar adelante actividades de inter\u00e9s com\u00fan en el \u00e1rea de Educaci\u00f3n y Formaci\u00f3n de Recursos Humanos en TICs. <a href=\"http:\/\/www.imscorporate.com\">IMS<\/a>\u00a0es un joint venture con Sony Pictures Television y es la empresa l\u00edder en Marketing Digital y Comunicaci\u00f3n.<\/p>\n<p>En el marco del Convenio, y respondiendo a la demanda de talento de dicha industria seg\u00fan el informe \u201cCapacidades 2020\u201d, el INET e IMS ofrecer\u00e1n acceso gratuito al Programa de Certi\ufb01caciones digitales en Plataformas M\u00f3viles de Publicidad Nativa \u201cIMS Education\u201d.\u00a0De esta manera, se brindar\u00e1 acceso a capacitaci\u00f3n en Marketing Digital y Plataformas M\u00f3viles a estudiantes de instituciones T\u00e9cnico Profesionales p\u00fablicas de Argentina; se capacitar\u00e1 a docentes en actualizaciones y tendencias tecnol\u00f3gicas para el \u00e1mbito educativo; se dispondr\u00e1 de materiales y recursos educativos a alumnos y docentes; entre otras acciones; con el objetivo de brindarles conocimientos y habilidades digitales requeridos en el mundo globalizado actual.<\/p>\n<p>El presidente Macri destac\u00f3 hoy la importancia de que Argentina sepa aprovechar la potencialidad de las nuevas tecnolog\u00edas para generar empleo y avanzar en la lucha contra la pobreza al hablar en el lanzamiento de un programa de capacitaci\u00f3n para el desarrollo de herramientas digitales.<em>\u00a0\u00abSi queremos conquistar el futuro lo primero que hay que hacer es entenderlo, y la mejor manera de entenderlo es abordarlo en conjunto\u00bb<\/em>, afirm\u00f3.<\/p>\n<p>Con este convenio, IMS busca facilitar la formaci\u00f3n profesional en Marketing y Publicidad Digital y en las Plataformas M\u00f3viles de Publicidad Nativa en toda la regi\u00f3n. El programa \u201cIMS Education\u201d hoy contiene Certi\ufb01caciones en Twitter, Foursquare, Waze, Spotify, LinkedIn, Vevo, y similares.<\/p>\n<p>En el marco de este convenio, el jueves 17 de noviembre se realiz\u00f3 una reuni\u00f3n entre\u00a0el ministroBullrich; el director nacional de Formaci\u00f3n Profesional, Fabi\u00e1n Prieto; y el CEO de IMS, Gast\u00f3n Taratuta.<\/p>\n<p>El Ministerio de Educaci\u00f3n y Deportes, a trav\u00e9s del INET, ha firmado Convenios con diferentes empresas y organizaciones -Banco Ita\u00fa; Samsung Electronics; Peugeot Citro\u00ebn; el Consejo de Ingenier\u00eda Mec\u00e1nica y Electricista; la Fundaci\u00f3n \u201cEnse\u00f1\u00e1 por Argentina\u201d; Toyota Argentina S.A.; Nestl\u00e9 Argentina S.A.; Loma Negra; la Cruz Roja Argentina- con el fin de propiciar acciones conjuntas que vinculen la Educaci\u00f3n T\u00e9cnico Profesional con el mundo del trabajo, la ciencia y la tecnolog\u00eda.<\/p>\n<p>Para m\u00e1s informaci\u00f3n, ingres\u00e1 <a href=\"http:\/\/education.imscorporate.com\/moodle\/logininet\/signup.php\">aqu\u00ed<\/a><\/p>\n<p><strong>Noticias relacionadas<\/strong><\/p>\n<p><a href=\"http:\/\/www.casarosada.gob.ar\/slider-principal\/37906-si-queremos-conquistar-el-futuro-lo-primero-que-hay-que-hacer-es-entenderlo\">Mauricio Macri: \u00abSi queremos conquistar el futuro, lo primero que hay que hacer es entenderlo\u00bb-sitio web de Casa Rosada<\/a><\/p>\n<p><strong>Galer\u00eda de im\u00e1genes<\/strong><\/p>\n\n\t\t<style type=\"text\/css\">\n\t\t\t#gallery-1 {\n\t\t\t\tmargin: auto;\n\t\t\t}\n\t\t\t#gallery-1 .gallery-item {\n\t\t\t\tfloat: left;\n\t\t\t\tmargin-top: 10px;\n\t\t\t\ttext-align: center;\n\t\t\t\twidth: 50%;\n\t\t\t}\n\t\t\t#gallery-1 img {\n\t\t\t\tborder: 2px solid #cfcfcf;\n\t\t\t}\n\t\t\t#gallery-1 .gallery-caption {\n\t\t\t\tmargin-left: 0;\n\t\t\t}\n\t\t\t\/* see gallery_shortcode() in wp-includes\/media.php *\/\n\t\t<\/style>\n\t\t<div id='gallery-1' class='gallery galleryid-17339 gallery-columns-2 gallery-size-medium'><dl class='gallery-item'>\n\t\t\t<dt class='gallery-icon landscape'>\n\t\t\t\t<a href='https:\/\/www.inet.edu.ar\/index.php\/convenio-inet-ims-para-promover-habilidades-digitales-en-los-jovenes\/aa1_3105\/#main'><img loading=\"lazy\" decoding=\"async\" width=\"240\" height=\"159\" src=\"https:\/\/www.inet.edu.ar\/wp-content\/uploads\/2016\/11\/AA1_3105-240x159.jpg\" class=\"attachment-medium size-medium\" alt=\"\" srcset=\"https:\/\/www.inet.edu.ar\/wp-content\/uploads\/2016\/11\/AA1_3105-240x159.jpg 240w, https:\/\/www.inet.edu.ar\/wp-content\/uploads\/2016\/11\/AA1_3105-150x100.jpg 150w, https:\/\/www.inet.edu.ar\/wp-content\/uploads\/2016\/11\/AA1_3105-768x510.jpg 768w, https:\/\/www.inet.edu.ar\/wp-content\/uploads\/2016\/11\/AA1_3105-468x311.jpg 468w\" sizes=\"auto, (max-width: 240px) 100vw, 240px\" \/><\/a>\n\t\t\t<\/dt><\/dl><dl class='gallery-item'>\n\t\t\t<dt class='gallery-icon landscape'>\n\t\t\t\t<a href='https:\/\/www.inet.edu.ar\/index.php\/convenio-inet-ims-para-promover-habilidades-digitales-en-los-jovenes\/foto-inet-ims\/#main'><img loading=\"lazy\" decoding=\"async\" width=\"240\" height=\"154\" src=\"https:\/\/www.inet.edu.ar\/wp-content\/uploads\/2016\/11\/Foto-INET-IMS-240x154.jpg\" class=\"attachment-medium size-medium\" alt=\"\" srcset=\"https:\/\/www.inet.edu.ar\/wp-content\/uploads\/2016\/11\/Foto-INET-IMS-240x154.jpg 240w, https:\/\/www.inet.edu.ar\/wp-content\/uploads\/2016\/11\/Foto-INET-IMS-768x493.jpg 768w, https:\/\/www.inet.edu.ar\/wp-content\/uploads\/2016\/11\/Foto-INET-IMS-468x301.jpg 468w\" sizes=\"auto, (max-width: 240px) 100vw, 240px\" \/><\/a>\n\t\t\t<\/dt><\/dl><br style=\"clear: both\" \/>\n\t\t<\/div>\n\n<p>&nbsp;<\/p>\n<p>&nbsp;<\/p>\n<p>&nbsp;<\/p>\n","protected":false},"excerpt":{"rendered":"<p>CABA Hoy el presidente Mauricio Macri,\u00a0acompa\u00f1ado por el ministro de Educaci\u00f3n y Deportes, Esteban Bullrich; y por el jefe de Gobierno de CABA, Horacio Rodr\u00edguez Larreta; oficializ\u00f3 el convenio firmado entre\u00a0el INET, e Internet Media Services (IMS), que se realizara el viernes 18. El objetivo del convenio es llevar adelante actividades de inter\u00e9s com\u00fan en [&hellip;]<\/p>\n","protected":false},"author":7,"featured_media":17346,"comment_status":"closed","ping_status":"open","sticky":false,"template":"","format":"standard","meta":{"footnotes":""},"categories":[1,14],"tags":[],"class_list":["post-17339","post","type-post","status-publish","format-standard","has-post-thumbnail","hentry","category-noticias","category-noticias-fijas"],"_links":{"self":[{"href":"https:\/\/www.inet.edu.ar\/index.php\/wp-json\/wp\/v2\/posts\/17339","targetHints":{"allow":["GET"]}}],"collection":[{"href":"https:\/\/www.inet.edu.ar\/index.php\/wp-json\/wp\/v2\/posts"}],"about":[{"href":"https:\/\/www.inet.edu.ar\/index.php\/wp-json\/wp\/v2\/types\/post"}],"author":[{"embeddable":true,"href":"https:\/\/www.inet.edu.ar\/index.php\/wp-json\/wp\/v2\/users\/7"}],"replies":[{"embeddable":true,"href":"https:\/\/www.inet.edu.ar\/index.php\/wp-json\/wp\/v2\/comments?post=17339"}],"version-history":[{"count":8,"href":"https:\/\/www.inet.edu.ar\/index.php\/wp-json\/wp\/v2\/posts\/17339\/revisions"}],"predecessor-version":[{"id":17369,"href":"https:\/\/www.inet.edu.ar\/index.php\/wp-json\/wp\/v2\/posts\/17339\/revisions\/17369"}],"wp:featuredmedia":[{"embeddable":true,"href":"https:\/\/www.inet.edu.ar\/index.php\/wp-json\/wp\/v2\/media\/17346"}],"wp:attachment":[{"href":"https:\/\/www.inet.edu.ar\/index.php\/wp-json\/wp\/v2\/media?parent=17339"}],"wp:term":[{"taxonomy":"category","embeddable":true,"href":"https:\/\/www.inet.edu.ar\/index.php\/wp-json\/wp\/v2\/categories?post=17339"},{"taxonomy":"post_tag","embeddable":true,"href":"https:\/\/www.inet.edu.ar\/index.php\/wp-json\/wp\/v2\/tags?post=17339"}],"curies":[{"name":"wp","href":"https:\/\/api.w.org\/{rel}","templated":true}]}}