{"id":17386,"date":"2016-11-22T18:51:00","date_gmt":"2016-11-22T21:51:00","guid":{"rendered":"https:\/\/www.inet.edu.ar\/?p=17386"},"modified":"2016-11-22T19:09:04","modified_gmt":"2016-11-22T22:09:04","slug":"muestra-provincial-de-educacion-tecnico-profesional-en-jujuy","status":"publish","type":"post","link":"https:\/\/www.inet.edu.ar\/index.php\/muestra-provincial-de-educacion-tecnico-profesional-en-jujuy\/","title":{"rendered":"Muestra provincial de Educaci\u00f3n T\u00e9cnico Profesional en Jujuy"},"content":{"rendered":"<p>San Salvador<\/p>\n<p>Como parte de los festejos por la semana de la Educaci\u00f3n T\u00e9cnica, se realiz\u00f3 la Muestra de Aula Abierta Din\u00e1mica de Educaci\u00f3n T\u00e9cnico Profesional 2016, organizada por la Direcci\u00f3n de ETP de Jujuy.<\/p>\n<p>Encabezaron el acto de apertura la ministra de Educaci\u00f3n de la provincia, Isolda Calsina; y el \u00a0director de Educaci\u00f3n T\u00e9cnico Profesional, Zen\u00f3n Sosa; junto a otras autoridades.<\/p>\n<p>La exposici\u00f3n se present\u00f3 en\u00a0el\u00a0Centro Cultural Manuel Belgrano (ex Vieja Estaci\u00f3n de Trenes), con m\u00e1s de treinta stands donde se mostraron las ofertas de formaci\u00f3n T\u00e9cnico Profesional que se brinda en\u00a0las escuelas profesionales, t\u00e9cnicas y agrot\u00e9cnicas de la provincia.\u00a0Participaron m\u00e1s de 80 proyectos de 21 instituciones de la modalidad, con alrededor de 300 alumnos y 66 docentes.<\/p>\n<p>Durante el evento, se exhibi\u00f3 el Aula Taller M\u00f3vil N\u00b04 de \u201cMantenimiento y Reparaci\u00f3n de Automotores\u201d.<\/p>\n<p>Entre los trabajos exhibidos se pudieron ver el \u00abcarting ecol\u00f3gico\u00bb, realizado por j\u00f3venes de la Escuela T\u00e9cnica \u00abSamuel Luna\u00bb de Perico, impulsado por energ\u00eda solar.<\/p>\n<p>Otros de los objetos de la exposici\u00f3n fueron los robots de la Escuela T\u00e9cnica N\u00b0 2 \u00abProf. Jes\u00fas Ra\u00fal Salazar\u00bb, robots controlados por la PC, por bluetooth (red inal\u00e1mbrica), vinculados con el controlador Arduino.<\/p>\n<p>El Centro de Formaci\u00f3n Profesional N\u00b0 1 de Mariano Moreno, present\u00f3 un \u00abBrazo Mec\u00e1nico\u00bb por medio del cual\u00a0se otorga movimiento seg\u00fan programado. Adem\u00e1s, exhibi\u00f3 un \u201cSem\u00e1foro con paneles solares\u201d para personas no videntes.<\/p>\n<p>En tanto los chicos de sexto a\u00f1o de la T\u00e9cnica 1 \u00abGeneral Savio\u00bb de Palpal\u00e1 expusieron un trabajo sobre realidad aumentada, <em>\u00abque consiste en unir el campo de la realidad virtual en el entorno real con modelos 3D y diferentes softwares libres\u00bb,\u00a0<\/em>seg\u00fan contaron.<\/p>\n<p>La Escuela Provincial N\u00b0 6 Puerta Verde, de San Pedro de Jujuy, intensific\u00f3 trabajos de campo centrados en la implementaci\u00f3n de \u201cCultivos Hidrop\u00f3nicos\u201d.<\/p>\n<p>Por su parte,\u00a0las escuelas Agrot\u00e9cnicas expusieron productos relacionados a la agroindustria.<\/p>\n<p>Participaron tambi\u00e9n las secretarias provinciales de Ciencia y Tecnolog\u00eda, Miriam Serrano; de Planeamiento Fernanda Montenovi; la directora de Planificaci\u00f3n, Vanessa Humacata; y el coordinador de Relaciones Institucionales, Patricio Mainoli.<\/p>\n<p style=\"text-align: right;\">Fuente: Direcci\u00f3n de Educaci\u00f3n T\u00e9cnica de Jujuy<\/p>\n<p style=\"text-align: left;\"><strong>Noticias relacionadas<\/strong><\/p>\n<p style=\"text-align: left;\"><a href=\"http:\/\/educacion.jujuy.gob.ar\/2016\/11\/14\/abren-la-muestra-de-educacion-tecnico-profesional-en-la-vieja-estacion\/\">\u00abAbren la muestra de educaci\u00f3n t\u00e9cnico profesional en la vieja estaci\u00f3n\u00bb- sitio web del Ministerio de Educaci\u00f3n de Jujuy<\/a><\/p>\n<p style=\"text-align: left;\"><strong>Galer\u00eda de im\u00e1genes <\/strong>(gentileza Direcci\u00f3n de Educaci\u00f3n T\u00e9cnica de Jujuy)<\/p>\n\n\t\t<style type=\"text\/css\">\n\t\t\t#gallery-1 {\n\t\t\t\tmargin: auto;\n\t\t\t}\n\t\t\t#gallery-1 .gallery-item {\n\t\t\t\tfloat: left;\n\t\t\t\tmargin-top: 10px;\n\t\t\t\ttext-align: center;\n\t\t\t\twidth: 33%;\n\t\t\t}\n\t\t\t#gallery-1 img {\n\t\t\t\tborder: 2px solid #cfcfcf;\n\t\t\t}\n\t\t\t#gallery-1 .gallery-caption {\n\t\t\t\tmargin-left: 0;\n\t\t\t}\n\t\t\t\/* see gallery_shortcode() in wp-includes\/media.php *\/\n\t\t<\/style>\n\t\t<div id='gallery-1' class='gallery galleryid-17386 gallery-columns-3 gallery-size-medium'><dl class='gallery-item'>\n\t\t\t<dt class='gallery-icon landscape'>\n\t\t\t\t<a href='https:\/\/www.inet.edu.ar\/index.php\/muestra-provincial-de-educacion-tecnico-profesional-en-jujuy\/2-2\/#main'><img loading=\"lazy\" decoding=\"async\" width=\"240\" height=\"160\" src=\"https:\/\/www.inet.edu.ar\/wp-content\/uploads\/2016\/11\/2-240x160.jpg\" class=\"attachment-medium size-medium\" alt=\"\" srcset=\"https:\/\/www.inet.edu.ar\/wp-content\/uploads\/2016\/11\/2-240x160.jpg 240w, https:\/\/www.inet.edu.ar\/wp-content\/uploads\/2016\/11\/2-150x100.jpg 150w, https:\/\/www.inet.edu.ar\/wp-content\/uploads\/2016\/11\/2-768x514.jpg 768w, https:\/\/www.inet.edu.ar\/wp-content\/uploads\/2016\/11\/2-468x313.jpg 468w, https:\/\/www.inet.edu.ar\/wp-content\/uploads\/2016\/11\/2.jpg 1017w\" sizes=\"auto, (max-width: 240px) 100vw, 240px\" \/><\/a>\n\t\t\t<\/dt><\/dl><dl class='gallery-item'>\n\t\t\t<dt class='gallery-icon landscape'>\n\t\t\t\t<a href='https:\/\/www.inet.edu.ar\/index.php\/muestra-provincial-de-educacion-tecnico-profesional-en-jujuy\/attachment\/14\/#main'><img loading=\"lazy\" decoding=\"async\" width=\"240\" height=\"160\" src=\"https:\/\/www.inet.edu.ar\/wp-content\/uploads\/2016\/11\/14-240x160.jpg\" class=\"attachment-medium size-medium\" alt=\"\" srcset=\"https:\/\/www.inet.edu.ar\/wp-content\/uploads\/2016\/11\/14-240x160.jpg 240w, https:\/\/www.inet.edu.ar\/wp-content\/uploads\/2016\/11\/14-150x100.jpg 150w, https:\/\/www.inet.edu.ar\/wp-content\/uploads\/2016\/11\/14-768x514.jpg 768w, https:\/\/www.inet.edu.ar\/wp-content\/uploads\/2016\/11\/14-468x313.jpg 468w, https:\/\/www.inet.edu.ar\/wp-content\/uploads\/2016\/11\/14.jpg 1017w\" sizes=\"auto, (max-width: 240px) 100vw, 240px\" \/><\/a>\n\t\t\t<\/dt><\/dl><dl class='gallery-item'>\n\t\t\t<dt class='gallery-icon landscape'>\n\t\t\t\t<a href='https:\/\/www.inet.edu.ar\/index.php\/muestra-provincial-de-educacion-tecnico-profesional-en-jujuy\/attachment\/18\/#main'><img loading=\"lazy\" decoding=\"async\" width=\"240\" height=\"160\" src=\"https:\/\/www.inet.edu.ar\/wp-content\/uploads\/2016\/11\/18-240x160.jpg\" class=\"attachment-medium size-medium\" alt=\"\" srcset=\"https:\/\/www.inet.edu.ar\/wp-content\/uploads\/2016\/11\/18-240x160.jpg 240w, https:\/\/www.inet.edu.ar\/wp-content\/uploads\/2016\/11\/18-150x100.jpg 150w, https:\/\/www.inet.edu.ar\/wp-content\/uploads\/2016\/11\/18-768x514.jpg 768w, https:\/\/www.inet.edu.ar\/wp-content\/uploads\/2016\/11\/18-468x313.jpg 468w, https:\/\/www.inet.edu.ar\/wp-content\/uploads\/2016\/11\/18.jpg 1017w\" sizes=\"auto, (max-width: 240px) 100vw, 240px\" \/><\/a>\n\t\t\t<\/dt><\/dl><br style=\"clear: both\" \/><dl class='gallery-item'>\n\t\t\t<dt class='gallery-icon landscape'>\n\t\t\t\t<a href='https:\/\/www.inet.edu.ar\/index.php\/muestra-provincial-de-educacion-tecnico-profesional-en-jujuy\/attachment\/31\/#main'><img loading=\"lazy\" decoding=\"async\" width=\"240\" height=\"160\" src=\"https:\/\/www.inet.edu.ar\/wp-content\/uploads\/2016\/11\/31-240x160.jpg\" class=\"attachment-medium size-medium\" alt=\"\" srcset=\"https:\/\/www.inet.edu.ar\/wp-content\/uploads\/2016\/11\/31-240x160.jpg 240w, https:\/\/www.inet.edu.ar\/wp-content\/uploads\/2016\/11\/31-150x100.jpg 150w, https:\/\/www.inet.edu.ar\/wp-content\/uploads\/2016\/11\/31-768x514.jpg 768w, https:\/\/www.inet.edu.ar\/wp-content\/uploads\/2016\/11\/31-468x313.jpg 468w, https:\/\/www.inet.edu.ar\/wp-content\/uploads\/2016\/11\/31.jpg 1017w\" sizes=\"auto, (max-width: 240px) 100vw, 240px\" \/><\/a>\n\t\t\t<\/dt><\/dl><dl class='gallery-item'>\n\t\t\t<dt class='gallery-icon landscape'>\n\t\t\t\t<a href='https:\/\/www.inet.edu.ar\/index.php\/muestra-provincial-de-educacion-tecnico-profesional-en-jujuy\/attachment\/34\/#main'><img loading=\"lazy\" decoding=\"async\" width=\"240\" height=\"160\" src=\"https:\/\/www.inet.edu.ar\/wp-content\/uploads\/2016\/11\/34-240x160.jpg\" class=\"attachment-medium size-medium\" alt=\"\" srcset=\"https:\/\/www.inet.edu.ar\/wp-content\/uploads\/2016\/11\/34-240x160.jpg 240w, https:\/\/www.inet.edu.ar\/wp-content\/uploads\/2016\/11\/34-150x100.jpg 150w, https:\/\/www.inet.edu.ar\/wp-content\/uploads\/2016\/11\/34-768x514.jpg 768w, https:\/\/www.inet.edu.ar\/wp-content\/uploads\/2016\/11\/34-468x313.jpg 468w, https:\/\/www.inet.edu.ar\/wp-content\/uploads\/2016\/11\/34.jpg 1017w\" sizes=\"auto, (max-width: 240px) 100vw, 240px\" \/><\/a>\n\t\t\t<\/dt><\/dl><dl class='gallery-item'>\n\t\t\t<dt class='gallery-icon landscape'>\n\t\t\t\t<a href='https:\/\/www.inet.edu.ar\/index.php\/muestra-provincial-de-educacion-tecnico-profesional-en-jujuy\/attachment\/43\/#main'><img loading=\"lazy\" decoding=\"async\" width=\"240\" height=\"160\" src=\"https:\/\/www.inet.edu.ar\/wp-content\/uploads\/2016\/11\/43-240x160.jpg\" class=\"attachment-medium size-medium\" alt=\"\" srcset=\"https:\/\/www.inet.edu.ar\/wp-content\/uploads\/2016\/11\/43-240x160.jpg 240w, https:\/\/www.inet.edu.ar\/wp-content\/uploads\/2016\/11\/43-150x100.jpg 150w, https:\/\/www.inet.edu.ar\/wp-content\/uploads\/2016\/11\/43-768x514.jpg 768w, https:\/\/www.inet.edu.ar\/wp-content\/uploads\/2016\/11\/43-468x313.jpg 468w, https:\/\/www.inet.edu.ar\/wp-content\/uploads\/2016\/11\/43.jpg 1017w\" sizes=\"auto, (max-width: 240px) 100vw, 240px\" \/><\/a>\n\t\t\t<\/dt><\/dl><br style=\"clear: both\" \/>\n\t\t<\/div>\n\n<p style=\"text-align: left;\">\n","protected":false},"excerpt":{"rendered":"<p>San Salvador Como parte de los festejos por la semana de la Educaci\u00f3n T\u00e9cnica, se realiz\u00f3 la Muestra de Aula Abierta Din\u00e1mica de Educaci\u00f3n T\u00e9cnico Profesional 2016, organizada por la Direcci\u00f3n de ETP de Jujuy. Encabezaron el acto de apertura la ministra de Educaci\u00f3n de la provincia, Isolda Calsina; y el \u00a0director de Educaci\u00f3n T\u00e9cnico [&hellip;]<\/p>\n","protected":false},"author":7,"featured_media":17390,"comment_status":"closed","ping_status":"open","sticky":false,"template":"","format":"standard","meta":{"footnotes":""},"categories":[1,14],"tags":[],"class_list":["post-17386","post","type-post","status-publish","format-standard","has-post-thumbnail","hentry","category-noticias","category-noticias-fijas"],"_links":{"self":[{"href":"https:\/\/www.inet.edu.ar\/index.php\/wp-json\/wp\/v2\/posts\/17386","targetHints":{"allow":["GET"]}}],"collection":[{"href":"https:\/\/www.inet.edu.ar\/index.php\/wp-json\/wp\/v2\/posts"}],"about":[{"href":"https:\/\/www.inet.edu.ar\/index.php\/wp-json\/wp\/v2\/types\/post"}],"author":[{"embeddable":true,"href":"https:\/\/www.inet.edu.ar\/index.php\/wp-json\/wp\/v2\/users\/7"}],"replies":[{"embeddable":true,"href":"https:\/\/www.inet.edu.ar\/index.php\/wp-json\/wp\/v2\/comments?post=17386"}],"version-history":[{"count":6,"href":"https:\/\/www.inet.edu.ar\/index.php\/wp-json\/wp\/v2\/posts\/17386\/revisions"}],"predecessor-version":[{"id":17399,"href":"https:\/\/www.inet.edu.ar\/index.php\/wp-json\/wp\/v2\/posts\/17386\/revisions\/17399"}],"wp:featuredmedia":[{"embeddable":true,"href":"https:\/\/www.inet.edu.ar\/index.php\/wp-json\/wp\/v2\/media\/17390"}],"wp:attachment":[{"href":"https:\/\/www.inet.edu.ar\/index.php\/wp-json\/wp\/v2\/media?parent=17386"}],"wp:term":[{"taxonomy":"category","embeddable":true,"href":"https:\/\/www.inet.edu.ar\/index.php\/wp-json\/wp\/v2\/categories?post=17386"},{"taxonomy":"post_tag","embeddable":true,"href":"https:\/\/www.inet.edu.ar\/index.php\/wp-json\/wp\/v2\/tags?post=17386"}],"curies":[{"name":"wp","href":"https:\/\/api.w.org\/{rel}","templated":true}]}}