{"id":17412,"date":"2016-11-23T18:08:11","date_gmt":"2016-11-23T21:08:11","guid":{"rendered":"https:\/\/www.inet.edu.ar\/?p=17412"},"modified":"2016-11-23T18:42:09","modified_gmt":"2016-11-23T21:42:09","slug":"nueva-capacitacion-para-que-alumnos-de-escuelas-tecnicas-reparen-netbooks","status":"publish","type":"post","link":"https:\/\/www.inet.edu.ar\/index.php\/nueva-capacitacion-para-que-alumnos-de-escuelas-tecnicas-reparen-netbooks\/","title":{"rendered":"Nueva capacitaci\u00f3n para que alumnos de escuelas t\u00e9cnicas reparen netbooks"},"content":{"rendered":"<p>En el d\u00eda de hoy se realiz\u00f3 una instancia pendiente de capacitaci\u00f3n del Nivel 1 de Reparaci\u00f3n del Programa \u201cReparo tu netbook\u201d en la sede del INET. Encabez\u00f3 el evento el coordinador de Innovaci\u00f3n Tecnol\u00f3gica y Fortalecimiento Institucional, Alejandro Frankel.<\/p>\n<p>Este Programa (de alcance nacional) consiste en la participaci\u00f3n activa de estudiantes de escuelas t\u00e9cnicas de todo el pa\u00eds en el diagn\u00f3stico y reparaci\u00f3n de las netbook del \u201cPrograma Conectar Igualdad\u201d que fueron distribuidas a alumnos y docentes de las escuelas Secundarias, de Educaci\u00f3n Especial y de institutos de Formaci\u00f3n Docente de gesti\u00f3n estatal del pa\u00eds. El objetivo es que los alumnos t\u00e9cnicos reparen los equipos como parte de sus pr\u00e1cticas.<\/p>\n<p>De esta manera, terminamos las capacitaciones de Nivel de software, destinadas a perfiles t\u00e9cnico\/docentes de distintas provincias, que se est\u00e1n replicando en sus respectivas jurisdicciones. Est\u00e1 siendo capacitada la provincia de Chubut que ten\u00eda la misma pendiente, as\u00ed como un par de representantes de la provincia de San Luis que necesitaron ampliar destinatarios.<\/p>\n<p>La capacitaci\u00f3n, dictada junto con gente de ANSES\/Educ.ar involucrada en el plan Conectar Igualdad, consiste en diagnosticar equipos con fallas de funcionamiento a nivel software (Nivel 1 de Reparaci\u00f3n). M\u00e1s adelante se realizar\u00e1n capacitaciones para encarar tambi\u00e9n el Nivel 2 que incluye tambi\u00e9n la soluci\u00f3n de problemas de hardware.<\/p>\n<p><span style=\"text-decoration: underline;\">Acerca del Programa \u201cReparo tu netbook\u201d<\/span><\/p>\n<p>\u201cReparo tu netbook\u201d es un Programa que el INET coordina con equipos t\u00e9cnicos de ANSES y de Educ.ar. Se trata de un proyecto en construcci\u00f3n constante, que incluye a m\u00faltiples equipos de gesti\u00f3n trabajando en forma conjunta, y que se ir\u00e1 implementando en 2017 en funci\u00f3n de las realidades de cada jurisdicci\u00f3n.<\/p>\n<p>Con este nuevo Programa, mejorar\u00e1n las pr\u00e1cticas y la empleabilidad de alumnos y egresados de escuelas t\u00e9cnicas, bajar\u00e1n los costos de reparaci\u00f3n de las netbooks, y se agilizar\u00e1n los tiempos para los estudiantes no dejen de trabajar en sus equipos.<\/p>\n<p><strong>Noticias relacionadas<\/strong><\/p>\n<p><a href=\"https:\/\/www.inet.edu.ar\/index.php\/reparo-tu-netbook-primeras-jornadas-de-capacitacion-para-que-alumnos-de-escuelas-tecnicas-reparen-netbooks\/\">\u201cReparo tu netbook\u201d: Primeras jornadas de capacitaci\u00f3n para que alumnos de escuelas t\u00e9cnicas reparen netbooks\u201d<\/a><\/p>\n<p><a href=\"https:\/\/www.inet.edu.ar\/index.php\/reparo-tu-netbook-nuevas-capacitaciones-para-que-alumnos-de-escuelas-tecnicas-reparen-netbooks\/\">\u201cReparo tu netbook: Nuevas capacitaciones para que alumnos de escuelas t\u00e9cnicas reparen netbooks\u201d<\/a><\/p>\n<p><a href=\"https:\/\/www.inet.edu.ar\/index.php\/nueva-capacitacion-del-programa-reparo-tu-netbook-coordinada-con-anses-y-educ-ar\/\">Nueva capacitaci\u00f3n del programa \u201cReparo tu netbook\u201d, coordinada con ANSES y Educ.ar<\/a><\/p>\n<p><strong>Galer\u00eda de im\u00e1genes<\/strong><\/p>\n\n\t\t<style type=\"text\/css\">\n\t\t\t#gallery-1 {\n\t\t\t\tmargin: auto;\n\t\t\t}\n\t\t\t#gallery-1 .gallery-item {\n\t\t\t\tfloat: left;\n\t\t\t\tmargin-top: 10px;\n\t\t\t\ttext-align: center;\n\t\t\t\twidth: 33%;\n\t\t\t}\n\t\t\t#gallery-1 img {\n\t\t\t\tborder: 2px solid #cfcfcf;\n\t\t\t}\n\t\t\t#gallery-1 .gallery-caption {\n\t\t\t\tmargin-left: 0;\n\t\t\t}\n\t\t\t\/* see gallery_shortcode() in wp-includes\/media.php *\/\n\t\t<\/style>\n\t\t<div id='gallery-1' class='gallery galleryid-17412 gallery-columns-3 gallery-size-medium'><dl class='gallery-item'>\n\t\t\t<dt class='gallery-icon landscape'>\n\t\t\t\t<a href='https:\/\/www.inet.edu.ar\/index.php\/nueva-capacitacion-para-que-alumnos-de-escuelas-tecnicas-reparen-netbooks\/baja-5\/#main'><img loading=\"lazy\" decoding=\"async\" width=\"240\" height=\"160\" src=\"https:\/\/www.inet.edu.ar\/wp-content\/uploads\/2016\/11\/baja-5-240x160.jpg\" class=\"attachment-medium size-medium\" alt=\"\" srcset=\"https:\/\/www.inet.edu.ar\/wp-content\/uploads\/2016\/11\/baja-5-240x160.jpg 240w, https:\/\/www.inet.edu.ar\/wp-content\/uploads\/2016\/11\/baja-5-150x100.jpg 150w, https:\/\/www.inet.edu.ar\/wp-content\/uploads\/2016\/11\/baja-5-768x512.jpg 768w, https:\/\/www.inet.edu.ar\/wp-content\/uploads\/2016\/11\/baja-5-468x312.jpg 468w\" sizes=\"auto, (max-width: 240px) 100vw, 240px\" \/><\/a>\n\t\t\t<\/dt><\/dl><dl class='gallery-item'>\n\t\t\t<dt class='gallery-icon landscape'>\n\t\t\t\t<a href='https:\/\/www.inet.edu.ar\/index.php\/nueva-capacitacion-para-que-alumnos-de-escuelas-tecnicas-reparen-netbooks\/baja-1\/#main'><img loading=\"lazy\" decoding=\"async\" width=\"240\" height=\"160\" src=\"https:\/\/www.inet.edu.ar\/wp-content\/uploads\/2016\/11\/baja-1-240x160.jpg\" class=\"attachment-medium size-medium\" alt=\"\" srcset=\"https:\/\/www.inet.edu.ar\/wp-content\/uploads\/2016\/11\/baja-1-240x160.jpg 240w, https:\/\/www.inet.edu.ar\/wp-content\/uploads\/2016\/11\/baja-1-150x100.jpg 150w, https:\/\/www.inet.edu.ar\/wp-content\/uploads\/2016\/11\/baja-1-768x512.jpg 768w, https:\/\/www.inet.edu.ar\/wp-content\/uploads\/2016\/11\/baja-1-468x312.jpg 468w\" sizes=\"auto, (max-width: 240px) 100vw, 240px\" \/><\/a>\n\t\t\t<\/dt><\/dl><dl class='gallery-item'>\n\t\t\t<dt class='gallery-icon landscape'>\n\t\t\t\t<a href='https:\/\/www.inet.edu.ar\/index.php\/nueva-capacitacion-para-que-alumnos-de-escuelas-tecnicas-reparen-netbooks\/baja-2\/#main'><img loading=\"lazy\" decoding=\"async\" width=\"240\" height=\"160\" src=\"https:\/\/www.inet.edu.ar\/wp-content\/uploads\/2016\/11\/baja-2-240x160.jpg\" class=\"attachment-medium size-medium\" alt=\"\" srcset=\"https:\/\/www.inet.edu.ar\/wp-content\/uploads\/2016\/11\/baja-2-240x160.jpg 240w, https:\/\/www.inet.edu.ar\/wp-content\/uploads\/2016\/11\/baja-2-150x100.jpg 150w, https:\/\/www.inet.edu.ar\/wp-content\/uploads\/2016\/11\/baja-2-768x512.jpg 768w, https:\/\/www.inet.edu.ar\/wp-content\/uploads\/2016\/11\/baja-2-468x312.jpg 468w\" sizes=\"auto, (max-width: 240px) 100vw, 240px\" \/><\/a>\n\t\t\t<\/dt><\/dl><br style=\"clear: both\" \/><dl class='gallery-item'>\n\t\t\t<dt class='gallery-icon landscape'>\n\t\t\t\t<a href='https:\/\/www.inet.edu.ar\/index.php\/nueva-capacitacion-para-que-alumnos-de-escuelas-tecnicas-reparen-netbooks\/baja-3\/#main'><img loading=\"lazy\" decoding=\"async\" width=\"240\" height=\"160\" src=\"https:\/\/www.inet.edu.ar\/wp-content\/uploads\/2016\/11\/baja-3-240x160.jpg\" class=\"attachment-medium size-medium\" alt=\"\" srcset=\"https:\/\/www.inet.edu.ar\/wp-content\/uploads\/2016\/11\/baja-3-240x160.jpg 240w, https:\/\/www.inet.edu.ar\/wp-content\/uploads\/2016\/11\/baja-3-150x100.jpg 150w, https:\/\/www.inet.edu.ar\/wp-content\/uploads\/2016\/11\/baja-3-768x512.jpg 768w, https:\/\/www.inet.edu.ar\/wp-content\/uploads\/2016\/11\/baja-3-468x312.jpg 468w\" sizes=\"auto, (max-width: 240px) 100vw, 240px\" \/><\/a>\n\t\t\t<\/dt><\/dl><dl class='gallery-item'>\n\t\t\t<dt class='gallery-icon landscape'>\n\t\t\t\t<a href='https:\/\/www.inet.edu.ar\/index.php\/nueva-capacitacion-para-que-alumnos-de-escuelas-tecnicas-reparen-netbooks\/baja-4\/#main'><img loading=\"lazy\" decoding=\"async\" width=\"240\" height=\"160\" src=\"https:\/\/www.inet.edu.ar\/wp-content\/uploads\/2016\/11\/baja-4-240x160.jpg\" class=\"attachment-medium size-medium\" alt=\"\" srcset=\"https:\/\/www.inet.edu.ar\/wp-content\/uploads\/2016\/11\/baja-4-240x160.jpg 240w, https:\/\/www.inet.edu.ar\/wp-content\/uploads\/2016\/11\/baja-4-150x100.jpg 150w, https:\/\/www.inet.edu.ar\/wp-content\/uploads\/2016\/11\/baja-4-768x512.jpg 768w, https:\/\/www.inet.edu.ar\/wp-content\/uploads\/2016\/11\/baja-4-468x312.jpg 468w\" sizes=\"auto, (max-width: 240px) 100vw, 240px\" \/><\/a>\n\t\t\t<\/dt><\/dl><dl class='gallery-item'>\n\t\t\t<dt class='gallery-icon landscape'>\n\t\t\t\t<a href='https:\/\/www.inet.edu.ar\/index.php\/nueva-capacitacion-para-que-alumnos-de-escuelas-tecnicas-reparen-netbooks\/baja-6\/#main'><img loading=\"lazy\" decoding=\"async\" width=\"240\" height=\"160\" src=\"https:\/\/www.inet.edu.ar\/wp-content\/uploads\/2016\/11\/baja-6-240x160.jpg\" class=\"attachment-medium size-medium\" alt=\"\" srcset=\"https:\/\/www.inet.edu.ar\/wp-content\/uploads\/2016\/11\/baja-6-240x160.jpg 240w, https:\/\/www.inet.edu.ar\/wp-content\/uploads\/2016\/11\/baja-6-150x100.jpg 150w, https:\/\/www.inet.edu.ar\/wp-content\/uploads\/2016\/11\/baja-6-768x512.jpg 768w, https:\/\/www.inet.edu.ar\/wp-content\/uploads\/2016\/11\/baja-6-468x312.jpg 468w\" sizes=\"auto, (max-width: 240px) 100vw, 240px\" \/><\/a>\n\t\t\t<\/dt><\/dl><br style=\"clear: both\" \/>\n\t\t<\/div>\n\n","protected":false},"excerpt":{"rendered":"<p>En el d\u00eda de hoy se realiz\u00f3 una instancia pendiente de capacitaci\u00f3n del Nivel 1 de Reparaci\u00f3n del Programa \u201cReparo tu netbook\u201d en la sede del INET. Encabez\u00f3 el evento el coordinador de Innovaci\u00f3n Tecnol\u00f3gica y Fortalecimiento Institucional, Alejandro Frankel. Este Programa (de alcance nacional) consiste en la participaci\u00f3n activa de estudiantes de escuelas t\u00e9cnicas [&hellip;]<\/p>\n","protected":false},"author":7,"featured_media":17417,"comment_status":"closed","ping_status":"open","sticky":false,"template":"","format":"standard","meta":{"footnotes":""},"categories":[1,14],"tags":[],"class_list":["post-17412","post","type-post","status-publish","format-standard","has-post-thumbnail","hentry","category-noticias","category-noticias-fijas"],"_links":{"self":[{"href":"https:\/\/www.inet.edu.ar\/index.php\/wp-json\/wp\/v2\/posts\/17412","targetHints":{"allow":["GET"]}}],"collection":[{"href":"https:\/\/www.inet.edu.ar\/index.php\/wp-json\/wp\/v2\/posts"}],"about":[{"href":"https:\/\/www.inet.edu.ar\/index.php\/wp-json\/wp\/v2\/types\/post"}],"author":[{"embeddable":true,"href":"https:\/\/www.inet.edu.ar\/index.php\/wp-json\/wp\/v2\/users\/7"}],"replies":[{"embeddable":true,"href":"https:\/\/www.inet.edu.ar\/index.php\/wp-json\/wp\/v2\/comments?post=17412"}],"version-history":[{"count":2,"href":"https:\/\/www.inet.edu.ar\/index.php\/wp-json\/wp\/v2\/posts\/17412\/revisions"}],"predecessor-version":[{"id":17420,"href":"https:\/\/www.inet.edu.ar\/index.php\/wp-json\/wp\/v2\/posts\/17412\/revisions\/17420"}],"wp:featuredmedia":[{"embeddable":true,"href":"https:\/\/www.inet.edu.ar\/index.php\/wp-json\/wp\/v2\/media\/17417"}],"wp:attachment":[{"href":"https:\/\/www.inet.edu.ar\/index.php\/wp-json\/wp\/v2\/media?parent=17412"}],"wp:term":[{"taxonomy":"category","embeddable":true,"href":"https:\/\/www.inet.edu.ar\/index.php\/wp-json\/wp\/v2\/categories?post=17412"},{"taxonomy":"post_tag","embeddable":true,"href":"https:\/\/www.inet.edu.ar\/index.php\/wp-json\/wp\/v2\/tags?post=17412"}],"curies":[{"name":"wp","href":"https:\/\/api.w.org\/{rel}","templated":true}]}}