{"id":17458,"date":"2016-11-24T18:22:15","date_gmt":"2016-11-24T21:22:15","guid":{"rendered":"https:\/\/www.inet.edu.ar\/?p=17458"},"modified":"2016-11-24T18:23:09","modified_gmt":"2016-11-24T21:23:09","slug":"comision-tecnica-de-energia-electrica-y-renovables-para-la-elaboracion-de-perfiles-profesionales","status":"publish","type":"post","link":"https:\/\/www.inet.edu.ar\/index.php\/comision-tecnica-de-energia-electrica-y-renovables-para-la-elaboracion-de-perfiles-profesionales\/","title":{"rendered":"Comisi\u00f3n T\u00e9cnica de Energ\u00eda El\u00e9ctrica y Renovables para la elaboraci\u00f3n de perfiles profesionales"},"content":{"rendered":"<p>CABA<\/p>\n<p>En el d\u00eda de hoy se realiz\u00f3 una nueva reuni\u00f3n de la Comisi\u00f3n T\u00e9cnica de Energ\u00eda El\u00e9ctrica y Renovables. Encabez\u00f3 el evento el secretario permanente del <a href=\"https:\/\/www.inet.edu.ar\/index.php\/institucional\/conetyp\/\">Consejo Nacional de Educaci\u00f3n, Trabajo y Producci\u00f3n (CoNETyP)<\/a>, Santiago de la Barrera; y equipo INET.<\/p>\n<p>Participaron representantes de los Ministerios de\u00a0Energ\u00eda y Miner\u00eda, y de Medio Ambiente y Desarrollo Sustentable, Santiago Bellomo y Javier Finkelstein, respectivamente.<\/p>\n<p>Hoy se profundiz\u00f3 y finaliz\u00f3 una vez m\u00e1s la elaboraci\u00f3n del resumen del perfil de Gestor Energ\u00e9tico a fin de presentarlo al Foro respecto a realizarse el pr\u00f3ximo 5 de diciembre. Adem\u00e1s se trataron temas para el perfil de Montador E\u00f3lico, que ser\u00e1 el pr\u00f3ximo a elaborarse.<\/p>\n<p><a href=\"https:\/\/www.inet.edu.ar\/wp-content\/uploads\/2016\/11\/2-1.jpg\"><img loading=\"lazy\" decoding=\"async\" class=\"size-medium wp-image-17460 aligncenter\" src=\"https:\/\/www.inet.edu.ar\/wp-content\/uploads\/2016\/11\/2-1-240x143.jpg\" alt=\"Comisi\u00f3n T\u00e9cnica de Energ\u00eda El\u00e9ctrica y Renovables para la elaboraci\u00f3n de perfiles profesionales\" width=\"240\" height=\"143\" srcset=\"https:\/\/www.inet.edu.ar\/wp-content\/uploads\/2016\/11\/2-1-240x143.jpg 240w, https:\/\/www.inet.edu.ar\/wp-content\/uploads\/2016\/11\/2-1-768x458.jpg 768w, https:\/\/www.inet.edu.ar\/wp-content\/uploads\/2016\/11\/2-1-468x279.jpg 468w, https:\/\/www.inet.edu.ar\/wp-content\/uploads\/2016\/11\/2-1.jpg 1024w\" sizes=\"auto, (max-width: 240px) 100vw, 240px\" \/><\/a><\/p>\n","protected":false},"excerpt":{"rendered":"<p>CABA En el d\u00eda de hoy se realiz\u00f3 una nueva reuni\u00f3n de la Comisi\u00f3n T\u00e9cnica de Energ\u00eda El\u00e9ctrica y Renovables. Encabez\u00f3 el evento el secretario permanente del Consejo Nacional de Educaci\u00f3n, Trabajo y Producci\u00f3n (CoNETyP), Santiago de la Barrera; y equipo INET. Participaron representantes de los Ministerios de\u00a0Energ\u00eda y Miner\u00eda, y de Medio Ambiente y [&hellip;]<\/p>\n","protected":false},"author":7,"featured_media":17460,"comment_status":"closed","ping_status":"open","sticky":false,"template":"","format":"standard","meta":{"footnotes":""},"categories":[1,14],"tags":[],"class_list":["post-17458","post","type-post","status-publish","format-standard","has-post-thumbnail","hentry","category-noticias","category-noticias-fijas"],"_links":{"self":[{"href":"https:\/\/www.inet.edu.ar\/index.php\/wp-json\/wp\/v2\/posts\/17458","targetHints":{"allow":["GET"]}}],"collection":[{"href":"https:\/\/www.inet.edu.ar\/index.php\/wp-json\/wp\/v2\/posts"}],"about":[{"href":"https:\/\/www.inet.edu.ar\/index.php\/wp-json\/wp\/v2\/types\/post"}],"author":[{"embeddable":true,"href":"https:\/\/www.inet.edu.ar\/index.php\/wp-json\/wp\/v2\/users\/7"}],"replies":[{"embeddable":true,"href":"https:\/\/www.inet.edu.ar\/index.php\/wp-json\/wp\/v2\/comments?post=17458"}],"version-history":[{"count":3,"href":"https:\/\/www.inet.edu.ar\/index.php\/wp-json\/wp\/v2\/posts\/17458\/revisions"}],"predecessor-version":[{"id":17462,"href":"https:\/\/www.inet.edu.ar\/index.php\/wp-json\/wp\/v2\/posts\/17458\/revisions\/17462"}],"wp:featuredmedia":[{"embeddable":true,"href":"https:\/\/www.inet.edu.ar\/index.php\/wp-json\/wp\/v2\/media\/17460"}],"wp:attachment":[{"href":"https:\/\/www.inet.edu.ar\/index.php\/wp-json\/wp\/v2\/media?parent=17458"}],"wp:term":[{"taxonomy":"category","embeddable":true,"href":"https:\/\/www.inet.edu.ar\/index.php\/wp-json\/wp\/v2\/categories?post=17458"},{"taxonomy":"post_tag","embeddable":true,"href":"https:\/\/www.inet.edu.ar\/index.php\/wp-json\/wp\/v2\/tags?post=17458"}],"curies":[{"name":"wp","href":"https:\/\/api.w.org\/{rel}","templated":true}]}}