{"id":17562,"date":"2016-12-01T14:48:54","date_gmt":"2016-12-01T17:48:54","guid":{"rendered":"https:\/\/www.inet.edu.ar\/?p=17562"},"modified":"2016-12-01T15:28:30","modified_gmt":"2016-12-01T18:28:30","slug":"el-consejo-federal-de-educacion-aprobo-inversiones-en-instituciones-de-etp-y-en-aulas-talleres-moviles","status":"publish","type":"post","link":"https:\/\/www.inet.edu.ar\/index.php\/el-consejo-federal-de-educacion-aprobo-inversiones-en-instituciones-de-etp-y-en-aulas-talleres-moviles\/","title":{"rendered":"El Consejo Federal de Educaci\u00f3n aprob\u00f3 inversiones en instituciones de ETP y en Aulas Talleres M\u00f3viles"},"content":{"rendered":"<p>Bariloche, R\u00edo Negro<\/p>\n<p>El INET particip\u00f3 de la 76\u00b0 reuni\u00f3n del Consejo Federal de Educaci\u00f3n\u00a0(CFE), presidida por el ministro de Educaci\u00f3n y Deportes de la Naci\u00f3n, Esteban Bullrich, que se realiz\u00f3 ayer en Bariloche.\u00a0El CFE re\u00fane a los ministros de Educaci\u00f3n de todo el pa\u00eds con el objetivo de debatir sobre las pol\u00edticas nacionales a trav\u00e9s de un trabajo articulado.<\/p>\n<p>La inauguraci\u00f3n del evento estuvo a cargo del ministro Bullrich; y del gobernador de la provincia, Alberto Weretilneck.<\/p>\n<p>Junto al director ejecutivo del INET, Gabriel S\u00e1nchez Zinny, presentamos\u00a0varias resoluciones sobre Educaci\u00f3n T\u00e9cnico Profesional. Los ministros de todo el pa\u00eds aprobaron inversiones en instituciones de la modalidad y en Aulas Talleres M\u00f3viles.<\/p>\n<p><strong>Noticias relacionadas<\/strong><\/p>\n<p><a href=\"http:\/\/www.educacion.rionegro.gov.ar\/desarrollo_noti.php?id=5007\">\u00abR\u00edo Negro desarroll\u00f3 con \u00e9xito la 76\u00ba asamblea del Consejo Federal de Educaci\u00f3n\u00bb-sitio web del Ministerio de Educaci\u00f3n y Derechos Humanos de R\u00edo Negro<\/a><\/p>\n<p><a href=\"https:\/\/www.inet.edu.ar\/wp-content\/uploads\/2016\/12\/IMG-20161130-WA0001.jpg\"><img loading=\"lazy\" decoding=\"async\" class=\"size-medium wp-image-17571 aligncenter\" src=\"https:\/\/www.inet.edu.ar\/wp-content\/uploads\/2016\/12\/IMG-20161130-WA0001-240x180.jpg\" alt=\"director del INET en CFE de Bariloche\" width=\"240\" height=\"180\" srcset=\"https:\/\/www.inet.edu.ar\/wp-content\/uploads\/2016\/12\/IMG-20161130-WA0001-240x180.jpg 240w, https:\/\/www.inet.edu.ar\/wp-content\/uploads\/2016\/12\/IMG-20161130-WA0001-768x576.jpg 768w, https:\/\/www.inet.edu.ar\/wp-content\/uploads\/2016\/12\/IMG-20161130-WA0001-468x351.jpg 468w, https:\/\/www.inet.edu.ar\/wp-content\/uploads\/2016\/12\/IMG-20161130-WA0001.jpg 1024w\" sizes=\"auto, (max-width: 240px) 100vw, 240px\" \/><\/a><\/p>\n","protected":false},"excerpt":{"rendered":"<p>Bariloche, R\u00edo Negro El INET particip\u00f3 de la 76\u00b0 reuni\u00f3n del Consejo Federal de Educaci\u00f3n\u00a0(CFE), presidida por el ministro de Educaci\u00f3n y Deportes de la Naci\u00f3n, Esteban Bullrich, que se realiz\u00f3 ayer en Bariloche.\u00a0El CFE re\u00fane a los ministros de Educaci\u00f3n de todo el pa\u00eds con el objetivo de debatir sobre las pol\u00edticas nacionales a [&hellip;]<\/p>\n","protected":false},"author":7,"featured_media":17571,"comment_status":"closed","ping_status":"open","sticky":false,"template":"","format":"standard","meta":{"footnotes":""},"categories":[1,14],"tags":[],"class_list":["post-17562","post","type-post","status-publish","format-standard","has-post-thumbnail","hentry","category-noticias","category-noticias-fijas"],"_links":{"self":[{"href":"https:\/\/www.inet.edu.ar\/index.php\/wp-json\/wp\/v2\/posts\/17562","targetHints":{"allow":["GET"]}}],"collection":[{"href":"https:\/\/www.inet.edu.ar\/index.php\/wp-json\/wp\/v2\/posts"}],"about":[{"href":"https:\/\/www.inet.edu.ar\/index.php\/wp-json\/wp\/v2\/types\/post"}],"author":[{"embeddable":true,"href":"https:\/\/www.inet.edu.ar\/index.php\/wp-json\/wp\/v2\/users\/7"}],"replies":[{"embeddable":true,"href":"https:\/\/www.inet.edu.ar\/index.php\/wp-json\/wp\/v2\/comments?post=17562"}],"version-history":[{"count":4,"href":"https:\/\/www.inet.edu.ar\/index.php\/wp-json\/wp\/v2\/posts\/17562\/revisions"}],"predecessor-version":[{"id":17574,"href":"https:\/\/www.inet.edu.ar\/index.php\/wp-json\/wp\/v2\/posts\/17562\/revisions\/17574"}],"wp:featuredmedia":[{"embeddable":true,"href":"https:\/\/www.inet.edu.ar\/index.php\/wp-json\/wp\/v2\/media\/17571"}],"wp:attachment":[{"href":"https:\/\/www.inet.edu.ar\/index.php\/wp-json\/wp\/v2\/media?parent=17562"}],"wp:term":[{"taxonomy":"category","embeddable":true,"href":"https:\/\/www.inet.edu.ar\/index.php\/wp-json\/wp\/v2\/categories?post=17562"},{"taxonomy":"post_tag","embeddable":true,"href":"https:\/\/www.inet.edu.ar\/index.php\/wp-json\/wp\/v2\/tags?post=17562"}],"curies":[{"name":"wp","href":"https:\/\/api.w.org\/{rel}","templated":true}]}}