{"id":17740,"date":"2016-12-14T15:05:53","date_gmt":"2016-12-14T18:05:53","guid":{"rendered":"https:\/\/www.inet.edu.ar\/?p=17740"},"modified":"2016-12-14T15:05:53","modified_gmt":"2016-12-14T18:05:53","slug":"programa-111-mil-programadores-capacitacion-a-instructores-de-universidades","status":"publish","type":"post","link":"https:\/\/www.inet.edu.ar\/index.php\/programa-111-mil-programadores-capacitacion-a-instructores-de-universidades\/","title":{"rendered":"Programa 111 Mil Programadores: Capacitaci\u00f3n a instructores de universidades"},"content":{"rendered":"<p>CABA<\/p>\n<p>El sector inform\u00e1tico\u00a0es uno de los que tiene mayores perspectivas de crecimiento para los pr\u00f3ximos a\u00f1os. Por eso, el \u201cPrograma de Est\u00edmulo a la Formaci\u00f3n de Analistas del Conocimiento\u201d, promovido por el gobierno nacional, persigue generar en cuatro a\u00f1os 111 mil personas con los conocimientos y destrezas para trabajar en el sector.\u00a0Se trata de un programa de formaci\u00f3n -a trav\u00e9s de cursos gratuitos- que permite una amplia inserci\u00f3n laboral.<\/p>\n<p>En el marco de este programa, m\u00e1s conocido como \u201cPrograma 111 Mil Programadores\u201d, hoy y ma\u00f1ana estamos realizando una capacitaci\u00f3n intensiva a formadores provenientes de universidades de todo el pa\u00eds.<\/p>\n<p>Para m\u00e1s informaci\u00f3n: <a href=\"https:\/\/www.argentina.gob.ar\/111mil\">\u201cPrograma 111 Mil\u201d<\/a><\/p>\n<p><strong>Noticias relacionadas<\/strong><\/p>\n<p><a href=\"https:\/\/www.inet.edu.ar\/index.php\/programa-111-mil-programadores-capacitacion-a-formadores-de-buenos-aires\/\">\u00abPrograma 111 Mil Programadores: Capacitaci\u00f3n a formadores de Buenos Aires\u00bb<\/a><\/p>\n<p><a href=\"https:\/\/www.inet.edu.ar\/index.php\/presentamos-el-programa-111-mil-analistas-del-conocimiento\/\">\u00abPresentamos el Programa 111 Mil Analistas del Conocimiento\u00bb<\/a><\/p>\n<p><strong>Galer\u00eda de im\u00e1genes<\/strong><\/p>\n\n\t\t<style type=\"text\/css\">\n\t\t\t#gallery-1 {\n\t\t\t\tmargin: auto;\n\t\t\t}\n\t\t\t#gallery-1 .gallery-item {\n\t\t\t\tfloat: left;\n\t\t\t\tmargin-top: 10px;\n\t\t\t\ttext-align: center;\n\t\t\t\twidth: 33%;\n\t\t\t}\n\t\t\t#gallery-1 img {\n\t\t\t\tborder: 2px solid #cfcfcf;\n\t\t\t}\n\t\t\t#gallery-1 .gallery-caption {\n\t\t\t\tmargin-left: 0;\n\t\t\t}\n\t\t\t\/* see gallery_shortcode() in wp-includes\/media.php *\/\n\t\t<\/style>\n\t\t<div id='gallery-1' class='gallery galleryid-17740 gallery-columns-3 gallery-size-medium'><dl class='gallery-item'>\n\t\t\t<dt class='gallery-icon landscape'>\n\t\t\t\t<a href='https:\/\/www.inet.edu.ar\/index.php\/programa-111-mil-programadores-capacitacion-a-instructores-de-universidades\/dsc_0411\/#main'><img loading=\"lazy\" decoding=\"async\" width=\"240\" height=\"160\" src=\"https:\/\/www.inet.edu.ar\/wp-content\/uploads\/2016\/12\/DSC_0411-240x160.jpg\" class=\"attachment-medium size-medium\" alt=\"\" srcset=\"https:\/\/www.inet.edu.ar\/wp-content\/uploads\/2016\/12\/DSC_0411-240x160.jpg 240w, https:\/\/www.inet.edu.ar\/wp-content\/uploads\/2016\/12\/DSC_0411-150x100.jpg 150w, https:\/\/www.inet.edu.ar\/wp-content\/uploads\/2016\/12\/DSC_0411-768x512.jpg 768w, https:\/\/www.inet.edu.ar\/wp-content\/uploads\/2016\/12\/DSC_0411-468x312.jpg 468w\" sizes=\"auto, (max-width: 240px) 100vw, 240px\" \/><\/a>\n\t\t\t<\/dt><\/dl><dl class='gallery-item'>\n\t\t\t<dt class='gallery-icon landscape'>\n\t\t\t\t<a href='https:\/\/www.inet.edu.ar\/index.php\/programa-111-mil-programadores-capacitacion-a-instructores-de-universidades\/dsc_0413\/#main'><img loading=\"lazy\" decoding=\"async\" width=\"240\" height=\"160\" src=\"https:\/\/www.inet.edu.ar\/wp-content\/uploads\/2016\/12\/DSC_0413-240x160.jpg\" class=\"attachment-medium size-medium\" alt=\"\" srcset=\"https:\/\/www.inet.edu.ar\/wp-content\/uploads\/2016\/12\/DSC_0413-240x160.jpg 240w, https:\/\/www.inet.edu.ar\/wp-content\/uploads\/2016\/12\/DSC_0413-150x100.jpg 150w, https:\/\/www.inet.edu.ar\/wp-content\/uploads\/2016\/12\/DSC_0413-768x512.jpg 768w, https:\/\/www.inet.edu.ar\/wp-content\/uploads\/2016\/12\/DSC_0413-468x312.jpg 468w\" sizes=\"auto, (max-width: 240px) 100vw, 240px\" \/><\/a>\n\t\t\t<\/dt><\/dl><dl class='gallery-item'>\n\t\t\t<dt class='gallery-icon landscape'>\n\t\t\t\t<a href='https:\/\/www.inet.edu.ar\/index.php\/programa-111-mil-programadores-capacitacion-a-instructores-de-universidades\/dsc_0415-2\/#main'><img loading=\"lazy\" decoding=\"async\" width=\"240\" height=\"160\" src=\"https:\/\/www.inet.edu.ar\/wp-content\/uploads\/2016\/12\/DSC_0415-240x160.jpg\" class=\"attachment-medium size-medium\" alt=\"\" srcset=\"https:\/\/www.inet.edu.ar\/wp-content\/uploads\/2016\/12\/DSC_0415-240x160.jpg 240w, https:\/\/www.inet.edu.ar\/wp-content\/uploads\/2016\/12\/DSC_0415-150x100.jpg 150w, https:\/\/www.inet.edu.ar\/wp-content\/uploads\/2016\/12\/DSC_0415-768x512.jpg 768w, https:\/\/www.inet.edu.ar\/wp-content\/uploads\/2016\/12\/DSC_0415-468x312.jpg 468w\" sizes=\"auto, (max-width: 240px) 100vw, 240px\" \/><\/a>\n\t\t\t<\/dt><\/dl><br style=\"clear: both\" \/>\n\t\t<\/div>\n\n","protected":false},"excerpt":{"rendered":"<p>CABA El sector inform\u00e1tico\u00a0es uno de los que tiene mayores perspectivas de crecimiento para los pr\u00f3ximos a\u00f1os. Por eso, el \u201cPrograma de Est\u00edmulo a la Formaci\u00f3n de Analistas del Conocimiento\u201d, promovido por el gobierno nacional, persigue generar en cuatro a\u00f1os 111 mil personas con los conocimientos y destrezas para trabajar en el sector.\u00a0Se trata de [&hellip;]<\/p>\n","protected":false},"author":7,"featured_media":17744,"comment_status":"closed","ping_status":"open","sticky":false,"template":"","format":"standard","meta":{"footnotes":""},"categories":[1,14],"tags":[201],"class_list":["post-17740","post","type-post","status-publish","format-standard","has-post-thumbnail","hentry","category-noticias","category-noticias-fijas","tag-111-mil-programadores"],"_links":{"self":[{"href":"https:\/\/www.inet.edu.ar\/index.php\/wp-json\/wp\/v2\/posts\/17740","targetHints":{"allow":["GET"]}}],"collection":[{"href":"https:\/\/www.inet.edu.ar\/index.php\/wp-json\/wp\/v2\/posts"}],"about":[{"href":"https:\/\/www.inet.edu.ar\/index.php\/wp-json\/wp\/v2\/types\/post"}],"author":[{"embeddable":true,"href":"https:\/\/www.inet.edu.ar\/index.php\/wp-json\/wp\/v2\/users\/7"}],"replies":[{"embeddable":true,"href":"https:\/\/www.inet.edu.ar\/index.php\/wp-json\/wp\/v2\/comments?post=17740"}],"version-history":[{"count":2,"href":"https:\/\/www.inet.edu.ar\/index.php\/wp-json\/wp\/v2\/posts\/17740\/revisions"}],"predecessor-version":[{"id":17745,"href":"https:\/\/www.inet.edu.ar\/index.php\/wp-json\/wp\/v2\/posts\/17740\/revisions\/17745"}],"wp:featuredmedia":[{"embeddable":true,"href":"https:\/\/www.inet.edu.ar\/index.php\/wp-json\/wp\/v2\/media\/17744"}],"wp:attachment":[{"href":"https:\/\/www.inet.edu.ar\/index.php\/wp-json\/wp\/v2\/media?parent=17740"}],"wp:term":[{"taxonomy":"category","embeddable":true,"href":"https:\/\/www.inet.edu.ar\/index.php\/wp-json\/wp\/v2\/categories?post=17740"},{"taxonomy":"post_tag","embeddable":true,"href":"https:\/\/www.inet.edu.ar\/index.php\/wp-json\/wp\/v2\/tags?post=17740"}],"curies":[{"name":"wp","href":"https:\/\/api.w.org\/{rel}","templated":true}]}}