{"id":17881,"date":"2016-12-19T13:48:51","date_gmt":"2016-12-19T16:48:51","guid":{"rendered":"https:\/\/www.inet.edu.ar\/?p=17881"},"modified":"2016-12-19T15:02:14","modified_gmt":"2016-12-19T18:02:14","slug":"acto-de-cierre-anual-de-etp-con-anuncio-de-inversiones-en-tucuman","status":"publish","type":"post","link":"https:\/\/www.inet.edu.ar\/index.php\/acto-de-cierre-anual-de-etp-con-anuncio-de-inversiones-en-tucuman\/","title":{"rendered":"Acto de cierre anual de ETP con anuncio de inversiones en Tucum\u00e1n"},"content":{"rendered":"<p>San Miguel<\/p>\n<p>El viernes 16 se realiz\u00f3 el acto de Fortalecimiento de la Educaci\u00f3n T\u00e9cnica y Profesional para el Trabajo en el CIIDEPT de la capital de Tucum\u00e1n.<\/p>\n<p>Encabezaron el evento el ministro de Educaci\u00f3n provincial, Juan Pablo Lichtmajer; el director ejecutivo del INET, Gabriel S\u00e1nchez Zinny; junto a secretarios de Estado; legisladores; y representantes gremiales. Participaron\u00a0alumnos y docentes de instituciones educativas.<\/p>\n<p>Durante el acto, se anunci\u00f3 una inversi\u00f3n de m\u00e1s de $405 millones para diferentes proyectos de infraestructura, equipamiento y capacitaci\u00f3n de Educaci\u00f3n T\u00e9cnico Profesional a ejecutarse en el 2017, y la firma de un convenio para radicar una <a href=\"https:\/\/www.inet.edu.ar\/index.php\/asuntos-federales\/delegaciones-inet\/\">delegaci\u00f3n INET<\/a> en la provincia.\u00a0Adem\u00e1s, la provincia recibi\u00f3 dos nuevas\u00a0<a href=\"https:\/\/www.inet.edu.ar\/index.php\/niveles-educativos\/formacion-profesional\/programa-federal-de-aulas-tecnicas-moviles\/\">aulas talleres m\u00f3viles<\/a> que brindar\u00e1n\u00a0capacitaci\u00f3n profesional en Gastronom\u00eda y Automatizaci\u00f3n.<\/p>\n<p>El ministro Lichtmajer manifest\u00f3: <em>\u00abHoy la educaci\u00f3n t\u00e9cnica tiene que pensarse integrada a toda la comunidad educativa. Debemos construir un presente de apertura y pensarnos verdaderamente integrados. La tecnolog\u00eda debe ser entendida como algo que nos mejora la vida, y la calidad de vida es calidad educativa\u00bb.<\/em><\/p>\n<p>Por su parte, el director del INET resalt\u00f3 la importancia de la conexi\u00f3n de la Educaci\u00f3n y el mundo del trabajo.<em> \u00abEn los pr\u00f3ximos a\u00f1os va a haber empleos que hoy no existen. Creemos que la educaci\u00f3n t\u00e9cnico-profesional en la Argentina tiene que seguir creciendo. Queremos crear \u00e1mbitos de trabajo, para que entendamos que es lo que necesita cada uno en este mundo tan cambiante. Hoy uno va a tener que seguir adquiriendo capacidades para el mundo del trabajo toda la vida\u00bb.<\/em><\/p>\n<p>Durante el encuentro, se desarroll\u00f3 adem\u00e1s una muestra en la que instituciones de ETP exhibieron los proyectos realizados durante el a\u00f1o.<\/p>\n<p style=\"text-align: right;\">Fuente:\u00a0prensa Ministerio de Educaci\u00f3n de Tucum\u00e1n<\/p>\n<p><strong>Noticias relacionadas<\/strong><\/p>\n<p><a href=\"http:\/\/comunicaciontucuman.gob.ar\/2016\/12\/en-2017-invertiran-405-millones-en-ensenanza-tecnica\/\">\u00abEn 2017 invertir\u00e1n $405 millones en ense\u00f1anza t\u00e9cnica\u00bb-\u00a0Sitio Web de la Secretar\u00eda de Estado de Comunicaci\u00f3n P\u00fablica del Gobierno de Tucum\u00e1n<\/a><\/p>\n<p><a href=\"https:\/\/www.youtube.com\/watch?v=HKc47af-Ebo\">\u00abCierre Educaci\u00f3n T\u00e9cnica 2016\u00bb-Canal de YouTube del Ministerio de Educaci\u00f3n de Tucum\u00e1n<\/a><\/p>\n<p><strong>Galer\u00eda de im\u00e1genes<\/strong> (gentileza <em>prensa Ministerio de Educaci\u00f3n de Tucum\u00e1n<\/em>)<\/p>\n\n\t\t<style type=\"text\/css\">\n\t\t\t#gallery-1 {\n\t\t\t\tmargin: auto;\n\t\t\t}\n\t\t\t#gallery-1 .gallery-item {\n\t\t\t\tfloat: left;\n\t\t\t\tmargin-top: 10px;\n\t\t\t\ttext-align: center;\n\t\t\t\twidth: 33%;\n\t\t\t}\n\t\t\t#gallery-1 img {\n\t\t\t\tborder: 2px solid #cfcfcf;\n\t\t\t}\n\t\t\t#gallery-1 .gallery-caption {\n\t\t\t\tmargin-left: 0;\n\t\t\t}\n\t\t\t\/* see gallery_shortcode() in wp-includes\/media.php *\/\n\t\t<\/style>\n\t\t<div id='gallery-1' class='gallery galleryid-17881 gallery-columns-3 gallery-size-thumbnail'><dl class='gallery-item'>\n\t\t\t<dt class='gallery-icon landscape'>\n\t\t\t\t<a href='https:\/\/www.inet.edu.ar\/index.php\/acto-de-cierre-anual-de-etp-con-anuncio-de-inversiones-en-tucuman\/img_4227\/#main'><img loading=\"lazy\" decoding=\"async\" width=\"150\" height=\"100\" src=\"https:\/\/www.inet.edu.ar\/wp-content\/uploads\/2016\/12\/IMG_4227-150x100.jpg\" class=\"attachment-thumbnail size-thumbnail\" alt=\"\" \/><\/a>\n\t\t\t<\/dt><\/dl><dl class='gallery-item'>\n\t\t\t<dt class='gallery-icon landscape'>\n\t\t\t\t<a href='https:\/\/www.inet.edu.ar\/index.php\/acto-de-cierre-anual-de-etp-con-anuncio-de-inversiones-en-tucuman\/_dsc0918\/#main'><img loading=\"lazy\" decoding=\"async\" width=\"150\" height=\"100\" src=\"https:\/\/www.inet.edu.ar\/wp-content\/uploads\/2016\/12\/DSC0918-150x100.jpg\" class=\"attachment-thumbnail size-thumbnail\" alt=\"\" srcset=\"https:\/\/www.inet.edu.ar\/wp-content\/uploads\/2016\/12\/DSC0918-150x100.jpg 150w, https:\/\/www.inet.edu.ar\/wp-content\/uploads\/2016\/12\/DSC0918-240x160.jpg 240w, https:\/\/www.inet.edu.ar\/wp-content\/uploads\/2016\/12\/DSC0918-768x513.jpg 768w, https:\/\/www.inet.edu.ar\/wp-content\/uploads\/2016\/12\/DSC0918-468x312.jpg 468w, https:\/\/www.inet.edu.ar\/wp-content\/uploads\/2016\/12\/DSC0918.jpg 1206w\" sizes=\"auto, (max-width: 150px) 100vw, 150px\" \/><\/a>\n\t\t\t<\/dt><\/dl><dl class='gallery-item'>\n\t\t\t<dt class='gallery-icon landscape'>\n\t\t\t\t<a href='https:\/\/www.inet.edu.ar\/index.php\/acto-de-cierre-anual-de-etp-con-anuncio-de-inversiones-en-tucuman\/20161216_193432\/#main'><img loading=\"lazy\" decoding=\"async\" width=\"150\" height=\"100\" src=\"https:\/\/www.inet.edu.ar\/wp-content\/uploads\/2016\/12\/20161216_193432-150x100.jpg\" class=\"attachment-thumbnail size-thumbnail\" alt=\"\" \/><\/a>\n\t\t\t<\/dt><\/dl><br style=\"clear: both\" \/><dl class='gallery-item'>\n\t\t\t<dt class='gallery-icon landscape'>\n\t\t\t\t<a href='https:\/\/www.inet.edu.ar\/index.php\/acto-de-cierre-anual-de-etp-con-anuncio-de-inversiones-en-tucuman\/_dsc0957\/#main'><img loading=\"lazy\" decoding=\"async\" width=\"150\" height=\"100\" src=\"https:\/\/www.inet.edu.ar\/wp-content\/uploads\/2016\/12\/DSC0957-150x100.jpg\" class=\"attachment-thumbnail size-thumbnail\" alt=\"\" srcset=\"https:\/\/www.inet.edu.ar\/wp-content\/uploads\/2016\/12\/DSC0957-150x100.jpg 150w, https:\/\/www.inet.edu.ar\/wp-content\/uploads\/2016\/12\/DSC0957-240x160.jpg 240w, https:\/\/www.inet.edu.ar\/wp-content\/uploads\/2016\/12\/DSC0957-768x513.jpg 768w, https:\/\/www.inet.edu.ar\/wp-content\/uploads\/2016\/12\/DSC0957-468x312.jpg 468w, https:\/\/www.inet.edu.ar\/wp-content\/uploads\/2016\/12\/DSC0957.jpg 1206w\" sizes=\"auto, (max-width: 150px) 100vw, 150px\" \/><\/a>\n\t\t\t<\/dt><\/dl><dl class='gallery-item'>\n\t\t\t<dt class='gallery-icon landscape'>\n\t\t\t\t<a href='https:\/\/www.inet.edu.ar\/index.php\/acto-de-cierre-anual-de-etp-con-anuncio-de-inversiones-en-tucuman\/20161216_181143\/#main'><img loading=\"lazy\" decoding=\"async\" width=\"150\" height=\"100\" src=\"https:\/\/www.inet.edu.ar\/wp-content\/uploads\/2016\/12\/20161216_181143-150x100.jpg\" class=\"attachment-thumbnail size-thumbnail\" alt=\"\" \/><\/a>\n\t\t\t<\/dt><\/dl><dl class='gallery-item'>\n\t\t\t<dt class='gallery-icon landscape'>\n\t\t\t\t<a href='https:\/\/www.inet.edu.ar\/index.php\/acto-de-cierre-anual-de-etp-con-anuncio-de-inversiones-en-tucuman\/_dsc1107\/#main'><img loading=\"lazy\" decoding=\"async\" width=\"150\" height=\"100\" src=\"https:\/\/www.inet.edu.ar\/wp-content\/uploads\/2016\/12\/DSC1107-150x100.jpg\" class=\"attachment-thumbnail size-thumbnail\" alt=\"\" srcset=\"https:\/\/www.inet.edu.ar\/wp-content\/uploads\/2016\/12\/DSC1107-150x100.jpg 150w, https:\/\/www.inet.edu.ar\/wp-content\/uploads\/2016\/12\/DSC1107-240x160.jpg 240w, https:\/\/www.inet.edu.ar\/wp-content\/uploads\/2016\/12\/DSC1107-768x513.jpg 768w, https:\/\/www.inet.edu.ar\/wp-content\/uploads\/2016\/12\/DSC1107-468x312.jpg 468w, https:\/\/www.inet.edu.ar\/wp-content\/uploads\/2016\/12\/DSC1107.jpg 1206w\" sizes=\"auto, (max-width: 150px) 100vw, 150px\" \/><\/a>\n\t\t\t<\/dt><\/dl><br style=\"clear: both\" \/>\n\t\t<\/div>\n\n<p><a href=\"https:\/\/www.inet.edu.ar\/wp-content\/uploads\/2016\/12\/DSC0918.jpg\"><br \/>\n<\/a><a href=\"https:\/\/www.inet.edu.ar\/wp-content\/uploads\/2016\/12\/DSC0957.jpg\"><br \/>\n<\/a><a href=\"https:\/\/www.inet.edu.ar\/wp-content\/uploads\/2016\/12\/DSC1107.jpg\"><br \/>\n<\/a><a href=\"https:\/\/www.inet.edu.ar\/wp-content\/uploads\/2016\/12\/20161216_181143.jpg\"><br \/>\n<\/a><\/p>\n<p>&nbsp;<\/p>\n","protected":false},"excerpt":{"rendered":"<p>San Miguel El viernes 16 se realiz\u00f3 el acto de Fortalecimiento de la Educaci\u00f3n T\u00e9cnica y Profesional para el Trabajo en el CIIDEPT de la capital de Tucum\u00e1n. Encabezaron el evento el ministro de Educaci\u00f3n provincial, Juan Pablo Lichtmajer; el director ejecutivo del INET, Gabriel S\u00e1nchez Zinny; junto a secretarios de Estado; legisladores; y representantes [&hellip;]<\/p>\n","protected":false},"author":7,"featured_media":17886,"comment_status":"closed","ping_status":"open","sticky":false,"template":"","format":"standard","meta":{"footnotes":""},"categories":[1,14],"tags":[70,165],"class_list":["post-17881","post","type-post","status-publish","format-standard","has-post-thumbnail","hentry","category-noticias","category-noticias-fijas","tag-aulas-talleres-moviles","tag-delegaciones-inet"],"_links":{"self":[{"href":"https:\/\/www.inet.edu.ar\/index.php\/wp-json\/wp\/v2\/posts\/17881","targetHints":{"allow":["GET"]}}],"collection":[{"href":"https:\/\/www.inet.edu.ar\/index.php\/wp-json\/wp\/v2\/posts"}],"about":[{"href":"https:\/\/www.inet.edu.ar\/index.php\/wp-json\/wp\/v2\/types\/post"}],"author":[{"embeddable":true,"href":"https:\/\/www.inet.edu.ar\/index.php\/wp-json\/wp\/v2\/users\/7"}],"replies":[{"embeddable":true,"href":"https:\/\/www.inet.edu.ar\/index.php\/wp-json\/wp\/v2\/comments?post=17881"}],"version-history":[{"count":11,"href":"https:\/\/www.inet.edu.ar\/index.php\/wp-json\/wp\/v2\/posts\/17881\/revisions"}],"predecessor-version":[{"id":17898,"href":"https:\/\/www.inet.edu.ar\/index.php\/wp-json\/wp\/v2\/posts\/17881\/revisions\/17898"}],"wp:featuredmedia":[{"embeddable":true,"href":"https:\/\/www.inet.edu.ar\/index.php\/wp-json\/wp\/v2\/media\/17886"}],"wp:attachment":[{"href":"https:\/\/www.inet.edu.ar\/index.php\/wp-json\/wp\/v2\/media?parent=17881"}],"wp:term":[{"taxonomy":"category","embeddable":true,"href":"https:\/\/www.inet.edu.ar\/index.php\/wp-json\/wp\/v2\/categories?post=17881"},{"taxonomy":"post_tag","embeddable":true,"href":"https:\/\/www.inet.edu.ar\/index.php\/wp-json\/wp\/v2\/tags?post=17881"}],"curies":[{"name":"wp","href":"https:\/\/api.w.org\/{rel}","templated":true}]}}