{"id":17899,"date":"2016-12-19T17:41:24","date_gmt":"2016-12-19T20:41:24","guid":{"rendered":"https:\/\/www.inet.edu.ar\/?p=17899"},"modified":"2016-12-19T18:04:11","modified_gmt":"2016-12-19T21:04:11","slug":"firma-de-convenios-para-fortalecer-la-etp-en-chaco","status":"publish","type":"post","link":"https:\/\/www.inet.edu.ar\/index.php\/firma-de-convenios-para-fortalecer-la-etp-en-chaco\/","title":{"rendered":"Firma de convenios para fortalecer la ETP en Chaco"},"content":{"rendered":"<p>Resistencia<\/p>\n<p>Esta ma\u00f1ana firmamos convenios con el Ministerio de Educaci\u00f3n, Cultura, Ciencia y Tecnolog\u00eda de Chaco, en un acto encabezado por el \u00a0ministro Daniel Far\u00edas y el director ejecutivo del INET, Gabriel S\u00e1nchez Zinny; junto a alumnos, profesores y directores de las escuelas beneficiarias. La r\u00fabrica tuvo lugar en el Sal\u00f3n \u00abEugenio Salom\u00bb del organismo.<\/p>\n<p>Estuvieron presentes tambi\u00e9n la subsecretaria de Calidad y Equidad, Viviam Polini; junto a los directores provinciales de Niveles y Modalidades, Liliana Fern\u00e1ndez; de Educaci\u00f3n T\u00e9cnica Profesional, Hugo Carbonelli; de Ciencia y Tecnolog\u00eda, Noem\u00ed Dagnino; del Centro Itinerante de Formaci\u00f3n Profesional y responsable de las Aulas Talleres M\u00f3viles, Norma Glamuzina; y a la coordinadora de la Unidad Ejecutora Jurisdiccional de INET, Silvina Espinoza.<\/p>\n<p>Un convenio -de <em>Delegaci\u00f3n INET<\/em>&#8211; permitir\u00e1 brindar asistencia t\u00e9cnica, capacitaci\u00f3n y el aporte financiero necesario para llevar adelante la actividad de la Delegaci\u00f3n en la provincia.<\/p>\n<p>El\u00a0acta de <em>entrega de <a href=\"https:\/\/www.inet.edu.ar\/index.php\/niveles-educativos\/formacion-profesional\/programa-federal-de-aulas-tecnicas-moviles\/\">Aulas Talleres M\u00f3viles<\/a><\/em> posibilitar\u00e1 que dos unidades, que se exhibieron durante el acto, recorran la provincia ofreciendo cursos de\u00a0Formaci\u00f3n Profesional en Automatizaci\u00f3n Industrial y en Textil e Indumentaria. El\u00a0acta de e<em>ntrega de camas para albergues<\/em>, para garantizar el acceso, permanencia y egreso de los estudiantes a las escuelas de Educaci\u00f3n Agropecuaria N\u00b0 3, de Charata; N\u00b0 6, de El Sauzalito; N\u00b0 8, de General San Martin; y N\u00b0 11, de Gancedo<\/p>\n<p>Adem\u00e1s, se firm\u00f3 la <a href=\"https:\/\/www.inet.edu.ar\/index.php\/entregamos-premios-estimulo-a-proyectos-destacados-en-tecnicamente-2016\/\">entrega de capital semilla<\/a>\u00a0a las Escuelas T\u00e9cnicas N\u00b0 2 de Barranqueras, N\u00b0 47 de La Verde, y al centro de Formaci\u00f3n Profesional N\u00b0 44 de Resistencia, con el prop\u00f3sito de que los estudiantes consoliden, integren y\/o ampl\u00eden las capacidades y saberes que se corresponden con el perfil profesional en el que se est\u00e1n formando.<\/p>\n<p>En la oportunidad, el ministro Far\u00edas expres\u00f3 su apoyo a las iniciativas del INET con la educaci\u00f3n t\u00e9cnica porque <em>\u00abest\u00e1n pensadas para la mejora de la educaci\u00f3n, y sabemos que la calidad educativa es un proceso largo, que precisa inversiones y estrategias pedag\u00f3gicas, para que la educaci\u00f3n sea un arma de seducci\u00f3n, vali\u00e9ndonos de los medios tecnol\u00f3gicos de la actualidad\u201d.\u00a0<\/em>Dijo adem\u00e1s\u00a0que <em>\u201clas Aulas Talleres M\u00f3viles est\u00e1n equipadas para trasladarse e instalarse en zonas m\u00e1s alejadas a los centros de estudios, y garantizan el acceso a la formaci\u00f3n en toda la provincia; esto, y la entrega de camas para las escuelas albergue, es un estricto acto de justicia, en virtud de que vamos a permitir que los chicos est\u00e9n en mejores condiciones\u201d<\/em>.<\/p>\n<p>Por su parte, el director ejecutivo de INET agradeci\u00f3 al ministro Far\u00edas \u201cporque siempre nos ha apoyado y compartido las cosas que hemos promovido\u201d. Y agrego: <em>\u00abHoy celebramos la expansi\u00f3n de Aulas Talleres M\u00f3viles, en especialidades como Textil e Indumentaria, Automatizaci\u00f3n Industrial, sumando las que tengan que ver con Rob\u00f3tica, inform\u00e1tica, profesiones futuras de las que ya hay demanda en Argentina\u201d<\/em>.<\/p>\n<p>Sobre la entrega de camas para albergues, explic\u00f3 que <em>\u201cse trata de brindar m\u00e1s oportunidades a los chicos y chicas que quieren estudiar, para que puedan insertarse en una oportunidad de futuro\u201d.\u00a0\u201cPara el a\u00f1o que viene, esperamos trabajar en esta misma l\u00ednea, jerarquizando y valorizando la Educaci\u00f3n T\u00e9cnico Profesional, construyendo sobre los logros obtenidos\u201d<\/em>, concluy\u00f3.<\/p>\n<p>El evento fue\u00a0organizado por la Direcci\u00f3n de Educaci\u00f3n T\u00e9cnica Profesional, dependiente de la Subsecretaria de Calidad y Equidad de la provincia.<\/p>\n<p style=\"text-align: right;\">Fuente: prensa Ministerio de Educaci\u00f3n, Cultura, Ciencia y Tecnolog\u00eda de Chaco<\/p>\n<p><strong>Noticias relacionadas<\/strong><\/p>\n<p><a href=\"http:\/\/educacion.chaco.gov.ar\/detalle-noticia\/665\">\u00abFar\u00edas firm\u00f3 acuerdos con INET para fortalecer la Educaci\u00f3n T\u00e9cnica y Formaci\u00f3n Profesional en el Chaco\u00bb -sitio web del Ministerio de Educaci\u00f3n, Cultura, Ciencia y Tecnolog\u00eda de Chaco<\/a><\/p>\n<p><a href=\"https:\/\/www.inet.edu.ar\/index.php\/entregamos-premios-estimulo-a-proyectos-destacados-en-tecnicamente-2016\/\">\u00abEntregamos premios y capital semilla a proyectos destacados en T\u00e9cnicaMente 2016\u00bb-sitio web del INET\u00a0<\/a><\/p>\n<p><strong>Galer\u00eda de im\u00e1genes<\/strong><\/p>\n\n\t\t<style type=\"text\/css\">\n\t\t\t#gallery-1 {\n\t\t\t\tmargin: auto;\n\t\t\t}\n\t\t\t#gallery-1 .gallery-item {\n\t\t\t\tfloat: left;\n\t\t\t\tmargin-top: 10px;\n\t\t\t\ttext-align: center;\n\t\t\t\twidth: 33%;\n\t\t\t}\n\t\t\t#gallery-1 img {\n\t\t\t\tborder: 2px solid #cfcfcf;\n\t\t\t}\n\t\t\t#gallery-1 .gallery-caption {\n\t\t\t\tmargin-left: 0;\n\t\t\t}\n\t\t\t\/* see gallery_shortcode() in wp-includes\/media.php *\/\n\t\t<\/style>\n\t\t<div id='gallery-1' class='gallery galleryid-17899 gallery-columns-3 gallery-size-medium'><dl class='gallery-item'>\n\t\t\t<dt class='gallery-icon landscape'>\n\t\t\t\t<a href='https:\/\/www.inet.edu.ar\/index.php\/firma-de-convenios-para-fortalecer-la-etp-en-chaco\/img-20161219-wa0002\/#main'><img loading=\"lazy\" decoding=\"async\" width=\"240\" height=\"180\" src=\"https:\/\/www.inet.edu.ar\/wp-content\/uploads\/2016\/12\/IMG-20161219-WA0002-240x180.jpg\" class=\"attachment-medium size-medium\" alt=\"\" srcset=\"https:\/\/www.inet.edu.ar\/wp-content\/uploads\/2016\/12\/IMG-20161219-WA0002-240x180.jpg 240w, https:\/\/www.inet.edu.ar\/wp-content\/uploads\/2016\/12\/IMG-20161219-WA0002-768x576.jpg 768w, https:\/\/www.inet.edu.ar\/wp-content\/uploads\/2016\/12\/IMG-20161219-WA0002-468x351.jpg 468w, https:\/\/www.inet.edu.ar\/wp-content\/uploads\/2016\/12\/IMG-20161219-WA0002.jpg 1280w\" sizes=\"auto, (max-width: 240px) 100vw, 240px\" \/><\/a>\n\t\t\t<\/dt><\/dl><dl class='gallery-item'>\n\t\t\t<dt class='gallery-icon landscape'>\n\t\t\t\t<a href='https:\/\/www.inet.edu.ar\/index.php\/firma-de-convenios-para-fortalecer-la-etp-en-chaco\/img-20161219-wa0001\/#main'><img loading=\"lazy\" decoding=\"async\" width=\"240\" height=\"180\" src=\"https:\/\/www.inet.edu.ar\/wp-content\/uploads\/2016\/12\/IMG-20161219-WA0001-240x180.jpg\" class=\"attachment-medium size-medium\" alt=\"\" srcset=\"https:\/\/www.inet.edu.ar\/wp-content\/uploads\/2016\/12\/IMG-20161219-WA0001-240x180.jpg 240w, https:\/\/www.inet.edu.ar\/wp-content\/uploads\/2016\/12\/IMG-20161219-WA0001-768x576.jpg 768w, https:\/\/www.inet.edu.ar\/wp-content\/uploads\/2016\/12\/IMG-20161219-WA0001-468x351.jpg 468w, https:\/\/www.inet.edu.ar\/wp-content\/uploads\/2016\/12\/IMG-20161219-WA0001.jpg 1280w\" sizes=\"auto, (max-width: 240px) 100vw, 240px\" \/><\/a>\n\t\t\t<\/dt><\/dl><dl class='gallery-item'>\n\t\t\t<dt class='gallery-icon landscape'>\n\t\t\t\t<a href='https:\/\/www.inet.edu.ar\/index.php\/firma-de-convenios-para-fortalecer-la-etp-en-chaco\/img-20161219-wa0003\/#main'><img loading=\"lazy\" decoding=\"async\" width=\"240\" height=\"180\" src=\"https:\/\/www.inet.edu.ar\/wp-content\/uploads\/2016\/12\/IMG-20161219-WA0003-240x180.jpg\" class=\"attachment-medium size-medium\" alt=\"\" srcset=\"https:\/\/www.inet.edu.ar\/wp-content\/uploads\/2016\/12\/IMG-20161219-WA0003-240x180.jpg 240w, https:\/\/www.inet.edu.ar\/wp-content\/uploads\/2016\/12\/IMG-20161219-WA0003-768x576.jpg 768w, https:\/\/www.inet.edu.ar\/wp-content\/uploads\/2016\/12\/IMG-20161219-WA0003-468x351.jpg 468w, https:\/\/www.inet.edu.ar\/wp-content\/uploads\/2016\/12\/IMG-20161219-WA0003.jpg 1280w\" sizes=\"auto, (max-width: 240px) 100vw, 240px\" \/><\/a>\n\t\t\t<\/dt><\/dl><br style=\"clear: both\" \/><dl class='gallery-item'>\n\t\t\t<dt class='gallery-icon landscape'>\n\t\t\t\t<a href='https:\/\/www.inet.edu.ar\/index.php\/firma-de-convenios-para-fortalecer-la-etp-en-chaco\/img-20161219-wa0004\/#main'><img loading=\"lazy\" decoding=\"async\" width=\"240\" height=\"180\" src=\"https:\/\/www.inet.edu.ar\/wp-content\/uploads\/2016\/12\/IMG-20161219-WA0004-240x180.jpg\" class=\"attachment-medium size-medium\" alt=\"\" srcset=\"https:\/\/www.inet.edu.ar\/wp-content\/uploads\/2016\/12\/IMG-20161219-WA0004-240x180.jpg 240w, https:\/\/www.inet.edu.ar\/wp-content\/uploads\/2016\/12\/IMG-20161219-WA0004-768x576.jpg 768w, https:\/\/www.inet.edu.ar\/wp-content\/uploads\/2016\/12\/IMG-20161219-WA0004-468x351.jpg 468w, https:\/\/www.inet.edu.ar\/wp-content\/uploads\/2016\/12\/IMG-20161219-WA0004.jpg 1280w\" sizes=\"auto, (max-width: 240px) 100vw, 240px\" \/><\/a>\n\t\t\t<\/dt><\/dl><dl class='gallery-item'>\n\t\t\t<dt class='gallery-icon landscape'>\n\t\t\t\t<a href='https:\/\/www.inet.edu.ar\/index.php\/firma-de-convenios-para-fortalecer-la-etp-en-chaco\/img-20161219-wa0006\/#main'><img loading=\"lazy\" decoding=\"async\" width=\"240\" height=\"180\" src=\"https:\/\/www.inet.edu.ar\/wp-content\/uploads\/2016\/12\/IMG-20161219-WA0006-240x180.jpg\" class=\"attachment-medium size-medium\" alt=\"\" srcset=\"https:\/\/www.inet.edu.ar\/wp-content\/uploads\/2016\/12\/IMG-20161219-WA0006-240x180.jpg 240w, https:\/\/www.inet.edu.ar\/wp-content\/uploads\/2016\/12\/IMG-20161219-WA0006-768x576.jpg 768w, https:\/\/www.inet.edu.ar\/wp-content\/uploads\/2016\/12\/IMG-20161219-WA0006-468x351.jpg 468w, https:\/\/www.inet.edu.ar\/wp-content\/uploads\/2016\/12\/IMG-20161219-WA0006.jpg 1280w\" sizes=\"auto, (max-width: 240px) 100vw, 240px\" \/><\/a>\n\t\t\t<\/dt><\/dl><dl class='gallery-item'>\n\t\t\t<dt class='gallery-icon landscape'>\n\t\t\t\t<a href='https:\/\/www.inet.edu.ar\/index.php\/firma-de-convenios-para-fortalecer-la-etp-en-chaco\/img-20161219-wa0007\/#main'><img loading=\"lazy\" decoding=\"async\" width=\"240\" height=\"180\" src=\"https:\/\/www.inet.edu.ar\/wp-content\/uploads\/2016\/12\/IMG-20161219-WA0007-240x180.jpg\" class=\"attachment-medium size-medium\" alt=\"\" srcset=\"https:\/\/www.inet.edu.ar\/wp-content\/uploads\/2016\/12\/IMG-20161219-WA0007-240x180.jpg 240w, https:\/\/www.inet.edu.ar\/wp-content\/uploads\/2016\/12\/IMG-20161219-WA0007-768x576.jpg 768w, https:\/\/www.inet.edu.ar\/wp-content\/uploads\/2016\/12\/IMG-20161219-WA0007-468x351.jpg 468w, https:\/\/www.inet.edu.ar\/wp-content\/uploads\/2016\/12\/IMG-20161219-WA0007.jpg 1280w\" sizes=\"auto, (max-width: 240px) 100vw, 240px\" \/><\/a>\n\t\t\t<\/dt><\/dl><br style=\"clear: both\" \/>\n\t\t<\/div>\n\n","protected":false},"excerpt":{"rendered":"<p>Resistencia Esta ma\u00f1ana firmamos convenios con el Ministerio de Educaci\u00f3n, Cultura, Ciencia y Tecnolog\u00eda de Chaco, en un acto encabezado por el \u00a0ministro Daniel Far\u00edas y el director ejecutivo del INET, Gabriel S\u00e1nchez Zinny; junto a alumnos, profesores y directores de las escuelas beneficiarias. La r\u00fabrica tuvo lugar en el Sal\u00f3n \u00abEugenio Salom\u00bb del organismo. [&hellip;]<\/p>\n","protected":false},"author":7,"featured_media":17917,"comment_status":"closed","ping_status":"open","sticky":false,"template":"","format":"standard","meta":{"footnotes":""},"categories":[1,14],"tags":[70],"class_list":["post-17899","post","type-post","status-publish","format-standard","has-post-thumbnail","hentry","category-noticias","category-noticias-fijas","tag-aulas-talleres-moviles"],"_links":{"self":[{"href":"https:\/\/www.inet.edu.ar\/index.php\/wp-json\/wp\/v2\/posts\/17899","targetHints":{"allow":["GET"]}}],"collection":[{"href":"https:\/\/www.inet.edu.ar\/index.php\/wp-json\/wp\/v2\/posts"}],"about":[{"href":"https:\/\/www.inet.edu.ar\/index.php\/wp-json\/wp\/v2\/types\/post"}],"author":[{"embeddable":true,"href":"https:\/\/www.inet.edu.ar\/index.php\/wp-json\/wp\/v2\/users\/7"}],"replies":[{"embeddable":true,"href":"https:\/\/www.inet.edu.ar\/index.php\/wp-json\/wp\/v2\/comments?post=17899"}],"version-history":[{"count":11,"href":"https:\/\/www.inet.edu.ar\/index.php\/wp-json\/wp\/v2\/posts\/17899\/revisions"}],"predecessor-version":[{"id":17918,"href":"https:\/\/www.inet.edu.ar\/index.php\/wp-json\/wp\/v2\/posts\/17899\/revisions\/17918"}],"wp:featuredmedia":[{"embeddable":true,"href":"https:\/\/www.inet.edu.ar\/index.php\/wp-json\/wp\/v2\/media\/17917"}],"wp:attachment":[{"href":"https:\/\/www.inet.edu.ar\/index.php\/wp-json\/wp\/v2\/media?parent=17899"}],"wp:term":[{"taxonomy":"category","embeddable":true,"href":"https:\/\/www.inet.edu.ar\/index.php\/wp-json\/wp\/v2\/categories?post=17899"},{"taxonomy":"post_tag","embeddable":true,"href":"https:\/\/www.inet.edu.ar\/index.php\/wp-json\/wp\/v2\/tags?post=17899"}],"curies":[{"name":"wp","href":"https:\/\/api.w.org\/{rel}","templated":true}]}}