{"id":17985,"date":"2016-12-21T18:34:11","date_gmt":"2016-12-21T21:34:11","guid":{"rendered":"https:\/\/www.inet.edu.ar\/?p=17985"},"modified":"2016-12-21T18:50:37","modified_gmt":"2016-12-21T21:50:37","slug":"firmamos-acuerdo-para-capacitar-a-docentes-en-fabricacion-mecanica","status":"publish","type":"post","link":"https:\/\/www.inet.edu.ar\/index.php\/firmamos-acuerdo-para-capacitar-a-docentes-en-fabricacion-mecanica\/","title":{"rendered":"Firmamos acuerdo para capacitar a docentes en fabricaci\u00f3n mec\u00e1nica"},"content":{"rendered":"<p>CABA<\/p>\n<p>En el marco del convenio con <a href=\"http:\/\/www.adimra.com.ar\/index.do;jsessionid=CC111B5AF24249C57590F851057664BB\">ADIMRA (Asociaci\u00f3n de Industriales Metal\u00fargicos de la Rep\u00fablica Argentina)<\/a>, firmamos hoy un acuerdo espec\u00edfico para realizar acciones de capacitaci\u00f3n a docentes de instituciones de Educaci\u00f3n T\u00e9cnico Profesional (ETP).<\/p>\n<p>La r\u00fabrica fue efectuada por el director ejecutivo del INET, Gabriel S\u00e1nchez Zinny; el director nacional de Formaci\u00f3n Profesional, Fabi\u00e1n Prieto; y el presidente de ADIMRA, Gerardo Venutolo. Acompa\u00f1aron el coordinador de\u00a0Educaci\u00f3n Secundaria T\u00e9cnica, Ricardo de Gisi; y\u00a0el secretario de la Asociaci\u00f3n, Rub\u00e9n Cocca; adem\u00e1s de sindicatos ligados al sector y al \u00e1mbito educativo.<\/p>\n<p>En el marco del convenio marco, se realizar\u00e1n acciones de capacitaci\u00f3n docente, de pr\u00e1cticas profesionalizantes, y de definici\u00f3n de necesidades formativas en el sector profesional.\u00a0Esta acta complementaria se centra en la capacitaci\u00f3n docente, de\u00a0todos los niveles de la ETP, de Mendoza, Santa Fe, C\u00f3rdoba y Provincia de Buenos Aires. El objetivo es la capacitaci\u00f3n espec\u00edfica en fabricaci\u00f3n mec\u00e1nica, la que\u00a0tendr\u00e1 lugar en empresas PyMEs del sector.<\/p>\n<p>El firma tuvo lugar en la sede central de ADIMRA y, en las sedes de la Asociaci\u00f3n de las provincias mencionadas, participaron\u00a0los referentes de ETP en teleconferencia.<\/p>\n<p>Cabe destacar que, durante todo el a\u00f1o, armamos un plan de trabajo concreto y realizable con ADIMRA en base a capacidades y necesidades mutuas.<\/p>\n<p><strong>Noticias relacionadas<\/strong><\/p>\n<p><a href=\"https:\/\/www.inet.edu.ar\/index.php\/practicas-profesionalizantes-en-metalmecanica-para-alumnos-de-escuelas-tecnicas-de-todo-el-pais\/\">\u00abPr\u00e1cticas profesionalizantes en Metalmec\u00e1nica para alumnos de escuelas t\u00e9cnicas de todo el pa\u00eds \u00ab<\/a><\/p>\n<p><strong>Enlaces de inter\u00e9s<\/strong><\/p>\n<p><a href=\"http:\/\/www.adimra.com.ar\/index.do;jsessionid=CC111B5AF24249C57590F851057664BB\">Asociaci\u00f3n de Industriales Metal\u00fargicos de la Rep\u00fablica Argentina (ADIMRA)-sitio web<\/a><\/p>\n<p><strong>Galer\u00eda de im\u00e1genes<\/strong><\/p>\n\n\t\t<style type=\"text\/css\">\n\t\t\t#gallery-1 {\n\t\t\t\tmargin: auto;\n\t\t\t}\n\t\t\t#gallery-1 .gallery-item {\n\t\t\t\tfloat: left;\n\t\t\t\tmargin-top: 10px;\n\t\t\t\ttext-align: center;\n\t\t\t\twidth: 33%;\n\t\t\t}\n\t\t\t#gallery-1 img {\n\t\t\t\tborder: 2px solid #cfcfcf;\n\t\t\t}\n\t\t\t#gallery-1 .gallery-caption {\n\t\t\t\tmargin-left: 0;\n\t\t\t}\n\t\t\t\/* see gallery_shortcode() in wp-includes\/media.php *\/\n\t\t<\/style>\n\t\t<div id='gallery-1' class='gallery galleryid-17985 gallery-columns-3 gallery-size-medium'><dl class='gallery-item'>\n\t\t\t<dt class='gallery-icon landscape'>\n\t\t\t\t<a href='https:\/\/www.inet.edu.ar\/index.php\/firmamos-acuerdo-para-capacitar-a-docentes-en-fabricacion-mecanica\/img_2657\/#main'><img loading=\"lazy\" decoding=\"async\" width=\"240\" height=\"180\" src=\"https:\/\/www.inet.edu.ar\/wp-content\/uploads\/2016\/12\/IMG_2657-240x180.jpg\" class=\"attachment-medium size-medium\" alt=\"\" srcset=\"https:\/\/www.inet.edu.ar\/wp-content\/uploads\/2016\/12\/IMG_2657-240x180.jpg 240w, https:\/\/www.inet.edu.ar\/wp-content\/uploads\/2016\/12\/IMG_2657-768x576.jpg 768w, https:\/\/www.inet.edu.ar\/wp-content\/uploads\/2016\/12\/IMG_2657-468x351.jpg 468w\" sizes=\"auto, (max-width: 240px) 100vw, 240px\" \/><\/a>\n\t\t\t<\/dt><\/dl><dl class='gallery-item'>\n\t\t\t<dt class='gallery-icon landscape'>\n\t\t\t\t<a href='https:\/\/www.inet.edu.ar\/index.php\/firmamos-acuerdo-para-capacitar-a-docentes-en-fabricacion-mecanica\/img_2653\/#main'><img loading=\"lazy\" decoding=\"async\" width=\"240\" height=\"180\" src=\"https:\/\/www.inet.edu.ar\/wp-content\/uploads\/2016\/12\/IMG_2653-240x180.jpg\" class=\"attachment-medium size-medium\" alt=\"\" srcset=\"https:\/\/www.inet.edu.ar\/wp-content\/uploads\/2016\/12\/IMG_2653-240x180.jpg 240w, https:\/\/www.inet.edu.ar\/wp-content\/uploads\/2016\/12\/IMG_2653-768x576.jpg 768w, https:\/\/www.inet.edu.ar\/wp-content\/uploads\/2016\/12\/IMG_2653-468x351.jpg 468w\" sizes=\"auto, (max-width: 240px) 100vw, 240px\" \/><\/a>\n\t\t\t<\/dt><\/dl><dl class='gallery-item'>\n\t\t\t<dt class='gallery-icon landscape'>\n\t\t\t\t<a href='https:\/\/www.inet.edu.ar\/index.php\/firmamos-acuerdo-para-capacitar-a-docentes-en-fabricacion-mecanica\/img_2633\/#main'><img loading=\"lazy\" decoding=\"async\" width=\"240\" height=\"180\" src=\"https:\/\/www.inet.edu.ar\/wp-content\/uploads\/2016\/12\/IMG_2633-240x180.jpg\" class=\"attachment-medium size-medium\" alt=\"\" srcset=\"https:\/\/www.inet.edu.ar\/wp-content\/uploads\/2016\/12\/IMG_2633-240x180.jpg 240w, https:\/\/www.inet.edu.ar\/wp-content\/uploads\/2016\/12\/IMG_2633-768x576.jpg 768w, https:\/\/www.inet.edu.ar\/wp-content\/uploads\/2016\/12\/IMG_2633-468x351.jpg 468w\" sizes=\"auto, (max-width: 240px) 100vw, 240px\" \/><\/a>\n\t\t\t<\/dt><\/dl><br style=\"clear: both\" \/><dl class='gallery-item'>\n\t\t\t<dt class='gallery-icon landscape'>\n\t\t\t\t<a href='https:\/\/www.inet.edu.ar\/index.php\/firmamos-acuerdo-para-capacitar-a-docentes-en-fabricacion-mecanica\/img_2676\/#main'><img loading=\"lazy\" decoding=\"async\" width=\"240\" height=\"180\" src=\"https:\/\/www.inet.edu.ar\/wp-content\/uploads\/2016\/12\/IMG_2676-240x180.jpg\" class=\"attachment-medium size-medium\" alt=\"\" srcset=\"https:\/\/www.inet.edu.ar\/wp-content\/uploads\/2016\/12\/IMG_2676-240x180.jpg 240w, https:\/\/www.inet.edu.ar\/wp-content\/uploads\/2016\/12\/IMG_2676-768x576.jpg 768w, https:\/\/www.inet.edu.ar\/wp-content\/uploads\/2016\/12\/IMG_2676-468x351.jpg 468w\" sizes=\"auto, (max-width: 240px) 100vw, 240px\" \/><\/a>\n\t\t\t<\/dt><\/dl><dl class='gallery-item'>\n\t\t\t<dt class='gallery-icon landscape'>\n\t\t\t\t<a href='https:\/\/www.inet.edu.ar\/index.php\/firmamos-acuerdo-para-capacitar-a-docentes-en-fabricacion-mecanica\/img_2683\/#main'><img loading=\"lazy\" decoding=\"async\" width=\"240\" height=\"180\" src=\"https:\/\/www.inet.edu.ar\/wp-content\/uploads\/2016\/12\/IMG_2683-240x180.jpg\" class=\"attachment-medium size-medium\" alt=\"\" srcset=\"https:\/\/www.inet.edu.ar\/wp-content\/uploads\/2016\/12\/IMG_2683-240x180.jpg 240w, https:\/\/www.inet.edu.ar\/wp-content\/uploads\/2016\/12\/IMG_2683-768x576.jpg 768w, https:\/\/www.inet.edu.ar\/wp-content\/uploads\/2016\/12\/IMG_2683-468x351.jpg 468w\" sizes=\"auto, (max-width: 240px) 100vw, 240px\" \/><\/a>\n\t\t\t<\/dt><\/dl><dl class='gallery-item'>\n\t\t\t<dt class='gallery-icon landscape'>\n\t\t\t\t<a href='https:\/\/www.inet.edu.ar\/index.php\/firmamos-acuerdo-para-capacitar-a-docentes-en-fabricacion-mecanica\/img_2697\/#main'><img loading=\"lazy\" decoding=\"async\" width=\"240\" height=\"180\" src=\"https:\/\/www.inet.edu.ar\/wp-content\/uploads\/2016\/12\/IMG_2697-240x180.jpg\" class=\"attachment-medium size-medium\" alt=\"\" srcset=\"https:\/\/www.inet.edu.ar\/wp-content\/uploads\/2016\/12\/IMG_2697-240x180.jpg 240w, https:\/\/www.inet.edu.ar\/wp-content\/uploads\/2016\/12\/IMG_2697-768x576.jpg 768w, https:\/\/www.inet.edu.ar\/wp-content\/uploads\/2016\/12\/IMG_2697-468x351.jpg 468w\" sizes=\"auto, (max-width: 240px) 100vw, 240px\" \/><\/a>\n\t\t\t<\/dt><\/dl><br style=\"clear: both\" \/>\n\t\t<\/div>\n\n","protected":false},"excerpt":{"rendered":"<p>CABA En el marco del convenio con ADIMRA (Asociaci\u00f3n de Industriales Metal\u00fargicos de la Rep\u00fablica Argentina), firmamos hoy un acuerdo espec\u00edfico para realizar acciones de capacitaci\u00f3n a docentes de instituciones de Educaci\u00f3n T\u00e9cnico Profesional (ETP). La r\u00fabrica fue efectuada por el director ejecutivo del INET, Gabriel S\u00e1nchez Zinny; el director nacional de Formaci\u00f3n Profesional, Fabi\u00e1n [&hellip;]<\/p>\n","protected":false},"author":7,"featured_media":17996,"comment_status":"closed","ping_status":"open","sticky":false,"template":"","format":"standard","meta":{"footnotes":""},"categories":[1,14],"tags":[145,81],"class_list":["post-17985","post","type-post","status-publish","format-standard","has-post-thumbnail","hentry","category-noticias","category-noticias-fijas","tag-capacitacion-docente","tag-practicas-profesionalizantes"],"_links":{"self":[{"href":"https:\/\/www.inet.edu.ar\/index.php\/wp-json\/wp\/v2\/posts\/17985","targetHints":{"allow":["GET"]}}],"collection":[{"href":"https:\/\/www.inet.edu.ar\/index.php\/wp-json\/wp\/v2\/posts"}],"about":[{"href":"https:\/\/www.inet.edu.ar\/index.php\/wp-json\/wp\/v2\/types\/post"}],"author":[{"embeddable":true,"href":"https:\/\/www.inet.edu.ar\/index.php\/wp-json\/wp\/v2\/users\/7"}],"replies":[{"embeddable":true,"href":"https:\/\/www.inet.edu.ar\/index.php\/wp-json\/wp\/v2\/comments?post=17985"}],"version-history":[{"count":5,"href":"https:\/\/www.inet.edu.ar\/index.php\/wp-json\/wp\/v2\/posts\/17985\/revisions"}],"predecessor-version":[{"id":18003,"href":"https:\/\/www.inet.edu.ar\/index.php\/wp-json\/wp\/v2\/posts\/17985\/revisions\/18003"}],"wp:featuredmedia":[{"embeddable":true,"href":"https:\/\/www.inet.edu.ar\/index.php\/wp-json\/wp\/v2\/media\/17996"}],"wp:attachment":[{"href":"https:\/\/www.inet.edu.ar\/index.php\/wp-json\/wp\/v2\/media?parent=17985"}],"wp:term":[{"taxonomy":"category","embeddable":true,"href":"https:\/\/www.inet.edu.ar\/index.php\/wp-json\/wp\/v2\/categories?post=17985"},{"taxonomy":"post_tag","embeddable":true,"href":"https:\/\/www.inet.edu.ar\/index.php\/wp-json\/wp\/v2\/tags?post=17985"}],"curies":[{"name":"wp","href":"https:\/\/api.w.org\/{rel}","templated":true}]}}