{"id":18126,"date":"2017-01-05T14:38:02","date_gmt":"2017-01-05T17:38:02","guid":{"rendered":"https:\/\/www.inet.edu.ar\/?p=18126"},"modified":"2017-01-05T15:04:32","modified_gmt":"2017-01-05T18:04:32","slug":"alumnos-de-escuela-tecnica-de-entre-rios-construyen-semaforo-led-para-su-ciudad","status":"publish","type":"post","link":"https:\/\/www.inet.edu.ar\/index.php\/alumnos-de-escuela-tecnica-de-entre-rios-construyen-semaforo-led-para-su-ciudad\/","title":{"rendered":"Alumnos de escuela t\u00e9cnica de Entre R\u00edos construyen sem\u00e1foro led para su ciudad"},"content":{"rendered":"<p>Basavilbaso<\/p>\n<p>Alumnos de la\u00a0Escuela de Educaci\u00f3n T\u00e9cnica (E.E.T.) N\u00b0 79 \u00abJos\u00e9 Benjam\u00edn Zubiaur\u00bb de\u00a0Basavilbaso (departamento Uruguay) fabricaron un sem\u00e1foro para el control vehicular de la ciudad en convenio con la Municipalidad.<\/p>\n<p>Se trata de un \u00abSem\u00e1foro Led\u00bb de dos v\u00edas, comandado con Arduino Mega 2560.<\/p>\n<p>El proyecto fue exhibido en el encuentro de instituciones de ETP \u201cT\u00e9cnicaMente\u201d, y recibi\u00f3 capital semilla para que los alumnos y docentes puedan seguir desarroll\u00e1ndolo.<\/p>\n<p>La EET N\u00b0 79\u00a0brinda la\u00a0oferta:\u00a0<em>T\u00e9cnico Mec\u00e1nico Electricista\u00a0<\/em>de nivel Secundario.<\/p>\n<p><strong>Noticias relacionadas<\/strong><\/p>\n<p><a href=\"https:\/\/www.inet.edu.ar\/index.php\/tecnicamente-salta-proyectos-y-experiencias-pedagogicas-seleccionados\/\">\u201cT\u00e9cnicaMente Salta: proyectos y experiencias pedag\u00f3gicas seleccionados\u201d<\/a><\/p>\n<p><a href=\"https:\/\/www.inet.edu.ar\/index.php\/entregamos-premios-estimulo-a-proyectos-destacados-en-tecnicamente-2016\/\">\u201cEntregamos premios y capital semilla a proyectos destacados en T\u00e9cnicaMente 2016\u201d<\/a><\/p>\n<p><strong>Galer\u00eda de im\u00e1genes<\/strong><\/p>\n\n\t\t<style type=\"text\/css\">\n\t\t\t#gallery-1 {\n\t\t\t\tmargin: auto;\n\t\t\t}\n\t\t\t#gallery-1 .gallery-item {\n\t\t\t\tfloat: left;\n\t\t\t\tmargin-top: 10px;\n\t\t\t\ttext-align: center;\n\t\t\t\twidth: 33%;\n\t\t\t}\n\t\t\t#gallery-1 img {\n\t\t\t\tborder: 2px solid #cfcfcf;\n\t\t\t}\n\t\t\t#gallery-1 .gallery-caption {\n\t\t\t\tmargin-left: 0;\n\t\t\t}\n\t\t\t\/* see gallery_shortcode() in wp-includes\/media.php *\/\n\t\t<\/style>\n\t\t<div id='gallery-1' class='gallery galleryid-18126 gallery-columns-3 gallery-size-thumbnail'><dl class='gallery-item'>\n\t\t\t<dt class='gallery-icon landscape'>\n\t\t\t\t<a href='https:\/\/www.inet.edu.ar\/index.php\/alumnos-de-escuela-tecnica-de-entre-rios-construyen-semaforo-led-para-su-ciudad\/semaforo-led-2\/#main'><img loading=\"lazy\" decoding=\"async\" width=\"150\" height=\"100\" src=\"https:\/\/www.inet.edu.ar\/wp-content\/uploads\/2017\/01\/semaforo-led-2-150x100.jpg\" class=\"attachment-thumbnail size-thumbnail\" alt=\"\" \/><\/a>\n\t\t\t<\/dt><\/dl><dl class='gallery-item'>\n\t\t\t<dt class='gallery-icon landscape'>\n\t\t\t\t<a href='https:\/\/www.inet.edu.ar\/index.php\/alumnos-de-escuela-tecnica-de-entre-rios-construyen-semaforo-led-para-su-ciudad\/semaforo-led\/#main'><img loading=\"lazy\" decoding=\"async\" width=\"150\" height=\"100\" src=\"https:\/\/www.inet.edu.ar\/wp-content\/uploads\/2017\/01\/semaforo-led-150x100.jpg\" class=\"attachment-thumbnail size-thumbnail\" alt=\"\" \/><\/a>\n\t\t\t<\/dt><\/dl><dl class='gallery-item'>\n\t\t\t<dt class='gallery-icon landscape'>\n\t\t\t\t<a href='https:\/\/www.inet.edu.ar\/index.php\/alumnos-de-escuela-tecnica-de-entre-rios-construyen-semaforo-led-para-su-ciudad\/seled\/#main'><img loading=\"lazy\" decoding=\"async\" width=\"150\" height=\"100\" src=\"https:\/\/www.inet.edu.ar\/wp-content\/uploads\/2017\/01\/seled-150x100.jpg\" class=\"attachment-thumbnail size-thumbnail\" alt=\"\" srcset=\"https:\/\/www.inet.edu.ar\/wp-content\/uploads\/2017\/01\/seled-150x100.jpg 150w, https:\/\/www.inet.edu.ar\/wp-content\/uploads\/2017\/01\/seled-240x160.jpg 240w, https:\/\/www.inet.edu.ar\/wp-content\/uploads\/2017\/01\/seled-768x512.jpg 768w, https:\/\/www.inet.edu.ar\/wp-content\/uploads\/2017\/01\/seled-468x312.jpg 468w\" sizes=\"auto, (max-width: 150px) 100vw, 150px\" \/><\/a>\n\t\t\t<\/dt><\/dl><br style=\"clear: both\" \/>\n\t\t<\/div>\n\n","protected":false},"excerpt":{"rendered":"<p>Basavilbaso Alumnos de la\u00a0Escuela de Educaci\u00f3n T\u00e9cnica (E.E.T.) N\u00b0 79 \u00abJos\u00e9 Benjam\u00edn Zubiaur\u00bb de\u00a0Basavilbaso (departamento Uruguay) fabricaron un sem\u00e1foro para el control vehicular de la ciudad en convenio con la Municipalidad. Se trata de un \u00abSem\u00e1foro Led\u00bb de dos v\u00edas, comandado con Arduino Mega 2560. El proyecto fue exhibido en el encuentro de instituciones de [&hellip;]<\/p>\n","protected":false},"author":7,"featured_media":18131,"comment_status":"closed","ping_status":"open","sticky":false,"template":"","format":"standard","meta":{"footnotes":""},"categories":[1,14],"tags":[],"class_list":["post-18126","post","type-post","status-publish","format-standard","has-post-thumbnail","hentry","category-noticias","category-noticias-fijas"],"_links":{"self":[{"href":"https:\/\/www.inet.edu.ar\/index.php\/wp-json\/wp\/v2\/posts\/18126","targetHints":{"allow":["GET"]}}],"collection":[{"href":"https:\/\/www.inet.edu.ar\/index.php\/wp-json\/wp\/v2\/posts"}],"about":[{"href":"https:\/\/www.inet.edu.ar\/index.php\/wp-json\/wp\/v2\/types\/post"}],"author":[{"embeddable":true,"href":"https:\/\/www.inet.edu.ar\/index.php\/wp-json\/wp\/v2\/users\/7"}],"replies":[{"embeddable":true,"href":"https:\/\/www.inet.edu.ar\/index.php\/wp-json\/wp\/v2\/comments?post=18126"}],"version-history":[{"count":5,"href":"https:\/\/www.inet.edu.ar\/index.php\/wp-json\/wp\/v2\/posts\/18126\/revisions"}],"predecessor-version":[{"id":18134,"href":"https:\/\/www.inet.edu.ar\/index.php\/wp-json\/wp\/v2\/posts\/18126\/revisions\/18134"}],"wp:featuredmedia":[{"embeddable":true,"href":"https:\/\/www.inet.edu.ar\/index.php\/wp-json\/wp\/v2\/media\/18131"}],"wp:attachment":[{"href":"https:\/\/www.inet.edu.ar\/index.php\/wp-json\/wp\/v2\/media?parent=18126"}],"wp:term":[{"taxonomy":"category","embeddable":true,"href":"https:\/\/www.inet.edu.ar\/index.php\/wp-json\/wp\/v2\/categories?post=18126"},{"taxonomy":"post_tag","embeddable":true,"href":"https:\/\/www.inet.edu.ar\/index.php\/wp-json\/wp\/v2\/tags?post=18126"}],"curies":[{"name":"wp","href":"https:\/\/api.w.org\/{rel}","templated":true}]}}