{"id":18174,"date":"2017-01-10T17:04:01","date_gmt":"2017-01-10T20:04:01","guid":{"rendered":"https:\/\/www.inet.edu.ar\/?p=18174"},"modified":"2017-01-10T17:24:05","modified_gmt":"2017-01-10T20:24:05","slug":"alumnos-de-escuela-tecnica-de-san-luis-fabrican-extractor-solar-de-cera-de-abejas","status":"publish","type":"post","link":"https:\/\/www.inet.edu.ar\/index.php\/alumnos-de-escuela-tecnica-de-san-luis-fabrican-extractor-solar-de-cera-de-abejas\/","title":{"rendered":"Alumnos de escuela t\u00e9cnica de San Luis fabrican extractor solar de cera de abejas"},"content":{"rendered":"<p>Quines (Ayacucho)<\/p>\n<p>Alumnos de la\u00a0Escuela T\u00e9cnica N\u00b0 31 \u00abProfesor V\u00edctor Sa\u00e1\u00bb de\u00a0Quines fabricaron un extractor solar de cera de abejas.<\/p>\n<p>El artefacto utiliza la energ\u00eda solar como fuente de calor para derretir la cera de las colmenas, para luego ser reciclada o darle una utilidad posterior.<\/p>\n<p>Este proyecto\u00a0fue exhibido en el encuentro de instituciones de ETP \u201cT\u00e9cnicaMente\u201d, y recibi\u00f3 capital semilla para que los alumnos y docentes puedan seguir desarroll\u00e1ndolo. Adem\u00e1s, se present\u00f3 en la\u00a0Feria Nacional de Educaci\u00f3n, Arte, Ciencia y Tecnolog\u00eda 2016 que se realiz\u00f3 en noviembre del 2016 en C\u00f3rdoba.<\/p>\n<p>La ET N\u00b0 31\u00a0brinda una oferta de nivel Secundario: \u201cT\u00e9cnico en Mecanizaci\u00f3n Agropecuaria\u00bb.\u00a0Para m\u00e1s informaci\u00f3n: <a href=\"http:\/\/catalogo.inet.edu.ar\/institucion\/escuela-provincial-de-educacion-tecnica-n-15-3456\">Cat\u00e1logo\u00a0<\/a><\/p>\n<p><strong>Noticias relacionadas<\/strong><\/p>\n<p><a href=\"https:\/\/www.inet.edu.ar\/index.php\/tecnicamente-salta-proyectos-y-experiencias-pedagogicas-seleccionados\/\">\u201cT\u00e9cnicaMente Salta: proyectos y experiencias pedag\u00f3gicas seleccionados\u201d<\/a><\/p>\n<p><a href=\"https:\/\/www.inet.edu.ar\/index.php\/entregamos-premios-estimulo-a-proyectos-destacados-en-tecnicamente-2016\/\">\u201cEntregamos premios y capital semilla a proyectos destacados en T\u00e9cnicaMente 2016\u201d<\/a><\/p>\n<p><a href=\"http:\/\/ferianacionaldeciencias2016.blogspot.com.ar\/2016\/11\/extractor-solar-de-cera-de-abeja-san.html\">\u00abExtractor solar de cera de abeja \u2013 San Luis #FeriaDeCiencias\u00bb- blogspot Feria Nacional de Educaci\u00f3n, Arte, Ciencia y Tecnolog\u00eda 2016<\/a><\/p>\n<p><strong>Galer\u00eda de im\u00e1genes<\/strong><\/p>\n\n\t\t<style type=\"text\/css\">\n\t\t\t#gallery-1 {\n\t\t\t\tmargin: auto;\n\t\t\t}\n\t\t\t#gallery-1 .gallery-item {\n\t\t\t\tfloat: left;\n\t\t\t\tmargin-top: 10px;\n\t\t\t\ttext-align: center;\n\t\t\t\twidth: 33%;\n\t\t\t}\n\t\t\t#gallery-1 img {\n\t\t\t\tborder: 2px solid #cfcfcf;\n\t\t\t}\n\t\t\t#gallery-1 .gallery-caption {\n\t\t\t\tmargin-left: 0;\n\t\t\t}\n\t\t\t\/* see gallery_shortcode() in wp-includes\/media.php *\/\n\t\t<\/style>\n\t\t<div id='gallery-1' class='gallery galleryid-18174 gallery-columns-3 gallery-size-thumbnail'><dl class='gallery-item'>\n\t\t\t<dt class='gallery-icon landscape'>\n\t\t\t\t<a href='https:\/\/www.inet.edu.ar\/index.php\/alumnos-de-escuela-tecnica-de-san-luis-fabrican-extractor-solar-de-cera-de-abejas\/alumnos-de-escuela-tecnica-de-san-luis-fabrican-extractor-solar-de-cera-de-abejas\/#main'><img loading=\"lazy\" decoding=\"async\" width=\"150\" height=\"100\" src=\"https:\/\/www.inet.edu.ar\/wp-content\/uploads\/2017\/01\/Alumnos-de-escuela-t\u00e9cnica-de-San-Luis-fabrican-extractor-solar-de-cera-de-abejas-150x100.jpg\" class=\"attachment-thumbnail size-thumbnail\" alt=\"\" \/><\/a>\n\t\t\t<\/dt><\/dl><dl class='gallery-item'>\n\t\t\t<dt class='gallery-icon landscape'>\n\t\t\t\t<a href='https:\/\/www.inet.edu.ar\/index.php\/alumnos-de-escuela-tecnica-de-san-luis-fabrican-extractor-solar-de-cera-de-abejas\/attachment\/55\/#main'><img loading=\"lazy\" decoding=\"async\" width=\"150\" height=\"100\" src=\"https:\/\/www.inet.edu.ar\/wp-content\/uploads\/2017\/01\/55-150x100.jpg\" class=\"attachment-thumbnail size-thumbnail\" alt=\"\" srcset=\"https:\/\/www.inet.edu.ar\/wp-content\/uploads\/2017\/01\/55-150x100.jpg 150w, https:\/\/www.inet.edu.ar\/wp-content\/uploads\/2017\/01\/55-240x160.jpg 240w, https:\/\/www.inet.edu.ar\/wp-content\/uploads\/2017\/01\/55-768x512.jpg 768w, https:\/\/www.inet.edu.ar\/wp-content\/uploads\/2017\/01\/55-468x312.jpg 468w\" sizes=\"auto, (max-width: 150px) 100vw, 150px\" \/><\/a>\n\t\t\t<\/dt><\/dl><dl class='gallery-item'>\n\t\t\t<dt class='gallery-icon portrait'>\n\t\t\t\t<a href='https:\/\/www.inet.edu.ar\/index.php\/alumnos-de-escuela-tecnica-de-san-luis-fabrican-extractor-solar-de-cera-de-abejas\/extractor-solar\/#main'><img loading=\"lazy\" decoding=\"async\" width=\"150\" height=\"100\" src=\"https:\/\/www.inet.edu.ar\/wp-content\/uploads\/2017\/01\/extractor-solar-150x100.jpg\" class=\"attachment-thumbnail size-thumbnail\" alt=\"\" \/><\/a>\n\t\t\t<\/dt><\/dl><br style=\"clear: both\" \/>\n\t\t<\/div>\n\n<p>&nbsp;<\/p>\n","protected":false},"excerpt":{"rendered":"<p>Quines (Ayacucho) Alumnos de la\u00a0Escuela T\u00e9cnica N\u00b0 31 \u00abProfesor V\u00edctor Sa\u00e1\u00bb de\u00a0Quines fabricaron un extractor solar de cera de abejas. El artefacto utiliza la energ\u00eda solar como fuente de calor para derretir la cera de las colmenas, para luego ser reciclada o darle una utilidad posterior. Este proyecto\u00a0fue exhibido en el encuentro de instituciones de [&hellip;]<\/p>\n","protected":false},"author":7,"featured_media":18182,"comment_status":"closed","ping_status":"open","sticky":false,"template":"","format":"standard","meta":{"footnotes":""},"categories":[1,14],"tags":[203,175],"class_list":["post-18174","post","type-post","status-publish","format-standard","has-post-thumbnail","hentry","category-noticias","category-noticias-fijas","tag-capital-semilla","tag-tecnicamente"],"_links":{"self":[{"href":"https:\/\/www.inet.edu.ar\/index.php\/wp-json\/wp\/v2\/posts\/18174","targetHints":{"allow":["GET"]}}],"collection":[{"href":"https:\/\/www.inet.edu.ar\/index.php\/wp-json\/wp\/v2\/posts"}],"about":[{"href":"https:\/\/www.inet.edu.ar\/index.php\/wp-json\/wp\/v2\/types\/post"}],"author":[{"embeddable":true,"href":"https:\/\/www.inet.edu.ar\/index.php\/wp-json\/wp\/v2\/users\/7"}],"replies":[{"embeddable":true,"href":"https:\/\/www.inet.edu.ar\/index.php\/wp-json\/wp\/v2\/comments?post=18174"}],"version-history":[{"count":9,"href":"https:\/\/www.inet.edu.ar\/index.php\/wp-json\/wp\/v2\/posts\/18174\/revisions"}],"predecessor-version":[{"id":18187,"href":"https:\/\/www.inet.edu.ar\/index.php\/wp-json\/wp\/v2\/posts\/18174\/revisions\/18187"}],"wp:featuredmedia":[{"embeddable":true,"href":"https:\/\/www.inet.edu.ar\/index.php\/wp-json\/wp\/v2\/media\/18182"}],"wp:attachment":[{"href":"https:\/\/www.inet.edu.ar\/index.php\/wp-json\/wp\/v2\/media?parent=18174"}],"wp:term":[{"taxonomy":"category","embeddable":true,"href":"https:\/\/www.inet.edu.ar\/index.php\/wp-json\/wp\/v2\/categories?post=18174"},{"taxonomy":"post_tag","embeddable":true,"href":"https:\/\/www.inet.edu.ar\/index.php\/wp-json\/wp\/v2\/tags?post=18174"}],"curies":[{"name":"wp","href":"https:\/\/api.w.org\/{rel}","templated":true}]}}