{"id":18336,"date":"2017-01-16T12:26:45","date_gmt":"2017-01-16T15:26:45","guid":{"rendered":"https:\/\/www.inet.edu.ar\/?p=18336"},"modified":"2017-01-17T18:04:44","modified_gmt":"2017-01-17T21:04:44","slug":"alumnos-buscan-mejorar-la-alimentacion-a-traves-de-huertas-familiares","status":"publish","type":"post","link":"https:\/\/www.inet.edu.ar\/index.php\/alumnos-buscan-mejorar-la-alimentacion-a-traves-de-huertas-familiares\/","title":{"rendered":"Alumnos buscan mejorar la alimentaci\u00f3n a trav\u00e9s de huertas familiares"},"content":{"rendered":"<p>Laguna de los Padres (Gral. Pueyrred\u00f3n), Provincia de Buenos Aires<\/p>\n<p>Alumnos de primer a\u00f1o de la\u00a0Escuela de Educaci\u00f3n Secundaria Agraria (EESA) N\u00b0 1 \u201cNicol\u00e1s Repetto\u201d, de General Pueyrred\u00f3n, proponen\u00a0mejorar la alimentaci\u00f3n a trav\u00e9s de huertas en parcelas a escala familiar.<\/p>\n<p>Se trata de un proyecto de pr\u00e1cticas en campo\u00a0que incluye actividades como ubicaci\u00f3n, medici\u00f3n y\u00a0delimitado de parcelas; identificaci\u00f3n de aptitud,\u00a0mejoramiento y conservaci\u00f3n del suelo; caracterizaci\u00f3n de especies y producci\u00f3n seg\u00fan calendario de siembra; comprobaci\u00f3n de temperatura, humedad, intensidad lum\u00ednica;\u00a0responsabilidad y concientizaci\u00f3n en el manejo y uso de herramientas e higiene\u00a0personal; aprendizaje en el trabajo cooperativo y de pertenencia. Todas las actividades se realizan\u00a0fomentando el respeto por el medio ambiente.<\/p>\n<p>Durante estas pr\u00e1cticas, se integran y aplican conocimientos adquiridos en diferentes espacios curriculares:\u00a0Huerta, Matem\u00e1tica, Ciencias Naturales, Ciencias Sociales, Investigaci\u00f3n del\u00a0medio, Pr\u00e1cticas del Lenguaje. Adem\u00e1s, se incentiva el inter\u00e9s de los alumnos, quienes replican\u00a0la realizaci\u00f3n de huertas en sus propios hogares.<\/p>\n<p>El proyecto fue presentado en el <strong>VI Congreso Nacional y V Congreso Internacional de la Ense\u00f1anza de las Ciencias Agropecuarias<\/strong> en la Facultad de Ciencias Veterinarias de la UBA, que coorganizamos junto al Ministerio de Agroindustria.<\/p>\n<p>El Congreso ten\u00eda como objetivo intercambiar experiencias\u00a0de ense\u00f1anza de las Ciencias Agropecuarias de distintos niveles educativos. En la presentaci\u00f3n de este trabajo (\u00abUna alternativa para mejorar la alimentaci\u00f3n: las huertas familiares\u00bb), alumnos y docentes de la instituci\u00f3n aseguraron que este tipo de actividades\u00a0pr\u00e1cticas fortalecen y estimulan la vinculaci\u00f3n y pertenencia entre docentes, alumnos y familias.<\/p>\n<p>La EESA N\u00b01 se encuentra en la Reserva Provincial de Laguna de los Padres, y brinda una oferta de nivel Secundario: T\u00e9cnico en Producci\u00f3n Agropecuaria.<\/p>\n<p><strong>Noticias relacionadas<\/strong><\/p>\n<p><a href=\"https:\/\/www.inet.edu.ar\/index.php\/congreso-internacional-de-ensenanza-agropecuaria-junto-a-la-uba\/\">\u00abCongreso internacional de ense\u00f1anza agropecuaria junto a la UBA\u00bb<\/a><\/p>\n<p><strong>Enlaces de inter\u00e9s<\/strong><\/p>\n<p><a href=\"https:\/\/www.facebook.com\/viveroeesan1\/\">P\u00e1gina de Facebook de la EESA N\u00b0 01<\/a><\/p>\n\n\t\t<style type=\"text\/css\">\n\t\t\t#gallery-1 {\n\t\t\t\tmargin: auto;\n\t\t\t}\n\t\t\t#gallery-1 .gallery-item {\n\t\t\t\tfloat: left;\n\t\t\t\tmargin-top: 10px;\n\t\t\t\ttext-align: center;\n\t\t\t\twidth: 100%;\n\t\t\t}\n\t\t\t#gallery-1 img {\n\t\t\t\tborder: 2px solid #cfcfcf;\n\t\t\t}\n\t\t\t#gallery-1 .gallery-caption {\n\t\t\t\tmargin-left: 0;\n\t\t\t}\n\t\t\t\/* see gallery_shortcode() in wp-includes\/media.php *\/\n\t\t<\/style>\n\t\t<div id='gallery-1' class='gallery galleryid-18336 gallery-columns-1 gallery-size-large'><dl class='gallery-item'>\n\t\t\t<dt class='gallery-icon landscape'>\n\t\t\t\t<a href='https:\/\/www.inet.edu.ar\/index.php\/alumnos-buscan-mejorar-la-alimentacion-a-traves-de-huertas-familiares\/eesa\/#main'><img loading=\"lazy\" decoding=\"async\" width=\"468\" height=\"263\" src=\"https:\/\/www.inet.edu.ar\/wp-content\/uploads\/2017\/01\/EESA-468x263.jpg\" class=\"attachment-large size-large\" alt=\"\" srcset=\"https:\/\/www.inet.edu.ar\/wp-content\/uploads\/2017\/01\/EESA-468x263.jpg 468w, https:\/\/www.inet.edu.ar\/wp-content\/uploads\/2017\/01\/EESA-240x135.jpg 240w, https:\/\/www.inet.edu.ar\/wp-content\/uploads\/2017\/01\/EESA-768x432.jpg 768w, https:\/\/www.inet.edu.ar\/wp-content\/uploads\/2017\/01\/EESA.jpg 2048w\" sizes=\"auto, (max-width: 468px) 100vw, 468px\" \/><\/a>\n\t\t\t<\/dt><\/dl><br style=\"clear: both\" \/>\n\t\t<\/div>\n\n<p>&nbsp;<\/p>\n","protected":false},"excerpt":{"rendered":"<p>Laguna de los Padres (Gral. Pueyrred\u00f3n), Provincia de Buenos Aires Alumnos de primer a\u00f1o de la\u00a0Escuela de Educaci\u00f3n Secundaria Agraria (EESA) N\u00b0 1 \u201cNicol\u00e1s Repetto\u201d, de General Pueyrred\u00f3n, proponen\u00a0mejorar la alimentaci\u00f3n a trav\u00e9s de huertas en parcelas a escala familiar. Se trata de un proyecto de pr\u00e1cticas en campo\u00a0que incluye actividades como ubicaci\u00f3n, medici\u00f3n y\u00a0delimitado [&hellip;]<\/p>\n","protected":false},"author":7,"featured_media":18342,"comment_status":"closed","ping_status":"open","sticky":false,"template":"","format":"standard","meta":{"footnotes":""},"categories":[1,14],"tags":[199],"class_list":["post-18336","post","type-post","status-publish","format-standard","has-post-thumbnail","hentry","category-noticias","category-noticias-fijas","tag-educacion-agropecuaria"],"_links":{"self":[{"href":"https:\/\/www.inet.edu.ar\/index.php\/wp-json\/wp\/v2\/posts\/18336","targetHints":{"allow":["GET"]}}],"collection":[{"href":"https:\/\/www.inet.edu.ar\/index.php\/wp-json\/wp\/v2\/posts"}],"about":[{"href":"https:\/\/www.inet.edu.ar\/index.php\/wp-json\/wp\/v2\/types\/post"}],"author":[{"embeddable":true,"href":"https:\/\/www.inet.edu.ar\/index.php\/wp-json\/wp\/v2\/users\/7"}],"replies":[{"embeddable":true,"href":"https:\/\/www.inet.edu.ar\/index.php\/wp-json\/wp\/v2\/comments?post=18336"}],"version-history":[{"count":8,"href":"https:\/\/www.inet.edu.ar\/index.php\/wp-json\/wp\/v2\/posts\/18336\/revisions"}],"predecessor-version":[{"id":18365,"href":"https:\/\/www.inet.edu.ar\/index.php\/wp-json\/wp\/v2\/posts\/18336\/revisions\/18365"}],"wp:featuredmedia":[{"embeddable":true,"href":"https:\/\/www.inet.edu.ar\/index.php\/wp-json\/wp\/v2\/media\/18342"}],"wp:attachment":[{"href":"https:\/\/www.inet.edu.ar\/index.php\/wp-json\/wp\/v2\/media?parent=18336"}],"wp:term":[{"taxonomy":"category","embeddable":true,"href":"https:\/\/www.inet.edu.ar\/index.php\/wp-json\/wp\/v2\/categories?post=18336"},{"taxonomy":"post_tag","embeddable":true,"href":"https:\/\/www.inet.edu.ar\/index.php\/wp-json\/wp\/v2\/tags?post=18336"}],"curies":[{"name":"wp","href":"https:\/\/api.w.org\/{rel}","templated":true}]}}