{"id":18782,"date":"2017-03-06T17:47:56","date_gmt":"2017-03-06T20:47:56","guid":{"rendered":"https:\/\/www.inet.edu.ar\/?p=18782"},"modified":"2017-03-06T17:47:56","modified_gmt":"2017-03-06T20:47:56","slug":"foro-de-mineria-en-el-noa-definiendo-necesidades-de-formacion-de-etp-para-el-sector","status":"publish","type":"post","link":"https:\/\/www.inet.edu.ar\/index.php\/foro-de-mineria-en-el-noa-definiendo-necesidades-de-formacion-de-etp-para-el-sector\/","title":{"rendered":"Foro de Miner\u00eda en el NOA: definiendo necesidades de formaci\u00f3n de ETP para el sector"},"content":{"rendered":"<p>San Salvador de Jujuy<\/p>\n<p>En el d\u00eda de hoy se realiz\u00f3 un Foro Regional de Miner\u00eda para las provincias de Jujuy, Catamarca y Salta. El objetivo del mismo fue establecer las necesidades de formaci\u00f3n en Educaci\u00f3n T\u00e9cnico Profesional (ETP) para el sector minero en la regi\u00f3n.<\/p>\n<p>Encabez\u00f3 la reuni\u00f3n\u00a0el secretario permanente del <a href=\"https:\/\/www.inet.edu.ar\/index.php\/institucional\/conetyp\/\">Consejo Nacional de Educaci\u00f3n, Trabajo y Producci\u00f3n (CoNETyP)<\/a>, Santiago de la Barrera; junto con autoridades del Ministerio de Desarrollo Econ\u00f3mico y Producci\u00f3n, y de Educaci\u00f3n\u00a0de la provincia. Asistieron representantes de empresas y c\u00e1maras mineras.<\/p>\n<p>Durante el encuentro se discutieron las necesidades de talento del sector, es decir, qu\u00e9 perfiles profesionales se necesitan; se determin\u00f3 la cantidad de demanda y en qu\u00e9 lugar es y ser\u00e1 necesaria. Asimismo, se intercambiaron opiniones acerca de las pr\u00e1cticas profesionalizantes que los alumnos de ETP pueden realizar en las empresas de la regi\u00f3n.<\/p>\n<p>El Foro tuvo lugar en la sede del\u00a0Ministerio de Desarrollo Econ\u00f3mico y Producci\u00f3n de Jujuy.<\/p>\n<p>Los <a href=\"https:\/\/www.inet.edu.ar\/index.php\/institucional\/conetyp\/foros-sectoriales\/\">foros sectoriales\u00a0<\/a>son un espacio de participaci\u00f3n en el que instituciones del \u00e1mbito p\u00fablico y privado se re\u00fanen para analizar el estado del sector en cuesti\u00f3n, presentar los perfiles profesionales existentes, discutir la posibilidad de modificar o agregar nuevos perfiles y para que, a posteriori, cada jurisdicci\u00f3n pueda armar los curr\u00edculum.\u00a0M\u00e1s informaci\u00f3n sobre los <a href=\"https:\/\/www.inet.edu.ar\/index.php\/institucional\/conetyp\/foros-sectoriales\/\">Foros Sectoriales<\/a><\/p>\n<p><strong>Noticias relacionadas<\/strong><\/p>\n<p><a href=\"https:\/\/www.inet.edu.ar\/index.php\/foro-de-mineria-para-definir-perfiles-profesionales\/\">\u00abForo de Miner\u00eda para definir perfiles profesionales\u00bb<\/a><\/p>\n<p><a href=\"https:\/\/www.inet.edu.ar\/wp-content\/uploads\/2017\/03\/sb-3.jpg\"><img loading=\"lazy\" decoding=\"async\" class=\"aligncenter wp-image-18786 size-large\" src=\"https:\/\/www.inet.edu.ar\/wp-content\/uploads\/2017\/03\/sb-3-468x198.jpg\" alt=\"Foro de Miner\u00eda en el NOA\" width=\"468\" height=\"198\" srcset=\"https:\/\/www.inet.edu.ar\/wp-content\/uploads\/2017\/03\/sb-3-468x198.jpg 468w, https:\/\/www.inet.edu.ar\/wp-content\/uploads\/2017\/03\/sb-3-240x102.jpg 240w, https:\/\/www.inet.edu.ar\/wp-content\/uploads\/2017\/03\/sb-3-768x325.jpg 768w, https:\/\/www.inet.edu.ar\/wp-content\/uploads\/2017\/03\/sb-3.jpg 841w\" sizes=\"auto, (max-width: 468px) 100vw, 468px\" \/><\/a><\/p>\n<p>&nbsp;<\/p>\n","protected":false},"excerpt":{"rendered":"<p>San Salvador de Jujuy En el d\u00eda de hoy se realiz\u00f3 un Foro Regional de Miner\u00eda para las provincias de Jujuy, Catamarca y Salta. El objetivo del mismo fue establecer las necesidades de formaci\u00f3n en Educaci\u00f3n T\u00e9cnico Profesional (ETP) para el sector minero en la regi\u00f3n. Encabez\u00f3 la reuni\u00f3n\u00a0el secretario permanente del Consejo Nacional de [&hellip;]<\/p>\n","protected":false},"author":7,"featured_media":18786,"comment_status":"closed","ping_status":"open","sticky":false,"template":"","format":"standard","meta":{"footnotes":""},"categories":[1,14],"tags":[],"class_list":["post-18782","post","type-post","status-publish","format-standard","has-post-thumbnail","hentry","category-noticias","category-noticias-fijas"],"_links":{"self":[{"href":"https:\/\/www.inet.edu.ar\/index.php\/wp-json\/wp\/v2\/posts\/18782","targetHints":{"allow":["GET"]}}],"collection":[{"href":"https:\/\/www.inet.edu.ar\/index.php\/wp-json\/wp\/v2\/posts"}],"about":[{"href":"https:\/\/www.inet.edu.ar\/index.php\/wp-json\/wp\/v2\/types\/post"}],"author":[{"embeddable":true,"href":"https:\/\/www.inet.edu.ar\/index.php\/wp-json\/wp\/v2\/users\/7"}],"replies":[{"embeddable":true,"href":"https:\/\/www.inet.edu.ar\/index.php\/wp-json\/wp\/v2\/comments?post=18782"}],"version-history":[{"count":4,"href":"https:\/\/www.inet.edu.ar\/index.php\/wp-json\/wp\/v2\/posts\/18782\/revisions"}],"predecessor-version":[{"id":18787,"href":"https:\/\/www.inet.edu.ar\/index.php\/wp-json\/wp\/v2\/posts\/18782\/revisions\/18787"}],"wp:featuredmedia":[{"embeddable":true,"href":"https:\/\/www.inet.edu.ar\/index.php\/wp-json\/wp\/v2\/media\/18786"}],"wp:attachment":[{"href":"https:\/\/www.inet.edu.ar\/index.php\/wp-json\/wp\/v2\/media?parent=18782"}],"wp:term":[{"taxonomy":"category","embeddable":true,"href":"https:\/\/www.inet.edu.ar\/index.php\/wp-json\/wp\/v2\/categories?post=18782"},{"taxonomy":"post_tag","embeddable":true,"href":"https:\/\/www.inet.edu.ar\/index.php\/wp-json\/wp\/v2\/tags?post=18782"}],"curies":[{"name":"wp","href":"https:\/\/api.w.org\/{rel}","templated":true}]}}