{"id":18881,"date":"2017-03-20T17:09:00","date_gmt":"2017-03-20T20:09:00","guid":{"rendered":"https:\/\/www.inet.edu.ar\/?p=18881"},"modified":"2017-03-20T17:09:00","modified_gmt":"2017-03-20T20:09:00","slug":"curso-de-electromecanica-del-automotor-con-alumnos-de-un-cfp-de-caba","status":"publish","type":"post","link":"https:\/\/www.inet.edu.ar\/index.php\/curso-de-electromecanica-del-automotor-con-alumnos-de-un-cfp-de-caba\/","title":{"rendered":"Curso de Electromec\u00e1nica del Automotor con alumnos de un CFP de CABA"},"content":{"rendered":"<p>Ciudad Aut\u00f3noma de Buenos Aires<\/p>\n<p>Hoy comenz\u00f3, en la sede del INET, el curso \u00abElectromec\u00e1nica del Automotor\u00bb para alumnos del Centro de Formaci\u00f3n Profesional (C.F.P.) N\u00b0 08 \u00abConvenio S.M.A.T.A.\u00bb de la Ciudad Aut\u00f3noma de Buenos Aires.<\/p>\n<p>El curso, que se extender\u00e1 hasta julio, es dictado por el profesor Marcelo Caviglia en el laboratorio de Automotores.<\/p>\n<p>El INET cuenta con laboratorios en los que se realizan capacitaciones para alumnos y docentes de Educaci\u00f3n T\u00e9cnico Profesional de todo el pa\u00eds.<\/p>\n<p><strong>Enlaces relacionados<\/strong><\/p>\n<p><a href=\"http:\/\/www.centro8smata.org.ar\/\">Centro de Formaci\u00f3n Profesional (C.F.P.) N\u00b0 08 \u00abConvenio S.M.A.T.A.\u00bb<\/a><\/p>\n<p><strong>Noticias relacionadas<\/strong><\/p>\n<p><a href=\"https:\/\/www.inet.edu.ar\/index.php\/el-inet-cuenta-con-laboratorios-de-alta-tecnologia-para-promover-una-educacion-de-calidad-vinculada-al-mundo-producti\/\">\u201cEl INET cuenta con laboratorios de alta tecnolog\u00eda para promover una educaci\u00f3n de calidad vinculada al mundo productivo\u201d<\/a><\/p>\n<p><strong>Galer\u00eda de im\u00e1genes<\/strong><\/p>\n\n\t\t<style type=\"text\/css\">\n\t\t\t#gallery-1 {\n\t\t\t\tmargin: auto;\n\t\t\t}\n\t\t\t#gallery-1 .gallery-item {\n\t\t\t\tfloat: left;\n\t\t\t\tmargin-top: 10px;\n\t\t\t\ttext-align: center;\n\t\t\t\twidth: 50%;\n\t\t\t}\n\t\t\t#gallery-1 img {\n\t\t\t\tborder: 2px solid #cfcfcf;\n\t\t\t}\n\t\t\t#gallery-1 .gallery-caption {\n\t\t\t\tmargin-left: 0;\n\t\t\t}\n\t\t\t\/* see gallery_shortcode() in wp-includes\/media.php *\/\n\t\t<\/style>\n\t\t<div id='gallery-1' class='gallery galleryid-18881 gallery-columns-2 gallery-size-medium'><dl class='gallery-item'>\n\t\t\t<dt class='gallery-icon landscape'>\n\t\t\t\t<a href='https:\/\/www.inet.edu.ar\/index.php\/curso-de-electromecanica-del-automotor-con-alumnos-de-un-cfp-de-caba\/dsc_0660-baja\/#main'><img loading=\"lazy\" decoding=\"async\" width=\"240\" height=\"160\" src=\"https:\/\/www.inet.edu.ar\/wp-content\/uploads\/2017\/03\/DSC_0660-baja-240x160.jpg\" class=\"attachment-medium size-medium\" alt=\"\" srcset=\"https:\/\/www.inet.edu.ar\/wp-content\/uploads\/2017\/03\/DSC_0660-baja-240x160.jpg 240w, https:\/\/www.inet.edu.ar\/wp-content\/uploads\/2017\/03\/DSC_0660-baja-150x100.jpg 150w, https:\/\/www.inet.edu.ar\/wp-content\/uploads\/2017\/03\/DSC_0660-baja-768x512.jpg 768w, https:\/\/www.inet.edu.ar\/wp-content\/uploads\/2017\/03\/DSC_0660-baja-468x312.jpg 468w\" sizes=\"auto, (max-width: 240px) 100vw, 240px\" \/><\/a>\n\t\t\t<\/dt><\/dl><dl class='gallery-item'>\n\t\t\t<dt class='gallery-icon landscape'>\n\t\t\t\t<a href='https:\/\/www.inet.edu.ar\/index.php\/curso-de-electromecanica-del-automotor-con-alumnos-de-un-cfp-de-caba\/dsc_0669-baja\/#main'><img loading=\"lazy\" decoding=\"async\" width=\"240\" height=\"160\" src=\"https:\/\/www.inet.edu.ar\/wp-content\/uploads\/2017\/03\/DSC_0669-baja-240x160.jpg\" class=\"attachment-medium size-medium\" alt=\"\" srcset=\"https:\/\/www.inet.edu.ar\/wp-content\/uploads\/2017\/03\/DSC_0669-baja-240x160.jpg 240w, https:\/\/www.inet.edu.ar\/wp-content\/uploads\/2017\/03\/DSC_0669-baja-150x100.jpg 150w, https:\/\/www.inet.edu.ar\/wp-content\/uploads\/2017\/03\/DSC_0669-baja-768x512.jpg 768w, https:\/\/www.inet.edu.ar\/wp-content\/uploads\/2017\/03\/DSC_0669-baja-468x312.jpg 468w\" sizes=\"auto, (max-width: 240px) 100vw, 240px\" \/><\/a>\n\t\t\t<\/dt><\/dl><br style=\"clear: both\" \/><dl class='gallery-item'>\n\t\t\t<dt class='gallery-icon landscape'>\n\t\t\t\t<a href='https:\/\/www.inet.edu.ar\/index.php\/curso-de-electromecanica-del-automotor-con-alumnos-de-un-cfp-de-caba\/dsc_0668-baja\/#main'><img loading=\"lazy\" decoding=\"async\" width=\"240\" height=\"160\" src=\"https:\/\/www.inet.edu.ar\/wp-content\/uploads\/2017\/03\/DSC_0668-baja-240x160.jpg\" class=\"attachment-medium size-medium\" alt=\"\" srcset=\"https:\/\/www.inet.edu.ar\/wp-content\/uploads\/2017\/03\/DSC_0668-baja-240x160.jpg 240w, https:\/\/www.inet.edu.ar\/wp-content\/uploads\/2017\/03\/DSC_0668-baja-150x100.jpg 150w, https:\/\/www.inet.edu.ar\/wp-content\/uploads\/2017\/03\/DSC_0668-baja-768x512.jpg 768w, https:\/\/www.inet.edu.ar\/wp-content\/uploads\/2017\/03\/DSC_0668-baja-468x312.jpg 468w\" sizes=\"auto, (max-width: 240px) 100vw, 240px\" \/><\/a>\n\t\t\t<\/dt><\/dl><dl class='gallery-item'>\n\t\t\t<dt class='gallery-icon landscape'>\n\t\t\t\t<a href='https:\/\/www.inet.edu.ar\/index.php\/curso-de-electromecanica-del-automotor-con-alumnos-de-un-cfp-de-caba\/dsc_0665-baja\/#main'><img loading=\"lazy\" decoding=\"async\" width=\"240\" height=\"160\" src=\"https:\/\/www.inet.edu.ar\/wp-content\/uploads\/2017\/03\/DSC_0665-baja-240x160.jpg\" class=\"attachment-medium size-medium\" alt=\"\" srcset=\"https:\/\/www.inet.edu.ar\/wp-content\/uploads\/2017\/03\/DSC_0665-baja-240x160.jpg 240w, https:\/\/www.inet.edu.ar\/wp-content\/uploads\/2017\/03\/DSC_0665-baja-150x100.jpg 150w, https:\/\/www.inet.edu.ar\/wp-content\/uploads\/2017\/03\/DSC_0665-baja-768x512.jpg 768w, https:\/\/www.inet.edu.ar\/wp-content\/uploads\/2017\/03\/DSC_0665-baja-468x312.jpg 468w\" sizes=\"auto, (max-width: 240px) 100vw, 240px\" \/><\/a>\n\t\t\t<\/dt><\/dl><br style=\"clear: both\" \/>\n\t\t<\/div>\n\n<p>&nbsp;<\/p>\n<p>&nbsp;<\/p>\n","protected":false},"excerpt":{"rendered":"<p>Ciudad Aut\u00f3noma de Buenos Aires Hoy comenz\u00f3, en la sede del INET, el curso \u00abElectromec\u00e1nica del Automotor\u00bb para alumnos del Centro de Formaci\u00f3n Profesional (C.F.P.) N\u00b0 08 \u00abConvenio S.M.A.T.A.\u00bb de la Ciudad Aut\u00f3noma de Buenos Aires. El curso, que se extender\u00e1 hasta julio, es dictado por el profesor Marcelo Caviglia en el laboratorio de Automotores. [&hellip;]<\/p>\n","protected":false},"author":7,"featured_media":18890,"comment_status":"closed","ping_status":"open","sticky":false,"template":"","format":"standard","meta":{"footnotes":""},"categories":[1,14],"tags":[48],"class_list":["post-18881","post","type-post","status-publish","format-standard","has-post-thumbnail","hentry","category-noticias","category-noticias-fijas","tag-formacion-profesional"],"_links":{"self":[{"href":"https:\/\/www.inet.edu.ar\/index.php\/wp-json\/wp\/v2\/posts\/18881","targetHints":{"allow":["GET"]}}],"collection":[{"href":"https:\/\/www.inet.edu.ar\/index.php\/wp-json\/wp\/v2\/posts"}],"about":[{"href":"https:\/\/www.inet.edu.ar\/index.php\/wp-json\/wp\/v2\/types\/post"}],"author":[{"embeddable":true,"href":"https:\/\/www.inet.edu.ar\/index.php\/wp-json\/wp\/v2\/users\/7"}],"replies":[{"embeddable":true,"href":"https:\/\/www.inet.edu.ar\/index.php\/wp-json\/wp\/v2\/comments?post=18881"}],"version-history":[{"count":3,"href":"https:\/\/www.inet.edu.ar\/index.php\/wp-json\/wp\/v2\/posts\/18881\/revisions"}],"predecessor-version":[{"id":18898,"href":"https:\/\/www.inet.edu.ar\/index.php\/wp-json\/wp\/v2\/posts\/18881\/revisions\/18898"}],"wp:featuredmedia":[{"embeddable":true,"href":"https:\/\/www.inet.edu.ar\/index.php\/wp-json\/wp\/v2\/media\/18890"}],"wp:attachment":[{"href":"https:\/\/www.inet.edu.ar\/index.php\/wp-json\/wp\/v2\/media?parent=18881"}],"wp:term":[{"taxonomy":"category","embeddable":true,"href":"https:\/\/www.inet.edu.ar\/index.php\/wp-json\/wp\/v2\/categories?post=18881"},{"taxonomy":"post_tag","embeddable":true,"href":"https:\/\/www.inet.edu.ar\/index.php\/wp-json\/wp\/v2\/tags?post=18881"}],"curies":[{"name":"wp","href":"https:\/\/api.w.org\/{rel}","templated":true}]}}