{"id":18899,"date":"2017-03-21T17:14:01","date_gmt":"2017-03-21T20:14:01","guid":{"rendered":"https:\/\/www.inet.edu.ar\/?p=18899"},"modified":"2017-03-21T17:14:01","modified_gmt":"2017-03-21T20:14:01","slug":"reunion-con-instituciones-de-la-salud-para-coordinar-practicas-profesionalizantes","status":"publish","type":"post","link":"https:\/\/www.inet.edu.ar\/index.php\/reunion-con-instituciones-de-la-salud-para-coordinar-practicas-profesionalizantes\/","title":{"rendered":"Reuni\u00f3n con instituciones de la salud para coordinar pr\u00e1cticas profesionalizantes"},"content":{"rendered":"<p>Ciudad Aut\u00f3noma de Buenos Aires<\/p>\n<p>En el marco del convenio entre el INET y empresas privadas de medicina por el Programa Nacional de Formaci\u00f3n de Enfermer\u00eda (PRONAFE), nos reunimos hoy con representantes de esas empresas y las principales escuelas de enfermer\u00eda de Ciudad de Buenos Aires y del conurbano bonaerense con el fin de\u00a0coordinar que alumnos de enfermer\u00eda profesional puedan realizar pr\u00e1cticas profesionalizantes en diferentes sanatorios y cl\u00ednicas privadas.<\/p>\n<p>Encabez\u00f3 el evento el coordinador nacional del PRONAFE, Gabriel Muntaabski, junto al equipo INET, y participaron instituciones de la salud como\u00a0<a href=\"https:\/\/www.swissmedical.com.ar\/smgnewsite\/\">Swiss Medical Group<\/a>, <a href=\"https:\/\/www.medife.com.ar\/\">Medif\u00e9<\/a>, <a href=\"https:\/\/www.e-galeno.com.ar\/Pages\/default.aspx\">Galeno<\/a>, <a href=\"http:\/\/www.fundacionfavaloro.org\/\">Fundaci\u00f3n Favaloro<\/a>, <a href=\"http:\/\/www.cemic.edu.ar\/\">CEMIC<\/a>, <a href=\"http:\/\/www.iadt.com\/\">Instituto Argentino de Diagn\u00f3stico y Tratamiento (IADT)<\/a>, <a href=\"http:\/\/www.cmm.com.ar\/\">Cl\u00ednica Modelo de Mor\u00f3n<\/a>, <a href=\"https:\/\/www.hospitalaleman.org.ar\/\">Hospital Alem\u00e1n<\/a>, <a href=\"http:\/\/www.omint.com.ar\/website2\/default.aspx?tabid=1388\">OMINT<\/a>, entre otras.<\/p>\n<p>El PRONAFE, programa conjunto entre los Ministerios de Educaci\u00f3n y Deportes, y de Salud, es un plan de fortalecimiento de las instituciones educativas de Enfermer\u00eda, y trabaja en pos de aumentar la cantidad y calidad de los enfermeras\/os en Argentina.<\/p>\n<p><strong>Enlaces relacionados<\/strong><\/p>\n<p><a href=\"https:\/\/www.inet.edu.ar\/index.php\/programa-nacional-de-formacion-de-enfermeria-pronafe\/\">Programa Nacional de Formaci\u00f3n de Enfermer\u00eda (PRONAFE)<\/a><\/p>\n<p><strong>Noticias relacionadas<\/strong><\/p>\n<p><a href=\"https:\/\/www.inet.edu.ar\/index.php\/junto-al-presidente-macri-lanzamos-el-programa-nacional-de-formacion-de-enfermeria-en-el-inet\/\">\u201cJunto al presidente Macri lanzamos el Programa Nacional de Formaci\u00f3n de Enfermer\u00eda en el INET\u201d<\/a><\/p>\n<p><a href=\"https:\/\/www.inet.edu.ar\/index.php\/convenio-entre-el-ministerio-de-educacion-y-deportes-e-instituciones-privadas-de-la-salud-sobre-formacion-de-enfermeros\/\">\u00abConvenio entre el Ministerio de Educaci\u00f3n y Deportes, e instituciones privadas de la salud sobre formaci\u00f3n de Enfermeros\u00bb<\/a><\/p>\n<p><strong>Galer\u00eda de im\u00e1genes<\/strong><\/p>\n\n\t\t<style type=\"text\/css\">\n\t\t\t#gallery-1 {\n\t\t\t\tmargin: auto;\n\t\t\t}\n\t\t\t#gallery-1 .gallery-item {\n\t\t\t\tfloat: left;\n\t\t\t\tmargin-top: 10px;\n\t\t\t\ttext-align: center;\n\t\t\t\twidth: 50%;\n\t\t\t}\n\t\t\t#gallery-1 img {\n\t\t\t\tborder: 2px solid #cfcfcf;\n\t\t\t}\n\t\t\t#gallery-1 .gallery-caption {\n\t\t\t\tmargin-left: 0;\n\t\t\t}\n\t\t\t\/* see gallery_shortcode() in wp-includes\/media.php *\/\n\t\t<\/style>\n\t\t<div id='gallery-1' class='gallery galleryid-18899 gallery-columns-2 gallery-size-medium'><dl class='gallery-item'>\n\t\t\t<dt class='gallery-icon landscape'>\n\t\t\t\t<a href='https:\/\/www.inet.edu.ar\/index.php\/reunion-con-instituciones-de-la-salud-para-coordinar-practicas-profesionalizantes\/c7cgcx1xuaemgse\/#main'><img loading=\"lazy\" decoding=\"async\" width=\"240\" height=\"135\" src=\"https:\/\/www.inet.edu.ar\/wp-content\/uploads\/2017\/03\/C7cgCX1XUAEmgSE-240x135.jpg\" class=\"attachment-medium size-medium\" alt=\"\" srcset=\"https:\/\/www.inet.edu.ar\/wp-content\/uploads\/2017\/03\/C7cgCX1XUAEmgSE-240x135.jpg 240w, https:\/\/www.inet.edu.ar\/wp-content\/uploads\/2017\/03\/C7cgCX1XUAEmgSE-768x432.jpg 768w, https:\/\/www.inet.edu.ar\/wp-content\/uploads\/2017\/03\/C7cgCX1XUAEmgSE-468x263.jpg 468w, https:\/\/www.inet.edu.ar\/wp-content\/uploads\/2017\/03\/C7cgCX1XUAEmgSE.jpg 1200w\" sizes=\"auto, (max-width: 240px) 100vw, 240px\" \/><\/a>\n\t\t\t<\/dt><\/dl><dl class='gallery-item'>\n\t\t\t<dt class='gallery-icon landscape'>\n\t\t\t\t<a href='https:\/\/www.inet.edu.ar\/index.php\/reunion-con-instituciones-de-la-salud-para-coordinar-practicas-profesionalizantes\/c7clya5xkaewqde\/#main'><img loading=\"lazy\" decoding=\"async\" width=\"240\" height=\"135\" src=\"https:\/\/www.inet.edu.ar\/wp-content\/uploads\/2017\/03\/C7clya5XkAEWqDE-240x135.jpg\" class=\"attachment-medium size-medium\" alt=\"\" srcset=\"https:\/\/www.inet.edu.ar\/wp-content\/uploads\/2017\/03\/C7clya5XkAEWqDE-240x135.jpg 240w, https:\/\/www.inet.edu.ar\/wp-content\/uploads\/2017\/03\/C7clya5XkAEWqDE-768x432.jpg 768w, https:\/\/www.inet.edu.ar\/wp-content\/uploads\/2017\/03\/C7clya5XkAEWqDE-468x263.jpg 468w, https:\/\/www.inet.edu.ar\/wp-content\/uploads\/2017\/03\/C7clya5XkAEWqDE.jpg 1200w\" sizes=\"auto, (max-width: 240px) 100vw, 240px\" \/><\/a>\n\t\t\t<\/dt><\/dl><br style=\"clear: both\" \/>\n\t\t<\/div>\n\n","protected":false},"excerpt":{"rendered":"<p>Ciudad Aut\u00f3noma de Buenos Aires En el marco del convenio entre el INET y empresas privadas de medicina por el Programa Nacional de Formaci\u00f3n de Enfermer\u00eda (PRONAFE), nos reunimos hoy con representantes de esas empresas y las principales escuelas de enfermer\u00eda de Ciudad de Buenos Aires y del conurbano bonaerense con el fin de\u00a0coordinar que [&hellip;]<\/p>\n","protected":false},"author":7,"featured_media":18901,"comment_status":"closed","ping_status":"open","sticky":false,"template":"","format":"standard","meta":{"footnotes":""},"categories":[1,14],"tags":[81,164],"class_list":["post-18899","post","type-post","status-publish","format-standard","has-post-thumbnail","hentry","category-noticias","category-noticias-fijas","tag-practicas-profesionalizantes","tag-pronafe"],"_links":{"self":[{"href":"https:\/\/www.inet.edu.ar\/index.php\/wp-json\/wp\/v2\/posts\/18899","targetHints":{"allow":["GET"]}}],"collection":[{"href":"https:\/\/www.inet.edu.ar\/index.php\/wp-json\/wp\/v2\/posts"}],"about":[{"href":"https:\/\/www.inet.edu.ar\/index.php\/wp-json\/wp\/v2\/types\/post"}],"author":[{"embeddable":true,"href":"https:\/\/www.inet.edu.ar\/index.php\/wp-json\/wp\/v2\/users\/7"}],"replies":[{"embeddable":true,"href":"https:\/\/www.inet.edu.ar\/index.php\/wp-json\/wp\/v2\/comments?post=18899"}],"version-history":[{"count":15,"href":"https:\/\/www.inet.edu.ar\/index.php\/wp-json\/wp\/v2\/posts\/18899\/revisions"}],"predecessor-version":[{"id":18946,"href":"https:\/\/www.inet.edu.ar\/index.php\/wp-json\/wp\/v2\/posts\/18899\/revisions\/18946"}],"wp:featuredmedia":[{"embeddable":true,"href":"https:\/\/www.inet.edu.ar\/index.php\/wp-json\/wp\/v2\/media\/18901"}],"wp:attachment":[{"href":"https:\/\/www.inet.edu.ar\/index.php\/wp-json\/wp\/v2\/media?parent=18899"}],"wp:term":[{"taxonomy":"category","embeddable":true,"href":"https:\/\/www.inet.edu.ar\/index.php\/wp-json\/wp\/v2\/categories?post=18899"},{"taxonomy":"post_tag","embeddable":true,"href":"https:\/\/www.inet.edu.ar\/index.php\/wp-json\/wp\/v2\/tags?post=18899"}],"curies":[{"name":"wp","href":"https:\/\/api.w.org\/{rel}","templated":true}]}}