{"id":19019,"date":"2017-03-30T18:25:10","date_gmt":"2017-03-30T21:25:10","guid":{"rendered":"https:\/\/www.inet.edu.ar\/?p=19019"},"modified":"2017-04-05T16:09:34","modified_gmt":"2017-04-05T19:09:34","slug":"visita-de-autoridades-educativas-de-el-salvador-y-el-bid-para-intercambiar-practicas-en-etp","status":"publish","type":"post","link":"https:\/\/www.inet.edu.ar\/index.php\/visita-de-autoridades-educativas-de-el-salvador-y-el-bid-para-intercambiar-practicas-en-etp\/","title":{"rendered":"Visita de autoridades educativas de El Salvador y el BID para intercambiar pr\u00e1cticas en ETP"},"content":{"rendered":"<p>Esta semana visitaron el INET autoridades del Ministerio de Educaci\u00f3n de El Salvador y del Banco Interamericano de Desarrollo (BID).<\/p>\n<p>La comitiva estuvo compuesta por el el gerente de Educaci\u00f3n Media T\u00e9cnica y Tecnol\u00f3gica, Graciela de Salgado; la directora nacional de Prevenci\u00f3n y Programas Sociales, Melida de Barrera; la gerente de Modalidades Flexibles, Gloria Evelyn Hern\u00e1ndez; el director nacional de Planificaci\u00f3n, Jos\u00e9 Luis G\u00e1lvez Hern\u00e1ndez; y el especialista de Educaci\u00f3n del BID, oficina Honduras, Javier Luque.<\/p>\n<p>El martes 28 mantuvieron diferentes reuniones en el INET para dialogar acerca del dise\u00f1o curricular, de las habilidades y capacidades que los j\u00f3venes necesitan, de las formaciones previas de los alumnos de Educaci\u00f3n T\u00e9cnico Profesional (ETP), de presupuesto, y del v\u00ednculo con las provincias.<\/p>\n<p>Ayer por la ma\u00f1ana, se realiz\u00f3 un encuentro de intercambio con el sector socioproductivo, en el que participaron representantes de empresas y fundaciones como Arcos Dorados, Manpower, Fundaci\u00f3n Ita\u00fa Argentina, Fundaci\u00f3n Loma Negra, Sin PAR, Intel, Agrofina. Durante la reuni\u00f3n, discutieron acerca de los retos en el proceso de contrataci\u00f3n de j\u00f3venes en el mercado laboral, de los mecanismos de interacci\u00f3n para alinear la ense\u00f1anza con las demandas de los diferentes sectores, c\u00f3mo funciona la articulaci\u00f3n entre los sectores p\u00fablico y privado en Argentina, e intercambiaron opiniones acerca de los desaf\u00edos en la articulaci\u00f3n con Educaci\u00f3n. Acompa\u00f1aron esta reuni\u00f3n\u00a0el secretario permanente del CoNETyP, Santiago de la Barrera; junto al coordinador de v\u00ednculo empresarial y sector productivo del INET, Marcos Amadeo; y la responsable de Cooperaci\u00f3n Internacional y Comunicaci\u00f3n, Luc\u00eda Orom\u00ed.<\/p>\n<p>Por la tarde, las autoridades extranjeras visitaron instituciones de ETP de CABA con el objetivo de conocer los distintos niveles de la modalidad. Primero recorrieron las instalaciones del Centro de Formaci\u00f3n Profesional (C.F.P.) N\u00b0 28 \u00abMinistro Jos\u00e9 Mar\u00eda Freire &#8211; Convenio S.U.T.E.R.H.\u201d, donde se dictan diferentes cursos para el mundo laboral (como Electricidad, Peluquer\u00eda, Gastronom\u00eda). Luego recorrieron\u00a0la Escuela T\u00e9cnica N\u00b0 26 \u00abConfederaci\u00f3n Suiza\u00bb, que ofrece Tecnicaturas de nivel secundario en Inform\u00e1tica y en Automotores.<\/p>\n<p>Hoy a la ma\u00f1ana realizaron una visita a Volkswagen Argentina con el fin de conocer\u00a0el instituto \u00abDr. Ferdinand Porsche\u00bb, en el cual trataron temas referidos a la articulaci\u00f3n p\u00fablico-privado y con la universidad. Este instituto funciona como parte de acuerdos firmados entre la empresa, el estado nacional y la UTN.<\/p>\n<p>Luego se dirigieron a la planta de\u00a0Volkswagen para conocer los diferentes procesos de fabricaci\u00f3n de los autos y los centros de capacitaci\u00f3n, y conversar con alumnos que realizan pr\u00e1cticas profesionalizantes en la empresa.<\/p>\n<p>En las diferentes reuniones que tuvieron en el INET, la comitiva extranjera fue recibida por el director nacional de ETP, Fabi\u00e1n Prieto; el director nacional de Asuntos Federales, Diego Taurizano; \u00a0el coordinador de Gesti\u00f3n de la Informaci\u00f3n, Gabriel Muntaabski; el coordinador de nivel Secundario t\u00e9cnico, Ricardo De Gisi; el coordinador de nivel Superior t\u00e9cnico, Gustavo Peltzer; el jefe de Gabinete de Asuntos Federales, Juan Pablo Ruozi; y la responsable de Formaci\u00f3n Docente T\u00e9cnica, Mirta Abalo.<\/p>\n<p><strong>Enlaces relacionados<\/strong><br \/>\n<a href=\"https:\/\/www.mined.gob.sv\/\">Ministerio de Educaci\u00f3n de El Salvador\u00a0<\/a><\/p>\n<p><a href=\"http:\/\/www.frgp.utn.edu.ar\/instituto-ferdinand-porsche\">Instituto \u00abDr. Ferdinand Porsche\u00bb<\/a><\/p>\n<p><strong>Galer\u00eda de im\u00e1genes<\/strong><\/p>\n\n\t\t<style type=\"text\/css\">\n\t\t\t#gallery-1 {\n\t\t\t\tmargin: auto;\n\t\t\t}\n\t\t\t#gallery-1 .gallery-item {\n\t\t\t\tfloat: left;\n\t\t\t\tmargin-top: 10px;\n\t\t\t\ttext-align: center;\n\t\t\t\twidth: 50%;\n\t\t\t}\n\t\t\t#gallery-1 img {\n\t\t\t\tborder: 2px solid #cfcfcf;\n\t\t\t}\n\t\t\t#gallery-1 .gallery-caption {\n\t\t\t\tmargin-left: 0;\n\t\t\t}\n\t\t\t\/* see gallery_shortcode() in wp-includes\/media.php *\/\n\t\t<\/style>\n\t\t<div id='gallery-1' class='gallery galleryid-19019 gallery-columns-2 gallery-size-medium'><dl class='gallery-item'>\n\t\t\t<dt class='gallery-icon landscape'>\n\t\t\t\t<a href='https:\/\/www.inet.edu.ar\/index.php\/visita-de-autoridades-educativas-de-el-salvador-y-el-bid-para-intercambiar-practicas-en-etp\/dd17a912-5e6b-40b3-ad9d-bb2207b82b87\/#main'><img loading=\"lazy\" decoding=\"async\" width=\"240\" height=\"180\" src=\"https:\/\/www.inet.edu.ar\/wp-content\/uploads\/2017\/03\/dd17a912-5e6b-40b3-ad9d-bb2207b82b87-240x180.jpg\" class=\"attachment-medium size-medium\" alt=\"\" srcset=\"https:\/\/www.inet.edu.ar\/wp-content\/uploads\/2017\/03\/dd17a912-5e6b-40b3-ad9d-bb2207b82b87-240x180.jpg 240w, https:\/\/www.inet.edu.ar\/wp-content\/uploads\/2017\/03\/dd17a912-5e6b-40b3-ad9d-bb2207b82b87-768x576.jpg 768w, https:\/\/www.inet.edu.ar\/wp-content\/uploads\/2017\/03\/dd17a912-5e6b-40b3-ad9d-bb2207b82b87-468x351.jpg 468w, https:\/\/www.inet.edu.ar\/wp-content\/uploads\/2017\/03\/dd17a912-5e6b-40b3-ad9d-bb2207b82b87.jpg 1024w\" sizes=\"auto, (max-width: 240px) 100vw, 240px\" \/><\/a>\n\t\t\t<\/dt><\/dl><dl class='gallery-item'>\n\t\t\t<dt class='gallery-icon landscape'>\n\t\t\t\t<a href='https:\/\/www.inet.edu.ar\/index.php\/visita-de-autoridades-educativas-de-el-salvador-y-el-bid-para-intercambiar-practicas-en-etp\/4e20da56-6612-4f28-9005-ce27bdb53a4b\/#main'><img loading=\"lazy\" decoding=\"async\" width=\"240\" height=\"180\" src=\"https:\/\/www.inet.edu.ar\/wp-content\/uploads\/2017\/03\/4e20da56-6612-4f28-9005-ce27bdb53a4b-240x180.jpg\" class=\"attachment-medium size-medium\" alt=\"\" srcset=\"https:\/\/www.inet.edu.ar\/wp-content\/uploads\/2017\/03\/4e20da56-6612-4f28-9005-ce27bdb53a4b-240x180.jpg 240w, https:\/\/www.inet.edu.ar\/wp-content\/uploads\/2017\/03\/4e20da56-6612-4f28-9005-ce27bdb53a4b-768x576.jpg 768w, https:\/\/www.inet.edu.ar\/wp-content\/uploads\/2017\/03\/4e20da56-6612-4f28-9005-ce27bdb53a4b-468x351.jpg 468w, https:\/\/www.inet.edu.ar\/wp-content\/uploads\/2017\/03\/4e20da56-6612-4f28-9005-ce27bdb53a4b.jpg 1024w\" sizes=\"auto, (max-width: 240px) 100vw, 240px\" \/><\/a>\n\t\t\t<\/dt><\/dl><br style=\"clear: both\" \/><dl class='gallery-item'>\n\t\t\t<dt class='gallery-icon landscape'>\n\t\t\t\t<a href='https:\/\/www.inet.edu.ar\/index.php\/visita-de-autoridades-educativas-de-el-salvador-y-el-bid-para-intercambiar-practicas-en-etp\/4e7106be-617f-4040-be7f-67ba27f0012c\/#main'><img loading=\"lazy\" decoding=\"async\" width=\"240\" height=\"180\" src=\"https:\/\/www.inet.edu.ar\/wp-content\/uploads\/2017\/03\/4e7106be-617f-4040-be7f-67ba27f0012c-240x180.jpg\" class=\"attachment-medium size-medium\" alt=\"\" srcset=\"https:\/\/www.inet.edu.ar\/wp-content\/uploads\/2017\/03\/4e7106be-617f-4040-be7f-67ba27f0012c-240x180.jpg 240w, https:\/\/www.inet.edu.ar\/wp-content\/uploads\/2017\/03\/4e7106be-617f-4040-be7f-67ba27f0012c-768x576.jpg 768w, https:\/\/www.inet.edu.ar\/wp-content\/uploads\/2017\/03\/4e7106be-617f-4040-be7f-67ba27f0012c-468x351.jpg 468w, https:\/\/www.inet.edu.ar\/wp-content\/uploads\/2017\/03\/4e7106be-617f-4040-be7f-67ba27f0012c.jpg 1024w\" sizes=\"auto, (max-width: 240px) 100vw, 240px\" \/><\/a>\n\t\t\t<\/dt><\/dl><dl class='gallery-item'>\n\t\t\t<dt class='gallery-icon landscape'>\n\t\t\t\t<a href='https:\/\/www.inet.edu.ar\/index.php\/visita-de-autoridades-educativas-de-el-salvador-y-el-bid-para-intercambiar-practicas-en-etp\/08d21d43-71a5-42c6-90b7-91c4b872b689\/#main'><img loading=\"lazy\" decoding=\"async\" width=\"240\" height=\"180\" src=\"https:\/\/www.inet.edu.ar\/wp-content\/uploads\/2017\/03\/08d21d43-71a5-42c6-90b7-91c4b872b689-240x180.jpg\" class=\"attachment-medium size-medium\" alt=\"\" srcset=\"https:\/\/www.inet.edu.ar\/wp-content\/uploads\/2017\/03\/08d21d43-71a5-42c6-90b7-91c4b872b689-240x180.jpg 240w, https:\/\/www.inet.edu.ar\/wp-content\/uploads\/2017\/03\/08d21d43-71a5-42c6-90b7-91c4b872b689-768x576.jpg 768w, https:\/\/www.inet.edu.ar\/wp-content\/uploads\/2017\/03\/08d21d43-71a5-42c6-90b7-91c4b872b689-468x351.jpg 468w, https:\/\/www.inet.edu.ar\/wp-content\/uploads\/2017\/03\/08d21d43-71a5-42c6-90b7-91c4b872b689.jpg 1024w\" sizes=\"auto, (max-width: 240px) 100vw, 240px\" \/><\/a>\n\t\t\t<\/dt><\/dl><br style=\"clear: both\" \/><dl class='gallery-item'>\n\t\t\t<dt class='gallery-icon landscape'>\n\t\t\t\t<a href='https:\/\/www.inet.edu.ar\/index.php\/visita-de-autoridades-educativas-de-el-salvador-y-el-bid-para-intercambiar-practicas-en-etp\/9c11ae53-e01a-4c1b-8fa0-1fb48718d9d3\/#main'><img loading=\"lazy\" decoding=\"async\" width=\"240\" height=\"180\" src=\"https:\/\/www.inet.edu.ar\/wp-content\/uploads\/2017\/03\/9c11ae53-e01a-4c1b-8fa0-1fb48718d9d3-240x180.jpg\" class=\"attachment-medium size-medium\" alt=\"\" srcset=\"https:\/\/www.inet.edu.ar\/wp-content\/uploads\/2017\/03\/9c11ae53-e01a-4c1b-8fa0-1fb48718d9d3-240x180.jpg 240w, https:\/\/www.inet.edu.ar\/wp-content\/uploads\/2017\/03\/9c11ae53-e01a-4c1b-8fa0-1fb48718d9d3-768x576.jpg 768w, https:\/\/www.inet.edu.ar\/wp-content\/uploads\/2017\/03\/9c11ae53-e01a-4c1b-8fa0-1fb48718d9d3-468x351.jpg 468w, https:\/\/www.inet.edu.ar\/wp-content\/uploads\/2017\/03\/9c11ae53-e01a-4c1b-8fa0-1fb48718d9d3.jpg 1280w\" sizes=\"auto, (max-width: 240px) 100vw, 240px\" \/><\/a>\n\t\t\t<\/dt><\/dl><dl class='gallery-item'>\n\t\t\t<dt class='gallery-icon landscape'>\n\t\t\t\t<a href='https:\/\/www.inet.edu.ar\/index.php\/visita-de-autoridades-educativas-de-el-salvador-y-el-bid-para-intercambiar-practicas-en-etp\/310298a9-0e5e-44b9-ab19-028a5bba1449\/#main'><img loading=\"lazy\" decoding=\"async\" width=\"240\" height=\"180\" src=\"https:\/\/www.inet.edu.ar\/wp-content\/uploads\/2017\/03\/310298a9-0e5e-44b9-ab19-028a5bba1449-240x180.jpg\" class=\"attachment-medium size-medium\" alt=\"\" srcset=\"https:\/\/www.inet.edu.ar\/wp-content\/uploads\/2017\/03\/310298a9-0e5e-44b9-ab19-028a5bba1449-240x180.jpg 240w, https:\/\/www.inet.edu.ar\/wp-content\/uploads\/2017\/03\/310298a9-0e5e-44b9-ab19-028a5bba1449-768x576.jpg 768w, https:\/\/www.inet.edu.ar\/wp-content\/uploads\/2017\/03\/310298a9-0e5e-44b9-ab19-028a5bba1449-468x351.jpg 468w, https:\/\/www.inet.edu.ar\/wp-content\/uploads\/2017\/03\/310298a9-0e5e-44b9-ab19-028a5bba1449.jpg 1024w\" sizes=\"auto, (max-width: 240px) 100vw, 240px\" \/><\/a>\n\t\t\t<\/dt><\/dl><br style=\"clear: both\" \/><dl class='gallery-item'>\n\t\t\t<dt class='gallery-icon landscape'>\n\t\t\t\t<a href='https:\/\/www.inet.edu.ar\/index.php\/visita-de-autoridades-educativas-de-el-salvador-y-el-bid-para-intercambiar-practicas-en-etp\/bc6792fd-fdba-48eb-918d-8bc2f9dbf426\/#main'><img loading=\"lazy\" decoding=\"async\" width=\"240\" height=\"180\" src=\"https:\/\/www.inet.edu.ar\/wp-content\/uploads\/2017\/03\/bc6792fd-fdba-48eb-918d-8bc2f9dbf426-240x180.jpg\" class=\"attachment-medium size-medium\" alt=\"\" srcset=\"https:\/\/www.inet.edu.ar\/wp-content\/uploads\/2017\/03\/bc6792fd-fdba-48eb-918d-8bc2f9dbf426-240x180.jpg 240w, https:\/\/www.inet.edu.ar\/wp-content\/uploads\/2017\/03\/bc6792fd-fdba-48eb-918d-8bc2f9dbf426-768x576.jpg 768w, https:\/\/www.inet.edu.ar\/wp-content\/uploads\/2017\/03\/bc6792fd-fdba-48eb-918d-8bc2f9dbf426-468x351.jpg 468w, https:\/\/www.inet.edu.ar\/wp-content\/uploads\/2017\/03\/bc6792fd-fdba-48eb-918d-8bc2f9dbf426.jpg 1024w\" sizes=\"auto, (max-width: 240px) 100vw, 240px\" \/><\/a>\n\t\t\t<\/dt><\/dl><dl class='gallery-item'>\n\t\t\t<dt class='gallery-icon landscape'>\n\t\t\t\t<a href='https:\/\/www.inet.edu.ar\/index.php\/visita-de-autoridades-educativas-de-el-salvador-y-el-bid-para-intercambiar-practicas-en-etp\/d76d9809-1609-4fe6-b789-9f40242f854b\/#main'><img loading=\"lazy\" decoding=\"async\" width=\"240\" height=\"180\" src=\"https:\/\/www.inet.edu.ar\/wp-content\/uploads\/2017\/03\/d76d9809-1609-4fe6-b789-9f40242f854b-240x180.jpg\" class=\"attachment-medium size-medium\" alt=\"\" srcset=\"https:\/\/www.inet.edu.ar\/wp-content\/uploads\/2017\/03\/d76d9809-1609-4fe6-b789-9f40242f854b-240x180.jpg 240w, https:\/\/www.inet.edu.ar\/wp-content\/uploads\/2017\/03\/d76d9809-1609-4fe6-b789-9f40242f854b-768x576.jpg 768w, https:\/\/www.inet.edu.ar\/wp-content\/uploads\/2017\/03\/d76d9809-1609-4fe6-b789-9f40242f854b-468x351.jpg 468w, https:\/\/www.inet.edu.ar\/wp-content\/uploads\/2017\/03\/d76d9809-1609-4fe6-b789-9f40242f854b.jpg 1024w\" sizes=\"auto, (max-width: 240px) 100vw, 240px\" \/><\/a>\n\t\t\t<\/dt><\/dl><br style=\"clear: both\" \/><dl class='gallery-item'>\n\t\t\t<dt class='gallery-icon landscape'>\n\t\t\t\t<a href='https:\/\/www.inet.edu.ar\/index.php\/visita-de-autoridades-educativas-de-el-salvador-y-el-bid-para-intercambiar-practicas-en-etp\/f1df689d-f829-45b6-902f-dbb0b2b35d8c\/#main'><img loading=\"lazy\" decoding=\"async\" width=\"240\" height=\"180\" src=\"https:\/\/www.inet.edu.ar\/wp-content\/uploads\/2017\/03\/f1df689d-f829-45b6-902f-dbb0b2b35d8c-240x180.jpg\" class=\"attachment-medium size-medium\" alt=\"\" srcset=\"https:\/\/www.inet.edu.ar\/wp-content\/uploads\/2017\/03\/f1df689d-f829-45b6-902f-dbb0b2b35d8c-240x180.jpg 240w, https:\/\/www.inet.edu.ar\/wp-content\/uploads\/2017\/03\/f1df689d-f829-45b6-902f-dbb0b2b35d8c-768x576.jpg 768w, https:\/\/www.inet.edu.ar\/wp-content\/uploads\/2017\/03\/f1df689d-f829-45b6-902f-dbb0b2b35d8c-468x351.jpg 468w, https:\/\/www.inet.edu.ar\/wp-content\/uploads\/2017\/03\/f1df689d-f829-45b6-902f-dbb0b2b35d8c.jpg 1024w\" sizes=\"auto, (max-width: 240px) 100vw, 240px\" \/><\/a>\n\t\t\t<\/dt><\/dl><dl class='gallery-item'>\n\t\t\t<dt class='gallery-icon landscape'>\n\t\t\t\t<a href='https:\/\/www.inet.edu.ar\/index.php\/visita-de-autoridades-educativas-de-el-salvador-y-el-bid-para-intercambiar-practicas-en-etp\/b8cff570-e3c3-4fd6-b876-d29582ca8ec2\/#main'><img loading=\"lazy\" decoding=\"async\" width=\"240\" height=\"180\" src=\"https:\/\/www.inet.edu.ar\/wp-content\/uploads\/2017\/03\/b8cff570-e3c3-4fd6-b876-d29582ca8ec2-240x180.jpg\" class=\"attachment-medium size-medium\" alt=\"\" srcset=\"https:\/\/www.inet.edu.ar\/wp-content\/uploads\/2017\/03\/b8cff570-e3c3-4fd6-b876-d29582ca8ec2-240x180.jpg 240w, https:\/\/www.inet.edu.ar\/wp-content\/uploads\/2017\/03\/b8cff570-e3c3-4fd6-b876-d29582ca8ec2-768x576.jpg 768w, https:\/\/www.inet.edu.ar\/wp-content\/uploads\/2017\/03\/b8cff570-e3c3-4fd6-b876-d29582ca8ec2-468x351.jpg 468w, https:\/\/www.inet.edu.ar\/wp-content\/uploads\/2017\/03\/b8cff570-e3c3-4fd6-b876-d29582ca8ec2.jpg 1024w\" sizes=\"auto, (max-width: 240px) 100vw, 240px\" \/><\/a>\n\t\t\t<\/dt><\/dl><br style=\"clear: both\" \/>\n\t\t<\/div>\n\n","protected":false},"excerpt":{"rendered":"<p>Esta semana visitaron el INET autoridades del Ministerio de Educaci\u00f3n de El Salvador y del Banco Interamericano de Desarrollo (BID). La comitiva estuvo compuesta por el el gerente de Educaci\u00f3n Media T\u00e9cnica y Tecnol\u00f3gica, Graciela de Salgado; la directora nacional de Prevenci\u00f3n y Programas Sociales, Melida de Barrera; la gerente de Modalidades Flexibles, Gloria Evelyn [&hellip;]<\/p>\n","protected":false},"author":7,"featured_media":19069,"comment_status":"closed","ping_status":"open","sticky":false,"template":"","format":"standard","meta":{"footnotes":""},"categories":[1,14],"tags":[],"class_list":["post-19019","post","type-post","status-publish","format-standard","has-post-thumbnail","hentry","category-noticias","category-noticias-fijas"],"_links":{"self":[{"href":"https:\/\/www.inet.edu.ar\/index.php\/wp-json\/wp\/v2\/posts\/19019","targetHints":{"allow":["GET"]}}],"collection":[{"href":"https:\/\/www.inet.edu.ar\/index.php\/wp-json\/wp\/v2\/posts"}],"about":[{"href":"https:\/\/www.inet.edu.ar\/index.php\/wp-json\/wp\/v2\/types\/post"}],"author":[{"embeddable":true,"href":"https:\/\/www.inet.edu.ar\/index.php\/wp-json\/wp\/v2\/users\/7"}],"replies":[{"embeddable":true,"href":"https:\/\/www.inet.edu.ar\/index.php\/wp-json\/wp\/v2\/comments?post=19019"}],"version-history":[{"count":23,"href":"https:\/\/www.inet.edu.ar\/index.php\/wp-json\/wp\/v2\/posts\/19019\/revisions"}],"predecessor-version":[{"id":19177,"href":"https:\/\/www.inet.edu.ar\/index.php\/wp-json\/wp\/v2\/posts\/19019\/revisions\/19177"}],"wp:featuredmedia":[{"embeddable":true,"href":"https:\/\/www.inet.edu.ar\/index.php\/wp-json\/wp\/v2\/media\/19069"}],"wp:attachment":[{"href":"https:\/\/www.inet.edu.ar\/index.php\/wp-json\/wp\/v2\/media?parent=19019"}],"wp:term":[{"taxonomy":"category","embeddable":true,"href":"https:\/\/www.inet.edu.ar\/index.php\/wp-json\/wp\/v2\/categories?post=19019"},{"taxonomy":"post_tag","embeddable":true,"href":"https:\/\/www.inet.edu.ar\/index.php\/wp-json\/wp\/v2\/tags?post=19019"}],"curies":[{"name":"wp","href":"https:\/\/api.w.org\/{rel}","templated":true}]}}