{"id":19165,"date":"2017-04-04T16:22:15","date_gmt":"2017-04-04T19:22:15","guid":{"rendered":"https:\/\/www.inet.edu.ar\/?p=19165"},"modified":"2017-04-05T17:33:40","modified_gmt":"2017-04-05T20:33:40","slug":"programa-nacional-de-formacion-de-enfermeria-jornada-de-capacitacion","status":"publish","type":"post","link":"https:\/\/www.inet.edu.ar\/index.php\/programa-nacional-de-formacion-de-enfermeria-jornada-de-capacitacion\/","title":{"rendered":"Programa Nacional de Formaci\u00f3n de Enfermer\u00eda: jornada de capacitaci\u00f3n"},"content":{"rendered":"<p>CABA<\/p>\n<p>Realizamos hoy en el INET una jornada de capacitaci\u00f3n del\u00a0<a href=\"https:\/\/www.inet.edu.ar\/index.php\/programa-nacional-de-formacion-de-enfermeria-pronafe\/\">Programa Nacional de Formaci\u00f3n de Enfermer\u00eda <\/a>junto a\u00a0directores de institutos superiores que brindan la carrera y forman parte del PRONAFE, y a referentes jurisdiccionales a cargo del programa.<\/p>\n<p>Durante el evento se trataron tem\u00e1ticas como el sistema de becas para alumnos, equipamiento del gabinete de pr\u00e1cticas, obras de infraestructura, convenios con empresas de salud para la realizaci\u00f3n de pr\u00e1cticas profesionalizantes, entre otros.<\/p>\n<p>Encabezaron el encuentro el coordinador de Gesti\u00f3n de la Informaci\u00f3n, Gabriel Muntaabski; el encargado del \u00e1rea de Salud, Guillermo Devoto; con parte del equipo t\u00e9cnico del INET.<\/p>\n<p><strong>Acerca del PRONAFE<\/strong><\/p>\n<p>En la actualidad, hay 179.175 enfermeros en el pa\u00eds. La relaci\u00f3n enfermero calificado-m\u00e9dico es la mitad de la recomendada como m\u00ednimo por la OPS. \u00a0Por otro lado, para el a\u00f1o 2020, 56.000 se habr\u00e1n jubilado.<\/p>\n<p>Esta\u00a0escasez del personal de Enfermer\u00eda es una preocupaci\u00f3n no s\u00f3lo en Argentina sino a nivel mundial. El hist\u00f3rico d\u00e9ficit de recursos capacitados, y su inapropiada distribuci\u00f3n geogr\u00e1fica y en los servicios, se ve agravado por la falta de incentivos para ingresar y permanecer en la profesi\u00f3n, derivado del deterioro de las condiciones laborales que promueven el \u00e9xodo de profesionales.<\/p>\n<p>Con el fin de dar respuesta a esta creciente demanda de personal calificado y aumentar la tasa de graduaci\u00f3n y niveles de cualificaci\u00f3n profesional, el Ministerio de Salud,\u00a0y el Ministerio de Educaci\u00f3n y Deportes, a trav\u00e9s del INET, llevar\u00e1n adelante un plan de fortalecimiento de las instituciones educativas de enfermer\u00eda, y trabajar\u00e1 en la formaci\u00f3n y capacitaci\u00f3n de 50.000 enfermeros en todo el pa\u00eds.<\/p>\n<p>El PRONAFE incluir\u00e1 medidas de autoevaluaci\u00f3n institucional, capacitaci\u00f3n para directivos y docentes, aumento en el n\u00famero de becas estudiantiles, equipamiento integral de los gabinetes de simulaci\u00f3n de pr\u00e1cticas y extensi\u00f3n de la cantidad de instituciones oferentes de la Tecnicatura.\u00a0Asimismo,\u00a0 profundizar\u00e1 y mejorar\u00e1 el v\u00ednculo entre las instituciones formadoras y los establecimientos de salud de todo el pa\u00eds, tanto para la formaci\u00f3n como para el ejercicio profesional de los enfermeros.<\/p>\n<p>Participar\u00e1n de este proceso representantes del Sistema Privado de Prestaci\u00f3n de Salud, quienes \u00a0firmar\u00e1n con el INET un Convenio para ofrecer en sus establecimientos el desarrollo de las pr\u00e1cticas profesionales de los alumnos de enfermer\u00eda.<\/p>\n<p>El Convenio permitir\u00e1 adem\u00e1s potenciar pr\u00e1cticas y canales de comunicaci\u00f3n que faciliten la difusi\u00f3n de la carrera t\u00e9cnica de enfermer\u00eda, como una opci\u00f3n de formaci\u00f3n con creciente salida laboral, entre los alumnos del secundario a nivel nacional.<\/p>\n<p>Los Ministerios de Salud y de Educaci\u00f3n de la Naci\u00f3n tienen una larga trayectoria en el abordaje conjunto sobre las necesidades de formaci\u00f3n de los equipos de salud destac\u00e1ndose la Comisi\u00f3n Interministerial Salud y Educaci\u00f3n y la Mesa Intersectorial de Pol\u00edticas integradas de Salud y Educaci\u00f3n.<\/p>\n<p>Este trabajo conjunto entre ambas carteras nacionales permitir\u00e1 aumentar la matr\u00edcula y mejorar los indicadores acad\u00e9micos de las instituciones formadoras; desarrollar y mejorar el ejercicio profesional de la enfermer\u00eda; fomentar el desarrollo regional de la\u00a0 carrera supliendo la demanda de profesionales en el pa\u00eds.<\/p>\n<p><strong>Noticias relacionadas<\/strong><\/p>\n<p><a href=\"https:\/\/www.inet.edu.ar\/index.php\/junto-al-presidente-macri-lanzamos-el-programa-nacional-de-formacion-de-enfermeria-en-el-inet\/\">\u201cJunto al presidente Macri lanzamos el Programa Nacional de Formaci\u00f3n de Enfermer\u00eda en el INET\u201d<\/a><\/p>\n<p><a href=\"https:\/\/www.inet.edu.ar\/index.php\/se-otorgaran-becas-para-estudiar-enfermeria-profesional\/\">\u00abSe otorgar\u00e1n becas para estudiar Enfermer\u00eda profesional\u00bb<\/a><\/p>\n<p><strong>Galer\u00eda de im\u00e1genes<\/strong><\/p>\n\n\t\t<style type=\"text\/css\">\n\t\t\t#gallery-1 {\n\t\t\t\tmargin: auto;\n\t\t\t}\n\t\t\t#gallery-1 .gallery-item {\n\t\t\t\tfloat: left;\n\t\t\t\tmargin-top: 10px;\n\t\t\t\ttext-align: center;\n\t\t\t\twidth: 50%;\n\t\t\t}\n\t\t\t#gallery-1 img {\n\t\t\t\tborder: 2px solid #cfcfcf;\n\t\t\t}\n\t\t\t#gallery-1 .gallery-caption {\n\t\t\t\tmargin-left: 0;\n\t\t\t}\n\t\t\t\/* see gallery_shortcode() in wp-includes\/media.php *\/\n\t\t<\/style>\n\t\t<div id='gallery-1' class='gallery galleryid-19165 gallery-columns-2 gallery-size-medium'><dl class='gallery-item'>\n\t\t\t<dt class='gallery-icon landscape'>\n\t\t\t\t<a href='https:\/\/www.inet.edu.ar\/index.php\/programa-nacional-de-formacion-de-enfermeria-jornada-de-capacitacion\/1-7\/#main'><img loading=\"lazy\" decoding=\"async\" width=\"240\" height=\"180\" src=\"https:\/\/www.inet.edu.ar\/wp-content\/uploads\/2017\/04\/1-240x180.jpg\" class=\"attachment-medium size-medium\" alt=\"\" srcset=\"https:\/\/www.inet.edu.ar\/wp-content\/uploads\/2017\/04\/1-240x180.jpg 240w, https:\/\/www.inet.edu.ar\/wp-content\/uploads\/2017\/04\/1-768x576.jpg 768w, https:\/\/www.inet.edu.ar\/wp-content\/uploads\/2017\/04\/1-468x351.jpg 468w\" sizes=\"auto, (max-width: 240px) 100vw, 240px\" \/><\/a>\n\t\t\t<\/dt><\/dl><dl class='gallery-item'>\n\t\t\t<dt class='gallery-icon landscape'>\n\t\t\t\t<a href='https:\/\/www.inet.edu.ar\/index.php\/programa-nacional-de-formacion-de-enfermeria-jornada-de-capacitacion\/2-8\/#main'><img loading=\"lazy\" decoding=\"async\" width=\"240\" height=\"180\" src=\"https:\/\/www.inet.edu.ar\/wp-content\/uploads\/2017\/04\/2-240x180.jpg\" class=\"attachment-medium size-medium\" alt=\"\" srcset=\"https:\/\/www.inet.edu.ar\/wp-content\/uploads\/2017\/04\/2-240x180.jpg 240w, https:\/\/www.inet.edu.ar\/wp-content\/uploads\/2017\/04\/2-768x576.jpg 768w, https:\/\/www.inet.edu.ar\/wp-content\/uploads\/2017\/04\/2-468x351.jpg 468w\" sizes=\"auto, (max-width: 240px) 100vw, 240px\" \/><\/a>\n\t\t\t<\/dt><\/dl><br style=\"clear: both\" \/>\n\t\t<\/div>\n\n<p>&nbsp;<\/p>\n","protected":false},"excerpt":{"rendered":"<p>CABA Realizamos hoy en el INET una jornada de capacitaci\u00f3n del\u00a0Programa Nacional de Formaci\u00f3n de Enfermer\u00eda junto a\u00a0directores de institutos superiores que brindan la carrera y forman parte del PRONAFE, y a referentes jurisdiccionales a cargo del programa. Durante el evento se trataron tem\u00e1ticas como el sistema de becas para alumnos, equipamiento del gabinete de [&hellip;]<\/p>\n","protected":false},"author":7,"featured_media":19192,"comment_status":"closed","ping_status":"open","sticky":false,"template":"","format":"standard","meta":{"footnotes":""},"categories":[1,14],"tags":[],"class_list":["post-19165","post","type-post","status-publish","format-standard","has-post-thumbnail","hentry","category-noticias","category-noticias-fijas"],"_links":{"self":[{"href":"https:\/\/www.inet.edu.ar\/index.php\/wp-json\/wp\/v2\/posts\/19165","targetHints":{"allow":["GET"]}}],"collection":[{"href":"https:\/\/www.inet.edu.ar\/index.php\/wp-json\/wp\/v2\/posts"}],"about":[{"href":"https:\/\/www.inet.edu.ar\/index.php\/wp-json\/wp\/v2\/types\/post"}],"author":[{"embeddable":true,"href":"https:\/\/www.inet.edu.ar\/index.php\/wp-json\/wp\/v2\/users\/7"}],"replies":[{"embeddable":true,"href":"https:\/\/www.inet.edu.ar\/index.php\/wp-json\/wp\/v2\/comments?post=19165"}],"version-history":[{"count":5,"href":"https:\/\/www.inet.edu.ar\/index.php\/wp-json\/wp\/v2\/posts\/19165\/revisions"}],"predecessor-version":[{"id":19174,"href":"https:\/\/www.inet.edu.ar\/index.php\/wp-json\/wp\/v2\/posts\/19165\/revisions\/19174"}],"wp:featuredmedia":[{"embeddable":true,"href":"https:\/\/www.inet.edu.ar\/index.php\/wp-json\/wp\/v2\/media\/19192"}],"wp:attachment":[{"href":"https:\/\/www.inet.edu.ar\/index.php\/wp-json\/wp\/v2\/media?parent=19165"}],"wp:term":[{"taxonomy":"category","embeddable":true,"href":"https:\/\/www.inet.edu.ar\/index.php\/wp-json\/wp\/v2\/categories?post=19165"},{"taxonomy":"post_tag","embeddable":true,"href":"https:\/\/www.inet.edu.ar\/index.php\/wp-json\/wp\/v2\/tags?post=19165"}],"curies":[{"name":"wp","href":"https:\/\/api.w.org\/{rel}","templated":true}]}}