{"id":19176,"date":"2017-04-05T16:13:57","date_gmt":"2017-04-05T19:13:57","guid":{"rendered":"https:\/\/www.inet.edu.ar\/?p=19176"},"modified":"2017-04-06T08:22:51","modified_gmt":"2017-04-06T11:22:51","slug":"reunion-de-coordinadores-de-feria-de-ciencias-de-todo-el-pais","status":"publish","type":"post","link":"https:\/\/www.inet.edu.ar\/index.php\/reunion-de-coordinadores-de-feria-de-ciencias-de-todo-el-pais\/","title":{"rendered":"Reuni\u00f3n de coordinadores de Feria de Ciencias de todo el pa\u00eds"},"content":{"rendered":"<p>CABA<\/p>\n<p>El martes 04 de abril se realiz\u00f3 una reuni\u00f3n conjunta entre el INET y el equipo de la Feria Nacional de Educaci\u00f3n, Artes, Ciencias y Tecnolog\u00eda junto a los coordinadores jurisdiccionales de este programa.<\/p>\n<p>El objetivo del encuentro fue compartir los lineamientos que tendr\u00e1 la Feria Nacional 2017,\u00a0la cual\u00a0se llevar\u00e1 a cabo a mitad de noviembre.<\/p>\n<p>Uno de los puntos centrales tratados fue la participaci\u00f3n activa que tendr\u00e1n el INET y las escuelas t\u00e9cnicas en virtud de la gran cantidad de equipos de la modalidad que estar\u00e1n presentes.<\/p>\n<p>Encabezaron el encuentro el\u00a0coordinador de nivel Secundario t\u00e9cnico, Ricardo De Gisi, y el\u00a0titular de la Unidad de Fortalecimiento Educativo Territorial (Ministerio de Educaci\u00f3n y Deportes), Ignacio Devitt.<\/p>\n<p><strong>Enlaces de inter\u00e9s<\/strong><\/p>\n<p><a href=\"https:\/\/www.facebook.com\/FeriaNacionaldeCiencias\/?fref=ts\">P\u00e1gina de Facebook del programa\u00a0Feria Nacional de Educaci\u00f3n, Artes, Ciencias y Tecnolog\u00eda (Ministerio de Educaci\u00f3n y Deportes)<\/a><\/p>\n<p><strong>Galer\u00eda de im\u00e1genes<\/strong><\/p>\n\n\t\t<style type=\"text\/css\">\n\t\t\t#gallery-1 {\n\t\t\t\tmargin: auto;\n\t\t\t}\n\t\t\t#gallery-1 .gallery-item {\n\t\t\t\tfloat: left;\n\t\t\t\tmargin-top: 10px;\n\t\t\t\ttext-align: center;\n\t\t\t\twidth: 50%;\n\t\t\t}\n\t\t\t#gallery-1 img {\n\t\t\t\tborder: 2px solid #cfcfcf;\n\t\t\t}\n\t\t\t#gallery-1 .gallery-caption {\n\t\t\t\tmargin-left: 0;\n\t\t\t}\n\t\t\t\/* see gallery_shortcode() in wp-includes\/media.php *\/\n\t\t<\/style>\n\t\t<div id='gallery-1' class='gallery galleryid-19176 gallery-columns-2 gallery-size-thumbnail'><dl class='gallery-item'>\n\t\t\t<dt class='gallery-icon landscape'>\n\t\t\t\t<a href='https:\/\/www.inet.edu.ar\/index.php\/reunion-de-coordinadores-de-feria-de-ciencias-de-todo-el-pais\/sin-titulo-2-29\/#main'><img loading=\"lazy\" decoding=\"async\" width=\"150\" height=\"100\" src=\"https:\/\/www.inet.edu.ar\/wp-content\/uploads\/2017\/04\/Sin-t\u00edtulo-2-150x100.jpg\" class=\"attachment-thumbnail size-thumbnail\" alt=\"\" \/><\/a>\n\t\t\t<\/dt><\/dl><dl class='gallery-item'>\n\t\t\t<dt class='gallery-icon landscape'>\n\t\t\t\t<a href='https:\/\/www.inet.edu.ar\/index.php\/reunion-de-coordinadores-de-feria-de-ciencias-de-todo-el-pais\/sin-titulo-1-48\/#main'><img loading=\"lazy\" decoding=\"async\" width=\"150\" height=\"100\" src=\"https:\/\/www.inet.edu.ar\/wp-content\/uploads\/2017\/04\/Sin-t\u00edtulo-1-150x100.jpg\" class=\"attachment-thumbnail size-thumbnail\" alt=\"\" \/><\/a>\n\t\t\t<\/dt><\/dl><br style=\"clear: both\" \/>\n\t\t<\/div>\n\n<p>&nbsp;<\/p>\n","protected":false},"excerpt":{"rendered":"<p>CABA El martes 04 de abril se realiz\u00f3 una reuni\u00f3n conjunta entre el INET y el equipo de la Feria Nacional de Educaci\u00f3n, Artes, Ciencias y Tecnolog\u00eda junto a los coordinadores jurisdiccionales de este programa. El objetivo del encuentro fue compartir los lineamientos que tendr\u00e1 la Feria Nacional 2017,\u00a0la cual\u00a0se llevar\u00e1 a cabo a mitad [&hellip;]<\/p>\n","protected":false},"author":7,"featured_media":19178,"comment_status":"closed","ping_status":"open","sticky":false,"template":"","format":"standard","meta":{"footnotes":""},"categories":[1,14],"tags":[20],"class_list":["post-19176","post","type-post","status-publish","format-standard","has-post-thumbnail","hentry","category-noticias","category-noticias-fijas","tag-feria-de-ciencias"],"_links":{"self":[{"href":"https:\/\/www.inet.edu.ar\/index.php\/wp-json\/wp\/v2\/posts\/19176","targetHints":{"allow":["GET"]}}],"collection":[{"href":"https:\/\/www.inet.edu.ar\/index.php\/wp-json\/wp\/v2\/posts"}],"about":[{"href":"https:\/\/www.inet.edu.ar\/index.php\/wp-json\/wp\/v2\/types\/post"}],"author":[{"embeddable":true,"href":"https:\/\/www.inet.edu.ar\/index.php\/wp-json\/wp\/v2\/users\/7"}],"replies":[{"embeddable":true,"href":"https:\/\/www.inet.edu.ar\/index.php\/wp-json\/wp\/v2\/comments?post=19176"}],"version-history":[{"count":3,"href":"https:\/\/www.inet.edu.ar\/index.php\/wp-json\/wp\/v2\/posts\/19176\/revisions"}],"predecessor-version":[{"id":19211,"href":"https:\/\/www.inet.edu.ar\/index.php\/wp-json\/wp\/v2\/posts\/19176\/revisions\/19211"}],"wp:featuredmedia":[{"embeddable":true,"href":"https:\/\/www.inet.edu.ar\/index.php\/wp-json\/wp\/v2\/media\/19178"}],"wp:attachment":[{"href":"https:\/\/www.inet.edu.ar\/index.php\/wp-json\/wp\/v2\/media?parent=19176"}],"wp:term":[{"taxonomy":"category","embeddable":true,"href":"https:\/\/www.inet.edu.ar\/index.php\/wp-json\/wp\/v2\/categories?post=19176"},{"taxonomy":"post_tag","embeddable":true,"href":"https:\/\/www.inet.edu.ar\/index.php\/wp-json\/wp\/v2\/tags?post=19176"}],"curies":[{"name":"wp","href":"https:\/\/api.w.org\/{rel}","templated":true}]}}