{"id":19458,"date":"2017-04-26T15:54:53","date_gmt":"2017-04-26T18:54:53","guid":{"rendered":"https:\/\/www.inet.edu.ar\/?p=19458"},"modified":"2017-04-26T15:55:31","modified_gmt":"2017-04-26T18:55:31","slug":"alumnos-de-etp-construyen-mesa-adaptada-para-alumno-de-escuela-primaria","status":"publish","type":"post","link":"https:\/\/www.inet.edu.ar\/index.php\/alumnos-de-etp-construyen-mesa-adaptada-para-alumno-de-escuela-primaria\/","title":{"rendered":"Alumnos de ETP construyen mesa adaptada para alumno de escuela primaria"},"content":{"rendered":"<p>General Belgrano, Provincia de Buenos Aires<\/p>\n<p>Alumnos y docentes de la\u00a0EEST N\u00b0 1 confeccionaron equipamiento especial para que Mateo, con\u00a0discapacidad motora, pudiera estudiar en su aula de la Escuela Primaria N\u00b0 5.<\/p>\n<p>Se trata de una mesa y una silla adaptada, especialmente dise\u00f1adas para este ni\u00f1o de 6 a\u00f1os que padece ataxia cerebelosa (una lesi\u00f3n en el cerebelo que produce p\u00e9rdida de coordinaci\u00f3n muscular).<\/p>\n<p>Gracias a este proyecto colaborativo entre ambas instituciones educativas, Mateo ahora puede estudiar m\u00e1s c\u00f3modo.<\/p>\n<p><strong>Enlaces\u00a0relacionados<\/strong><\/p>\n<p><a href=\"https:\/\/www.facebook.com\/secundaria.tecnica.7796420?lst=100007728873223%3A100016295222456%3A1493229235\">P\u00e1g. de Facebook de la EEST N\u00b0 1 de General Belgrano<\/a><\/p>\n<p><strong>Galer\u00eda de im\u00e1genes<\/strong><\/p>\n\n\t\t<style type=\"text\/css\">\n\t\t\t#gallery-1 {\n\t\t\t\tmargin: auto;\n\t\t\t}\n\t\t\t#gallery-1 .gallery-item {\n\t\t\t\tfloat: left;\n\t\t\t\tmargin-top: 10px;\n\t\t\t\ttext-align: center;\n\t\t\t\twidth: 50%;\n\t\t\t}\n\t\t\t#gallery-1 img {\n\t\t\t\tborder: 2px solid #cfcfcf;\n\t\t\t}\n\t\t\t#gallery-1 .gallery-caption {\n\t\t\t\tmargin-left: 0;\n\t\t\t}\n\t\t\t\/* see gallery_shortcode() in wp-includes\/media.php *\/\n\t\t<\/style>\n\t\t<div id='gallery-1' class='gallery galleryid-19458 gallery-columns-2 gallery-size-medium'><dl class='gallery-item'>\n\t\t\t<dt class='gallery-icon landscape'>\n\t\t\t\t<a href='https:\/\/www.inet.edu.ar\/index.php\/alumnos-de-etp-construyen-mesa-adaptada-para-alumno-de-escuela-primaria\/17974870_116309728922201_887246533_n\/#main'><img loading=\"lazy\" decoding=\"async\" width=\"240\" height=\"144\" src=\"https:\/\/www.inet.edu.ar\/wp-content\/uploads\/2017\/04\/17974870_116309728922201_887246533_n-240x144.png\" class=\"attachment-medium size-medium\" alt=\"\" srcset=\"https:\/\/www.inet.edu.ar\/wp-content\/uploads\/2017\/04\/17974870_116309728922201_887246533_n-240x144.png 240w, https:\/\/www.inet.edu.ar\/wp-content\/uploads\/2017\/04\/17974870_116309728922201_887246533_n-768x461.png 768w, https:\/\/www.inet.edu.ar\/wp-content\/uploads\/2017\/04\/17974870_116309728922201_887246533_n-468x281.png 468w, https:\/\/www.inet.edu.ar\/wp-content\/uploads\/2017\/04\/17974870_116309728922201_887246533_n.png 960w\" sizes=\"auto, (max-width: 240px) 100vw, 240px\" \/><\/a>\n\t\t\t<\/dt><\/dl><dl class='gallery-item'>\n\t\t\t<dt class='gallery-icon landscape'>\n\t\t\t\t<a href='https:\/\/www.inet.edu.ar\/index.php\/alumnos-de-etp-construyen-mesa-adaptada-para-alumno-de-escuela-primaria\/18051895_116309618922212_952892828_n\/#main'><img loading=\"lazy\" decoding=\"async\" width=\"240\" height=\"144\" src=\"https:\/\/www.inet.edu.ar\/wp-content\/uploads\/2017\/04\/18051895_116309618922212_952892828_n-240x144.png\" class=\"attachment-medium size-medium\" alt=\"\" srcset=\"https:\/\/www.inet.edu.ar\/wp-content\/uploads\/2017\/04\/18051895_116309618922212_952892828_n-240x144.png 240w, https:\/\/www.inet.edu.ar\/wp-content\/uploads\/2017\/04\/18051895_116309618922212_952892828_n-768x461.png 768w, https:\/\/www.inet.edu.ar\/wp-content\/uploads\/2017\/04\/18051895_116309618922212_952892828_n-468x281.png 468w, https:\/\/www.inet.edu.ar\/wp-content\/uploads\/2017\/04\/18051895_116309618922212_952892828_n.png 960w\" sizes=\"auto, (max-width: 240px) 100vw, 240px\" \/><\/a>\n\t\t\t<\/dt><\/dl><br style=\"clear: both\" \/>\n\t\t<\/div>\n\n<p>&nbsp;<\/p>\n","protected":false},"excerpt":{"rendered":"<p>General Belgrano, Provincia de Buenos Aires Alumnos y docentes de la\u00a0EEST N\u00b0 1 confeccionaron equipamiento especial para que Mateo, con\u00a0discapacidad motora, pudiera estudiar en su aula de la Escuela Primaria N\u00b0 5. Se trata de una mesa y una silla adaptada, especialmente dise\u00f1adas para este ni\u00f1o de 6 a\u00f1os que padece ataxia cerebelosa (una lesi\u00f3n [&hellip;]<\/p>\n","protected":false},"author":7,"featured_media":19461,"comment_status":"closed","ping_status":"open","sticky":false,"template":"","format":"standard","meta":{"footnotes":""},"categories":[1,14],"tags":[],"class_list":["post-19458","post","type-post","status-publish","format-standard","has-post-thumbnail","hentry","category-noticias","category-noticias-fijas"],"_links":{"self":[{"href":"https:\/\/www.inet.edu.ar\/index.php\/wp-json\/wp\/v2\/posts\/19458","targetHints":{"allow":["GET"]}}],"collection":[{"href":"https:\/\/www.inet.edu.ar\/index.php\/wp-json\/wp\/v2\/posts"}],"about":[{"href":"https:\/\/www.inet.edu.ar\/index.php\/wp-json\/wp\/v2\/types\/post"}],"author":[{"embeddable":true,"href":"https:\/\/www.inet.edu.ar\/index.php\/wp-json\/wp\/v2\/users\/7"}],"replies":[{"embeddable":true,"href":"https:\/\/www.inet.edu.ar\/index.php\/wp-json\/wp\/v2\/comments?post=19458"}],"version-history":[{"count":4,"href":"https:\/\/www.inet.edu.ar\/index.php\/wp-json\/wp\/v2\/posts\/19458\/revisions"}],"predecessor-version":[{"id":19464,"href":"https:\/\/www.inet.edu.ar\/index.php\/wp-json\/wp\/v2\/posts\/19458\/revisions\/19464"}],"wp:featuredmedia":[{"embeddable":true,"href":"https:\/\/www.inet.edu.ar\/index.php\/wp-json\/wp\/v2\/media\/19461"}],"wp:attachment":[{"href":"https:\/\/www.inet.edu.ar\/index.php\/wp-json\/wp\/v2\/media?parent=19458"}],"wp:term":[{"taxonomy":"category","embeddable":true,"href":"https:\/\/www.inet.edu.ar\/index.php\/wp-json\/wp\/v2\/categories?post=19458"},{"taxonomy":"post_tag","embeddable":true,"href":"https:\/\/www.inet.edu.ar\/index.php\/wp-json\/wp\/v2\/tags?post=19458"}],"curies":[{"name":"wp","href":"https:\/\/api.w.org\/{rel}","templated":true}]}}