{"id":19465,"date":"2017-04-27T17:27:09","date_gmt":"2017-04-27T20:27:09","guid":{"rendered":"https:\/\/www.inet.edu.ar\/?p=19465"},"modified":"2017-04-27T18:59:35","modified_gmt":"2017-04-27T21:59:35","slug":"participamos-de-seminario-sobre-competencias-transversales-y-socioemocionales-en-colombia","status":"publish","type":"post","link":"https:\/\/www.inet.edu.ar\/index.php\/participamos-de-seminario-sobre-competencias-transversales-y-socioemocionales-en-colombia\/","title":{"rendered":"Participamos de seminario sobre competencias socioemocionales en Colombia"},"content":{"rendered":"<p>Bogot\u00e1<\/p>\n<p>Ayer y hoy el secretario permanente del <a href=\"https:\/\/www.inet.edu.ar\/index.php\/institucional\/conetyp\/\">CoNETyP<\/a>, Santiago de la Barrera, particip\u00f3 como invitado del seminario <em>\u00abEl desarrollo de las competencias transversales y socioemocionales a lo largo del ciclo de vida: desde la dimensi\u00f3n experimental hacia la incorporaci\u00f3n en\u00a0pol\u00edticas p\u00fablicas\u00bb<\/em> junto a representantes de\u00a0Colombia,\u00a0El Salvador,\u00a0Paraguay,\u00a0Uruguay,\u00a0Chile e\u00a0Italia.<\/p>\n<p>En el INET venimos trabajando acerca de la importancia de las habilidades denominadas \u00abblandas\u00bb\u00a0-trabajo en equipo, capacidad de an\u00e1lisis, visi\u00f3n estrat\u00e9gica, iniciativa, responsabilidad y compromiso- en la capacitaci\u00f3n para el trabajo (Ver el informe <a href=\"https:\/\/www.inet.edu.ar\/wp-content\/uploads\/2016\/06\/Informe_Demandas_Laborales_2020_vf.pdf\">\u00abCapacidades 2020\u00bb<\/a>).<\/p>\n<p>El seminario fue organizado por la Agencia Chilena de Cooperaci\u00f3n Internacional para el Desarrollo (AGCID), el Departamento Nacional de Planeaci\u00f3n de Colombia (DNP), la Comisi\u00f3n del Sistema Nacional de Certificaci\u00f3n de Competencias Laborales (Chile Valora), la Organizaci\u00f3n Internacional \u00cdtalo-Latinoamericana (50iila) y la\u00a0Mesa Regional de Cooperaci\u00f3n sobre Competencias Transversales y Socioemocionales (MESACTS) en el marco del acuerdo DIALOGAS (\u201cDesarrollo Inclusivo en Am\u00e9rica Latina: una oportunidad para Gobiernos y Actores Sociales\u201d) y del programa COSSUR (\u00abCooperaci\u00f3n Sur-Sur Am\u00e9rica Latina y El Caribe\u00bb).<\/p>\n<p>El evento tuvo lugar en el\u00a0Hotel Tequendama y entre sus participantes estuvieron representantes del Banco Mundial y de la Fundaci\u00f3n SES de Argentina.<\/p>\n<p>Durante las dos jornadas, se escucharon ponencias de funcionarios de distintos pa\u00edses, se realizaron debates sobre los desaf\u00edos que enfrenta cada pa\u00eds para lograr\u00a0que la formaci\u00f3n de competencias transversales y socioemocionales sea una pol\u00edtica p\u00fablica de largo plazo.<\/p>\n<p><a href=\"https:\/\/www.inet.edu.ar\/wp-content\/uploads\/2017\/04\/Sin-t\u00edtulo-1-2.jpg\"><img loading=\"lazy\" decoding=\"async\" class=\"aligncenter wp-image-19471 size-large\" src=\"https:\/\/www.inet.edu.ar\/wp-content\/uploads\/2017\/04\/Sin-t\u00edtulo-1-2-468x263.jpg\" alt=\"Participamos de seminario sobre competencias transversales y socioemocionales en Colombia\" width=\"468\" height=\"263\" srcset=\"https:\/\/www.inet.edu.ar\/wp-content\/uploads\/2017\/04\/Sin-t\u00edtulo-1-2-468x263.jpg 468w, https:\/\/www.inet.edu.ar\/wp-content\/uploads\/2017\/04\/Sin-t\u00edtulo-1-2-240x135.jpg 240w, https:\/\/www.inet.edu.ar\/wp-content\/uploads\/2017\/04\/Sin-t\u00edtulo-1-2-768x432.jpg 768w, https:\/\/www.inet.edu.ar\/wp-content\/uploads\/2017\/04\/Sin-t\u00edtulo-1-2.jpg 2048w\" sizes=\"auto, (max-width: 468px) 100vw, 468px\" \/><\/a><\/p>\n","protected":false},"excerpt":{"rendered":"<p>Bogot\u00e1 Ayer y hoy el secretario permanente del CoNETyP, Santiago de la Barrera, particip\u00f3 como invitado del seminario \u00abEl desarrollo de las competencias transversales y socioemocionales a lo largo del ciclo de vida: desde la dimensi\u00f3n experimental hacia la incorporaci\u00f3n en\u00a0pol\u00edticas p\u00fablicas\u00bb junto a representantes de\u00a0Colombia,\u00a0El Salvador,\u00a0Paraguay,\u00a0Uruguay,\u00a0Chile e\u00a0Italia. En el INET venimos trabajando acerca de [&hellip;]<\/p>\n","protected":false},"author":7,"featured_media":19471,"comment_status":"closed","ping_status":"open","sticky":false,"template":"","format":"standard","meta":{"footnotes":""},"categories":[1,14],"tags":[220],"class_list":["post-19465","post","type-post","status-publish","format-standard","has-post-thumbnail","hentry","category-noticias","category-noticias-fijas","tag-capacidades-socioemocionales"],"_links":{"self":[{"href":"https:\/\/www.inet.edu.ar\/index.php\/wp-json\/wp\/v2\/posts\/19465","targetHints":{"allow":["GET"]}}],"collection":[{"href":"https:\/\/www.inet.edu.ar\/index.php\/wp-json\/wp\/v2\/posts"}],"about":[{"href":"https:\/\/www.inet.edu.ar\/index.php\/wp-json\/wp\/v2\/types\/post"}],"author":[{"embeddable":true,"href":"https:\/\/www.inet.edu.ar\/index.php\/wp-json\/wp\/v2\/users\/7"}],"replies":[{"embeddable":true,"href":"https:\/\/www.inet.edu.ar\/index.php\/wp-json\/wp\/v2\/comments?post=19465"}],"version-history":[{"count":10,"href":"https:\/\/www.inet.edu.ar\/index.php\/wp-json\/wp\/v2\/posts\/19465\/revisions"}],"predecessor-version":[{"id":19506,"href":"https:\/\/www.inet.edu.ar\/index.php\/wp-json\/wp\/v2\/posts\/19465\/revisions\/19506"}],"wp:featuredmedia":[{"embeddable":true,"href":"https:\/\/www.inet.edu.ar\/index.php\/wp-json\/wp\/v2\/media\/19471"}],"wp:attachment":[{"href":"https:\/\/www.inet.edu.ar\/index.php\/wp-json\/wp\/v2\/media?parent=19465"}],"wp:term":[{"taxonomy":"category","embeddable":true,"href":"https:\/\/www.inet.edu.ar\/index.php\/wp-json\/wp\/v2\/categories?post=19465"},{"taxonomy":"post_tag","embeddable":true,"href":"https:\/\/www.inet.edu.ar\/index.php\/wp-json\/wp\/v2\/tags?post=19465"}],"curies":[{"name":"wp","href":"https:\/\/api.w.org\/{rel}","templated":true}]}}