{"id":19475,"date":"2017-04-27T17:13:16","date_gmt":"2017-04-27T20:13:16","guid":{"rendered":"https:\/\/www.inet.edu.ar\/?p=19475"},"modified":"2017-04-27T17:13:16","modified_gmt":"2017-04-27T20:13:16","slug":"mesa-de-trabajo-del-sector-estetica-con-representantes-de-todo-el-pais","status":"publish","type":"post","link":"https:\/\/www.inet.edu.ar\/index.php\/mesa-de-trabajo-del-sector-estetica-con-representantes-de-todo-el-pais\/","title":{"rendered":"Mesa de trabajo del sector Est\u00e9tica con representantes de todo el pa\u00eds"},"content":{"rendered":"<p>CABA<\/p>\n<p>Realizamos ayer y hoy en el INET una Mesa Federal del sector Est\u00e9tica con representantes de todo el pa\u00eds.\u00a0El objetivo principal fue delinear e identificar las figuras profesionales del sector.<\/p>\n<p>Durante las dos jornadas se detallaron las ofertas formativas del sector que se desarrollan en cada jurisdicci\u00f3n; se identificaron las figuras profesionales utilizadas hasta el momento, se discuti\u00f3 acerca de los alcances, campo ocupacional y funciones de cada figura; se produjeron materiales grupales con acuerdos y propuestas para distintas figuras.<\/p>\n<p>Encabezaron la Mesa\u00a0el director nacional de ETP, Fabi\u00e1n Prieto, y el coordinador de Educaci\u00f3n T\u00e9cnica, Ricardo De Gisi, junto a equipo INET del \u00e1rea.<\/p>\n<p><strong>Galer\u00eda de im\u00e1genes<\/strong><\/p>\n\n\t\t<style type=\"text\/css\">\n\t\t\t#gallery-1 {\n\t\t\t\tmargin: auto;\n\t\t\t}\n\t\t\t#gallery-1 .gallery-item {\n\t\t\t\tfloat: left;\n\t\t\t\tmargin-top: 10px;\n\t\t\t\ttext-align: center;\n\t\t\t\twidth: 50%;\n\t\t\t}\n\t\t\t#gallery-1 img {\n\t\t\t\tborder: 2px solid #cfcfcf;\n\t\t\t}\n\t\t\t#gallery-1 .gallery-caption {\n\t\t\t\tmargin-left: 0;\n\t\t\t}\n\t\t\t\/* see gallery_shortcode() in wp-includes\/media.php *\/\n\t\t<\/style>\n\t\t<div id='gallery-1' class='gallery galleryid-19475 gallery-columns-2 gallery-size-medium'><dl class='gallery-item'>\n\t\t\t<dt class='gallery-icon landscape'>\n\t\t\t\t<a href='https:\/\/www.inet.edu.ar\/index.php\/mesa-de-trabajo-del-sector-estetica-con-representantes-de-todo-el-pais\/1-12\/#main'><img loading=\"lazy\" decoding=\"async\" width=\"240\" height=\"160\" src=\"https:\/\/www.inet.edu.ar\/wp-content\/uploads\/2017\/04\/1-5-240x160.jpg\" class=\"attachment-medium size-medium\" alt=\"\" srcset=\"https:\/\/www.inet.edu.ar\/wp-content\/uploads\/2017\/04\/1-5-240x160.jpg 240w, https:\/\/www.inet.edu.ar\/wp-content\/uploads\/2017\/04\/1-5-150x100.jpg 150w, https:\/\/www.inet.edu.ar\/wp-content\/uploads\/2017\/04\/1-5-768x512.jpg 768w, https:\/\/www.inet.edu.ar\/wp-content\/uploads\/2017\/04\/1-5-468x312.jpg 468w\" sizes=\"auto, (max-width: 240px) 100vw, 240px\" \/><\/a>\n\t\t\t<\/dt><\/dl><dl class='gallery-item'>\n\t\t\t<dt class='gallery-icon landscape'>\n\t\t\t\t<a href='https:\/\/www.inet.edu.ar\/index.php\/mesa-de-trabajo-del-sector-estetica-con-representantes-de-todo-el-pais\/2-12\/#main'><img loading=\"lazy\" decoding=\"async\" width=\"240\" height=\"160\" src=\"https:\/\/www.inet.edu.ar\/wp-content\/uploads\/2017\/04\/2-4-240x160.jpg\" class=\"attachment-medium size-medium\" alt=\"\" srcset=\"https:\/\/www.inet.edu.ar\/wp-content\/uploads\/2017\/04\/2-4-240x160.jpg 240w, https:\/\/www.inet.edu.ar\/wp-content\/uploads\/2017\/04\/2-4-150x100.jpg 150w, https:\/\/www.inet.edu.ar\/wp-content\/uploads\/2017\/04\/2-4-768x512.jpg 768w, https:\/\/www.inet.edu.ar\/wp-content\/uploads\/2017\/04\/2-4-468x312.jpg 468w\" sizes=\"auto, (max-width: 240px) 100vw, 240px\" \/><\/a>\n\t\t\t<\/dt><\/dl><br style=\"clear: both\" \/><dl class='gallery-item'>\n\t\t\t<dt class='gallery-icon landscape'>\n\t\t\t\t<a href='https:\/\/www.inet.edu.ar\/index.php\/mesa-de-trabajo-del-sector-estetica-con-representantes-de-todo-el-pais\/3-6\/#main'><img loading=\"lazy\" decoding=\"async\" width=\"240\" height=\"160\" src=\"https:\/\/www.inet.edu.ar\/wp-content\/uploads\/2017\/04\/3-3-240x160.jpg\" class=\"attachment-medium size-medium\" alt=\"\" srcset=\"https:\/\/www.inet.edu.ar\/wp-content\/uploads\/2017\/04\/3-3-240x160.jpg 240w, https:\/\/www.inet.edu.ar\/wp-content\/uploads\/2017\/04\/3-3-150x100.jpg 150w, https:\/\/www.inet.edu.ar\/wp-content\/uploads\/2017\/04\/3-3-768x512.jpg 768w, https:\/\/www.inet.edu.ar\/wp-content\/uploads\/2017\/04\/3-3-468x312.jpg 468w\" sizes=\"auto, (max-width: 240px) 100vw, 240px\" \/><\/a>\n\t\t\t<\/dt><\/dl><dl class='gallery-item'>\n\t\t\t<dt class='gallery-icon landscape'>\n\t\t\t\t<a href='https:\/\/www.inet.edu.ar\/index.php\/mesa-de-trabajo-del-sector-estetica-con-representantes-de-todo-el-pais\/4-5\/#main'><img loading=\"lazy\" decoding=\"async\" width=\"240\" height=\"160\" src=\"https:\/\/www.inet.edu.ar\/wp-content\/uploads\/2017\/04\/4-3-240x160.jpg\" class=\"attachment-medium size-medium\" alt=\"\" srcset=\"https:\/\/www.inet.edu.ar\/wp-content\/uploads\/2017\/04\/4-3-240x160.jpg 240w, https:\/\/www.inet.edu.ar\/wp-content\/uploads\/2017\/04\/4-3-150x100.jpg 150w, https:\/\/www.inet.edu.ar\/wp-content\/uploads\/2017\/04\/4-3-768x512.jpg 768w, https:\/\/www.inet.edu.ar\/wp-content\/uploads\/2017\/04\/4-3-468x312.jpg 468w\" sizes=\"auto, (max-width: 240px) 100vw, 240px\" \/><\/a>\n\t\t\t<\/dt><\/dl><br style=\"clear: both\" \/>\n\t\t<\/div>\n\n<p>&nbsp;<\/p>\n<p>&nbsp;<\/p>\n","protected":false},"excerpt":{"rendered":"<p>CABA Realizamos ayer y hoy en el INET una Mesa Federal del sector Est\u00e9tica con representantes de todo el pa\u00eds.\u00a0El objetivo principal fue delinear e identificar las figuras profesionales del sector. Durante las dos jornadas se detallaron las ofertas formativas del sector que se desarrollan en cada jurisdicci\u00f3n; se identificaron las figuras profesionales utilizadas hasta [&hellip;]<\/p>\n","protected":false},"author":7,"featured_media":19482,"comment_status":"closed","ping_status":"open","sticky":false,"template":"","format":"standard","meta":{"footnotes":""},"categories":[1,14],"tags":[],"class_list":["post-19475","post","type-post","status-publish","format-standard","has-post-thumbnail","hentry","category-noticias","category-noticias-fijas"],"_links":{"self":[{"href":"https:\/\/www.inet.edu.ar\/index.php\/wp-json\/wp\/v2\/posts\/19475","targetHints":{"allow":["GET"]}}],"collection":[{"href":"https:\/\/www.inet.edu.ar\/index.php\/wp-json\/wp\/v2\/posts"}],"about":[{"href":"https:\/\/www.inet.edu.ar\/index.php\/wp-json\/wp\/v2\/types\/post"}],"author":[{"embeddable":true,"href":"https:\/\/www.inet.edu.ar\/index.php\/wp-json\/wp\/v2\/users\/7"}],"replies":[{"embeddable":true,"href":"https:\/\/www.inet.edu.ar\/index.php\/wp-json\/wp\/v2\/comments?post=19475"}],"version-history":[{"count":4,"href":"https:\/\/www.inet.edu.ar\/index.php\/wp-json\/wp\/v2\/posts\/19475\/revisions"}],"predecessor-version":[{"id":19483,"href":"https:\/\/www.inet.edu.ar\/index.php\/wp-json\/wp\/v2\/posts\/19475\/revisions\/19483"}],"wp:featuredmedia":[{"embeddable":true,"href":"https:\/\/www.inet.edu.ar\/index.php\/wp-json\/wp\/v2\/media\/19482"}],"wp:attachment":[{"href":"https:\/\/www.inet.edu.ar\/index.php\/wp-json\/wp\/v2\/media?parent=19475"}],"wp:term":[{"taxonomy":"category","embeddable":true,"href":"https:\/\/www.inet.edu.ar\/index.php\/wp-json\/wp\/v2\/categories?post=19475"},{"taxonomy":"post_tag","embeddable":true,"href":"https:\/\/www.inet.edu.ar\/index.php\/wp-json\/wp\/v2\/tags?post=19475"}],"curies":[{"name":"wp","href":"https:\/\/api.w.org\/{rel}","templated":true}]}}