{"id":19541,"date":"2017-05-04T18:43:35","date_gmt":"2017-05-04T21:43:35","guid":{"rendered":"https:\/\/www.inet.edu.ar\/?p=19541"},"modified":"2017-05-04T18:43:35","modified_gmt":"2017-05-04T21:43:35","slug":"trabajando-por-la-educacion-secundaria-tecnica-con-representantes-de-todo-el-pais","status":"publish","type":"post","link":"https:\/\/www.inet.edu.ar\/index.php\/trabajando-por-la-educacion-secundaria-tecnica-con-representantes-de-todo-el-pais\/","title":{"rendered":"Trabajando por la Educaci\u00f3n Secundaria T\u00e9cnica con representantes de todo el pa\u00eds"},"content":{"rendered":"<p>CABA<\/p>\n<p>Ayer y hoy realizamos en el INET una Mesa Federal de Trabajo Permanente para la Educaci\u00f3n Secundaria T\u00e9cnica junto a los responsables del \u00e1rea de las 24 jurisdicciones.<\/p>\n<p>Encabezaron el encuentro el director nacional de Educaci\u00f3n T\u00e9cnico Profesional, Fabi\u00e1n Prieto; el \u00a0coordinador de Secundaria T\u00e9cnica, Ricardo De Gisi; y equipo t\u00e9cnico del INET.<\/p>\n<p>Durante las dos jornadas, se trataron tem\u00e1ticas relacionadas a los principales problemas del \u00e1rea, a las pr\u00e1cticas profesionalizantes, a los encuentros estudiantiles, entre otras. Junto a todas las provincias, establecimos un espacio de intercambio y discusi\u00f3n acerca de las problem\u00e1ticas planteadas.<\/p>\n<p>&nbsp;<\/p>\n","protected":false},"excerpt":{"rendered":"<p>CABA Ayer y hoy realizamos en el INET una Mesa Federal de Trabajo Permanente para la Educaci\u00f3n Secundaria T\u00e9cnica junto a los responsables del \u00e1rea de las 24 jurisdicciones. Encabezaron el encuentro el director nacional de Educaci\u00f3n T\u00e9cnico Profesional, Fabi\u00e1n Prieto; el \u00a0coordinador de Secundaria T\u00e9cnica, Ricardo De Gisi; y equipo t\u00e9cnico del INET. Durante [&hellip;]<\/p>\n","protected":false},"author":7,"featured_media":19542,"comment_status":"closed","ping_status":"open","sticky":false,"template":"","format":"standard","meta":{"footnotes":""},"categories":[1,14],"tags":[222],"class_list":["post-19541","post","type-post","status-publish","format-standard","has-post-thumbnail","hentry","category-noticias","category-noticias-fijas","tag-educacion-secundaria-tecnica"],"_links":{"self":[{"href":"https:\/\/www.inet.edu.ar\/index.php\/wp-json\/wp\/v2\/posts\/19541","targetHints":{"allow":["GET"]}}],"collection":[{"href":"https:\/\/www.inet.edu.ar\/index.php\/wp-json\/wp\/v2\/posts"}],"about":[{"href":"https:\/\/www.inet.edu.ar\/index.php\/wp-json\/wp\/v2\/types\/post"}],"author":[{"embeddable":true,"href":"https:\/\/www.inet.edu.ar\/index.php\/wp-json\/wp\/v2\/users\/7"}],"replies":[{"embeddable":true,"href":"https:\/\/www.inet.edu.ar\/index.php\/wp-json\/wp\/v2\/comments?post=19541"}],"version-history":[{"count":2,"href":"https:\/\/www.inet.edu.ar\/index.php\/wp-json\/wp\/v2\/posts\/19541\/revisions"}],"predecessor-version":[{"id":19544,"href":"https:\/\/www.inet.edu.ar\/index.php\/wp-json\/wp\/v2\/posts\/19541\/revisions\/19544"}],"wp:featuredmedia":[{"embeddable":true,"href":"https:\/\/www.inet.edu.ar\/index.php\/wp-json\/wp\/v2\/media\/19542"}],"wp:attachment":[{"href":"https:\/\/www.inet.edu.ar\/index.php\/wp-json\/wp\/v2\/media?parent=19541"}],"wp:term":[{"taxonomy":"category","embeddable":true,"href":"https:\/\/www.inet.edu.ar\/index.php\/wp-json\/wp\/v2\/categories?post=19541"},{"taxonomy":"post_tag","embeddable":true,"href":"https:\/\/www.inet.edu.ar\/index.php\/wp-json\/wp\/v2\/tags?post=19541"}],"curies":[{"name":"wp","href":"https:\/\/api.w.org\/{rel}","templated":true}]}}