{"id":19589,"date":"2017-05-11T17:34:22","date_gmt":"2017-05-11T20:34:22","guid":{"rendered":"https:\/\/www.inet.edu.ar\/?p=19589"},"modified":"2017-05-11T18:54:00","modified_gmt":"2017-05-11T21:54:00","slug":"encuentro-de-escuelas-de-enfermeria-en-provincia-de-buenos-aires","status":"publish","type":"post","link":"https:\/\/www.inet.edu.ar\/index.php\/encuentro-de-escuelas-de-enfermeria-en-provincia-de-buenos-aires\/","title":{"rendered":"Encuentro de Escuelas de Enfermer\u00eda en Provincia de Buenos Aires"},"content":{"rendered":"<p>La Plata<\/p>\n<p>Participamos ayer del Encuentro de Escuelas Provinciales de Enfermer\u00eda organizado por el Ministerio de Salud de Provincia de Buenos Aires, que tuvo sede en\u00a0la Escuela Superior de Formaci\u00f3n en Salud N\u00b0 6012 -actual sede de la Subsecretar\u00eda de Gesti\u00f3n y Contralor del Conocimiento.<\/p>\n<p>El evento, encabezado por la ministra de Salud bonaerense Zulma Ortiz, se realiz\u00f3 con el fin de recuperar la historia de la Enfermer\u00eda en la zona y de transmitir el trabajo colectivo entre organismos estatales nacionales y provinciales.<\/p>\n<p>Durante el encuentro, se realizaron presentaciones de\u00a0autoridades de Salud y Educaci\u00f3n de la jurisdicci\u00f3n, y compartieron testimonios y experiencias de vida. Por parte del INET, particip\u00f3 el coordinador nacional del <a href=\"https:\/\/www.inet.edu.ar\/index.php\/programa-nacional-de-formacion-de-enfermeria-pronafe\/\">Programa Nacional de Formaci\u00f3n de Enfermer\u00eda (PRONAFE)<\/a>, Gabriel Muntaabski, quien comparti\u00f3 acerca del trabajo en el \u00e1rea de los \u00faltimos a\u00f1os, de los marcos de referencia, de las homologaciones de las ofertas de todas las provincias, de la incorporaci\u00f3n de la carrera a la Educaci\u00f3n Superior.<\/p>\n<p>Asistieron directivos, docentes y alumnos de las escuelas de Enfermer\u00eda dependientes del Ministerio de Salud de Buenos Aires.<\/p>\n<p><strong>Noticias relacionadas<\/strong><\/p>\n<p><a href=\"http:\/\/www.ms.gba.gov.ar\/sitios\/prensa\/10-05-17-ortiz-encabezo-una-jornada-sobre-enfermeria-y-destaco-su-rol-dentro-del-sistema-de-salud\/\">Ortiz encabez\u00f3 una jornada sobre enfermer\u00eda y destac\u00f3 su rol dentro del sistema de salud- sitio web del Ministerio de Salud de Provincia de Buenos Aires<\/a><\/p>\n<p><strong>Galer\u00eda de im\u00e1genes<\/strong> <em>(gentileza Prensa del Ministerio de Salud de Provincia de Buenos Aires)<\/em><\/p>\n\n\t\t<style type=\"text\/css\">\n\t\t\t#gallery-1 {\n\t\t\t\tmargin: auto;\n\t\t\t}\n\t\t\t#gallery-1 .gallery-item {\n\t\t\t\tfloat: left;\n\t\t\t\tmargin-top: 10px;\n\t\t\t\ttext-align: center;\n\t\t\t\twidth: 50%;\n\t\t\t}\n\t\t\t#gallery-1 img {\n\t\t\t\tborder: 2px solid #cfcfcf;\n\t\t\t}\n\t\t\t#gallery-1 .gallery-caption {\n\t\t\t\tmargin-left: 0;\n\t\t\t}\n\t\t\t\/* see gallery_shortcode() in wp-includes\/media.php *\/\n\t\t<\/style>\n\t\t<div id='gallery-1' class='gallery galleryid-19589 gallery-columns-2 gallery-size-thumbnail'><dl class='gallery-item'>\n\t\t\t<dt class='gallery-icon landscape'>\n\t\t\t\t<a href='https:\/\/www.inet.edu.ar\/index.php\/encuentro-de-escuelas-de-enfermeria-en-provincia-de-buenos-aires\/dsc_7445\/#main'><img loading=\"lazy\" decoding=\"async\" width=\"150\" height=\"100\" src=\"https:\/\/www.inet.edu.ar\/wp-content\/uploads\/2017\/05\/DSC_7445-150x100.jpg\" class=\"attachment-thumbnail size-thumbnail\" alt=\"\" srcset=\"https:\/\/www.inet.edu.ar\/wp-content\/uploads\/2017\/05\/DSC_7445-150x100.jpg 150w, https:\/\/www.inet.edu.ar\/wp-content\/uploads\/2017\/05\/DSC_7445-240x159.jpg 240w, https:\/\/www.inet.edu.ar\/wp-content\/uploads\/2017\/05\/DSC_7445-768x509.jpg 768w, https:\/\/www.inet.edu.ar\/wp-content\/uploads\/2017\/05\/DSC_7445-468x310.jpg 468w\" sizes=\"auto, (max-width: 150px) 100vw, 150px\" \/><\/a>\n\t\t\t<\/dt><\/dl><dl class='gallery-item'>\n\t\t\t<dt class='gallery-icon landscape'>\n\t\t\t\t<a href='https:\/\/www.inet.edu.ar\/index.php\/encuentro-de-escuelas-de-enfermeria-en-provincia-de-buenos-aires\/sin-titulo-1-54\/#main'><img loading=\"lazy\" decoding=\"async\" width=\"150\" height=\"100\" src=\"https:\/\/www.inet.edu.ar\/wp-content\/uploads\/2017\/05\/Sin-t\u00edtulo-1-1-150x100.jpg\" class=\"attachment-thumbnail size-thumbnail\" alt=\"\" \/><\/a>\n\t\t\t<\/dt><\/dl><br style=\"clear: both\" \/>\n\t\t<\/div>\n\n","protected":false},"excerpt":{"rendered":"<p>La Plata Participamos ayer del Encuentro de Escuelas Provinciales de Enfermer\u00eda organizado por el Ministerio de Salud de Provincia de Buenos Aires, que tuvo sede en\u00a0la Escuela Superior de Formaci\u00f3n en Salud N\u00b0 6012 -actual sede de la Subsecretar\u00eda de Gesti\u00f3n y Contralor del Conocimiento. El evento, encabezado por la ministra de Salud bonaerense Zulma [&hellip;]<\/p>\n","protected":false},"author":7,"featured_media":19604,"comment_status":"closed","ping_status":"open","sticky":false,"template":"","format":"standard","meta":{"footnotes":""},"categories":[1,14],"tags":[32,164],"class_list":["post-19589","post","type-post","status-publish","format-standard","has-post-thumbnail","hentry","category-noticias","category-noticias-fijas","tag-enfermeria","tag-pronafe"],"_links":{"self":[{"href":"https:\/\/www.inet.edu.ar\/index.php\/wp-json\/wp\/v2\/posts\/19589","targetHints":{"allow":["GET"]}}],"collection":[{"href":"https:\/\/www.inet.edu.ar\/index.php\/wp-json\/wp\/v2\/posts"}],"about":[{"href":"https:\/\/www.inet.edu.ar\/index.php\/wp-json\/wp\/v2\/types\/post"}],"author":[{"embeddable":true,"href":"https:\/\/www.inet.edu.ar\/index.php\/wp-json\/wp\/v2\/users\/7"}],"replies":[{"embeddable":true,"href":"https:\/\/www.inet.edu.ar\/index.php\/wp-json\/wp\/v2\/comments?post=19589"}],"version-history":[{"count":9,"href":"https:\/\/www.inet.edu.ar\/index.php\/wp-json\/wp\/v2\/posts\/19589\/revisions"}],"predecessor-version":[{"id":19609,"href":"https:\/\/www.inet.edu.ar\/index.php\/wp-json\/wp\/v2\/posts\/19589\/revisions\/19609"}],"wp:featuredmedia":[{"embeddable":true,"href":"https:\/\/www.inet.edu.ar\/index.php\/wp-json\/wp\/v2\/media\/19604"}],"wp:attachment":[{"href":"https:\/\/www.inet.edu.ar\/index.php\/wp-json\/wp\/v2\/media?parent=19589"}],"wp:term":[{"taxonomy":"category","embeddable":true,"href":"https:\/\/www.inet.edu.ar\/index.php\/wp-json\/wp\/v2\/categories?post=19589"},{"taxonomy":"post_tag","embeddable":true,"href":"https:\/\/www.inet.edu.ar\/index.php\/wp-json\/wp\/v2\/tags?post=19589"}],"curies":[{"name":"wp","href":"https:\/\/api.w.org\/{rel}","templated":true}]}}