{"id":19636,"date":"2017-05-16T16:38:20","date_gmt":"2017-05-16T19:38:20","guid":{"rendered":"https:\/\/www.inet.edu.ar\/?p=19636"},"modified":"2017-05-16T16:38:20","modified_gmt":"2017-05-16T19:38:20","slug":"nuevo-centro-de-formacion-profesional-en-parque-industrial-del-conurbano","status":"publish","type":"post","link":"https:\/\/www.inet.edu.ar\/index.php\/nuevo-centro-de-formacion-profesional-en-parque-industrial-del-conurbano\/","title":{"rendered":"Nuevo Centro de Formaci\u00f3n Profesional en Parque Industrial del conurbano"},"content":{"rendered":"<p>Almirante Brown (Provincia de Buenos Aires)<\/p>\n<p>Se realiz\u00f3 hoy una reuni\u00f3n entre directores nacionales del INET y el intendente de Almirante Brown con el fin de poner en funcionamiento un Centro de Formaci\u00f3n Profesional (CFP) en el Parque Industrial\u00a0ubicado en el partido.<\/p>\n<p>Los directores Fabi\u00e1n Prieto y Diego Taurizano, de Educaci\u00f3n T\u00e9cnico Profesional y de Asuntos Federales respectivamente, fueron recibidos por el intendente Mariano\u00a0Cascallares y el secretario de Gobierno del Municipio,\u00a0Nicol\u00e1s Jawtuschenko, entre otras autoridades.<\/p>\n<p>El CFP funcionar\u00e1 en el Parque Industrial de Almirante Brown -el segundo m\u00e1s grande del pa\u00eds, con 258 empresas instaladas y aproximadamente 8 mil trabajadores- brindando formaci\u00f3n profesional y capacitaci\u00f3n laboral a los vecinos.<\/p>\n<p>&nbsp;<\/p>\n","protected":false},"excerpt":{"rendered":"<p>Almirante Brown (Provincia de Buenos Aires) Se realiz\u00f3 hoy una reuni\u00f3n entre directores nacionales del INET y el intendente de Almirante Brown con el fin de poner en funcionamiento un Centro de Formaci\u00f3n Profesional (CFP) en el Parque Industrial\u00a0ubicado en el partido. Los directores Fabi\u00e1n Prieto y Diego Taurizano, de Educaci\u00f3n T\u00e9cnico Profesional y de [&hellip;]<\/p>\n","protected":false},"author":7,"featured_media":19637,"comment_status":"closed","ping_status":"open","sticky":false,"template":"","format":"standard","meta":{"footnotes":""},"categories":[1,14],"tags":[48],"class_list":["post-19636","post","type-post","status-publish","format-standard","has-post-thumbnail","hentry","category-noticias","category-noticias-fijas","tag-formacion-profesional"],"_links":{"self":[{"href":"https:\/\/www.inet.edu.ar\/index.php\/wp-json\/wp\/v2\/posts\/19636","targetHints":{"allow":["GET"]}}],"collection":[{"href":"https:\/\/www.inet.edu.ar\/index.php\/wp-json\/wp\/v2\/posts"}],"about":[{"href":"https:\/\/www.inet.edu.ar\/index.php\/wp-json\/wp\/v2\/types\/post"}],"author":[{"embeddable":true,"href":"https:\/\/www.inet.edu.ar\/index.php\/wp-json\/wp\/v2\/users\/7"}],"replies":[{"embeddable":true,"href":"https:\/\/www.inet.edu.ar\/index.php\/wp-json\/wp\/v2\/comments?post=19636"}],"version-history":[{"count":2,"href":"https:\/\/www.inet.edu.ar\/index.php\/wp-json\/wp\/v2\/posts\/19636\/revisions"}],"predecessor-version":[{"id":19639,"href":"https:\/\/www.inet.edu.ar\/index.php\/wp-json\/wp\/v2\/posts\/19636\/revisions\/19639"}],"wp:featuredmedia":[{"embeddable":true,"href":"https:\/\/www.inet.edu.ar\/index.php\/wp-json\/wp\/v2\/media\/19637"}],"wp:attachment":[{"href":"https:\/\/www.inet.edu.ar\/index.php\/wp-json\/wp\/v2\/media?parent=19636"}],"wp:term":[{"taxonomy":"category","embeddable":true,"href":"https:\/\/www.inet.edu.ar\/index.php\/wp-json\/wp\/v2\/categories?post=19636"},{"taxonomy":"post_tag","embeddable":true,"href":"https:\/\/www.inet.edu.ar\/index.php\/wp-json\/wp\/v2\/tags?post=19636"}],"curies":[{"name":"wp","href":"https:\/\/api.w.org\/{rel}","templated":true}]}}