{"id":19640,"date":"2017-05-17T09:00:37","date_gmt":"2017-05-17T12:00:37","guid":{"rendered":"https:\/\/www.inet.edu.ar\/?p=19640"},"modified":"2017-05-17T11:23:24","modified_gmt":"2017-05-17T14:23:24","slug":"docentes-de-corrientes-se-capacitan-en-dibujo-tecnico-en-el-inet","status":"publish","type":"post","link":"https:\/\/www.inet.edu.ar\/index.php\/docentes-de-corrientes-se-capacitan-en-dibujo-tecnico-en-el-inet\/","title":{"rendered":"Docentes de Corrientes se capacitan en Dibujo T\u00e9cnico en el INET"},"content":{"rendered":"<p>CABA<\/p>\n<p>Esta semana, docentes de instituciones de ETP de Corrientes est\u00e1n capacit\u00e1ndose en <a href=\"https:\/\/www.inet.edu.ar\/index.php\/niveles-educativos\/formacion-profesional\/cursos-de-capacitacion\/herramientas-informaticas-para-el-dibujo-tecnico\/\">Herramientas Inform\u00e1ticas para Dibujo T\u00e9cnico<\/a>\u00a0en uno de los laboratorios del INET.<\/p>\n<p>En el curso, dictado por el profesor Hilmar Bord\u00f3, realizan actividades utilizando herramientas inform\u00e1ticas para el desarrollo de documentaci\u00f3n t\u00e9cnica -como diagramas, planos y croquis de piezas de distintas especialidades vinculadas al dise\u00f1o tecnol\u00f3gico.<\/p>\n<p>El INET desarrolla cursos que abarcan los distintos campos de la educaci\u00f3n tecnol\u00f3gica, destinados a docentes de todo nivel y \u00e1rea curricular, como as\u00ed tambi\u00e9n a profesionales no docentes, estudiantes, j\u00f3venes y adultos.\u00a0Para m\u00e1s informaci\u00f3n:<a href=\"https:\/\/www.inet.edu.ar\/index.php\/niveles-educativos\/formacion-profesional\/cursos-de-capacitacion\/\"> Cursos de capacitaci\u00f3n<\/a><\/p>\n<p><em>Recordamos que los cursos de capacitaci\u00f3n del Ministerio de Educaci\u00f3n y Deportes a trav\u00e9s del INET son gratuitos.<\/em><\/p>\n<p><strong>Noticias relacionadas<\/strong><\/p>\n<p><a href=\"https:\/\/www.inet.edu.ar\/index.php\/el-inet-cuenta-con-laboratorios-de-alta-tecnologia-para-promover-una-educacion-de-calidad-vinculada-al-mundo-producti\/\">\u201cEl INET cuenta con laboratorios de alta tecnolog\u00eda para promover una educaci\u00f3n de calidad vinculada al mundo productivo\u201d<\/a><\/p>\n<p><strong>Galer\u00eda de im\u00e1genes<\/strong><\/p>\n\n\t\t<style type=\"text\/css\">\n\t\t\t#gallery-1 {\n\t\t\t\tmargin: auto;\n\t\t\t}\n\t\t\t#gallery-1 .gallery-item {\n\t\t\t\tfloat: left;\n\t\t\t\tmargin-top: 10px;\n\t\t\t\ttext-align: center;\n\t\t\t\twidth: 33%;\n\t\t\t}\n\t\t\t#gallery-1 img {\n\t\t\t\tborder: 2px solid #cfcfcf;\n\t\t\t}\n\t\t\t#gallery-1 .gallery-caption {\n\t\t\t\tmargin-left: 0;\n\t\t\t}\n\t\t\t\/* see gallery_shortcode() in wp-includes\/media.php *\/\n\t\t<\/style>\n\t\t<div id='gallery-1' class='gallery galleryid-19640 gallery-columns-3 gallery-size-medium'><dl class='gallery-item'>\n\t\t\t<dt class='gallery-icon landscape'>\n\t\t\t\t<a href='https:\/\/www.inet.edu.ar\/index.php\/docentes-de-corrientes-se-capacitan-en-dibujo-tecnico-en-el-inet\/1-21\/#main'><img loading=\"lazy\" decoding=\"async\" width=\"240\" height=\"160\" src=\"https:\/\/www.inet.edu.ar\/wp-content\/uploads\/2017\/05\/1-6-240x160.jpg\" class=\"attachment-medium size-medium\" alt=\"\" srcset=\"https:\/\/www.inet.edu.ar\/wp-content\/uploads\/2017\/05\/1-6-240x160.jpg 240w, https:\/\/www.inet.edu.ar\/wp-content\/uploads\/2017\/05\/1-6-150x100.jpg 150w, https:\/\/www.inet.edu.ar\/wp-content\/uploads\/2017\/05\/1-6-768x512.jpg 768w, https:\/\/www.inet.edu.ar\/wp-content\/uploads\/2017\/05\/1-6-468x312.jpg 468w\" sizes=\"auto, (max-width: 240px) 100vw, 240px\" \/><\/a>\n\t\t\t<\/dt><\/dl><dl class='gallery-item'>\n\t\t\t<dt class='gallery-icon landscape'>\n\t\t\t\t<a href='https:\/\/www.inet.edu.ar\/index.php\/docentes-de-corrientes-se-capacitan-en-dibujo-tecnico-en-el-inet\/2-20\/#main'><img loading=\"lazy\" decoding=\"async\" width=\"240\" height=\"160\" src=\"https:\/\/www.inet.edu.ar\/wp-content\/uploads\/2017\/05\/2-6-240x160.jpg\" class=\"attachment-medium size-medium\" alt=\"\" srcset=\"https:\/\/www.inet.edu.ar\/wp-content\/uploads\/2017\/05\/2-6-240x160.jpg 240w, https:\/\/www.inet.edu.ar\/wp-content\/uploads\/2017\/05\/2-6-150x100.jpg 150w, https:\/\/www.inet.edu.ar\/wp-content\/uploads\/2017\/05\/2-6-768x512.jpg 768w, https:\/\/www.inet.edu.ar\/wp-content\/uploads\/2017\/05\/2-6-468x312.jpg 468w\" sizes=\"auto, (max-width: 240px) 100vw, 240px\" \/><\/a>\n\t\t\t<\/dt><\/dl><dl class='gallery-item'>\n\t\t\t<dt class='gallery-icon landscape'>\n\t\t\t\t<a href='https:\/\/www.inet.edu.ar\/index.php\/docentes-de-corrientes-se-capacitan-en-dibujo-tecnico-en-el-inet\/3-13\/#main'><img loading=\"lazy\" decoding=\"async\" width=\"240\" height=\"160\" src=\"https:\/\/www.inet.edu.ar\/wp-content\/uploads\/2017\/05\/3-5-240x160.jpg\" class=\"attachment-medium size-medium\" alt=\"\" srcset=\"https:\/\/www.inet.edu.ar\/wp-content\/uploads\/2017\/05\/3-5-240x160.jpg 240w, https:\/\/www.inet.edu.ar\/wp-content\/uploads\/2017\/05\/3-5-150x100.jpg 150w, https:\/\/www.inet.edu.ar\/wp-content\/uploads\/2017\/05\/3-5-768x512.jpg 768w, https:\/\/www.inet.edu.ar\/wp-content\/uploads\/2017\/05\/3-5-468x312.jpg 468w\" sizes=\"auto, (max-width: 240px) 100vw, 240px\" \/><\/a>\n\t\t\t<\/dt><\/dl><br style=\"clear: both\" \/><dl class='gallery-item'>\n\t\t\t<dt class='gallery-icon landscape'>\n\t\t\t\t<a href='https:\/\/www.inet.edu.ar\/index.php\/docentes-de-corrientes-se-capacitan-en-dibujo-tecnico-en-el-inet\/4-10\/#main'><img loading=\"lazy\" decoding=\"async\" width=\"240\" height=\"160\" src=\"https:\/\/www.inet.edu.ar\/wp-content\/uploads\/2017\/05\/4-3-240x160.jpg\" class=\"attachment-medium size-medium\" alt=\"\" srcset=\"https:\/\/www.inet.edu.ar\/wp-content\/uploads\/2017\/05\/4-3-240x160.jpg 240w, https:\/\/www.inet.edu.ar\/wp-content\/uploads\/2017\/05\/4-3-150x100.jpg 150w, https:\/\/www.inet.edu.ar\/wp-content\/uploads\/2017\/05\/4-3-768x512.jpg 768w, https:\/\/www.inet.edu.ar\/wp-content\/uploads\/2017\/05\/4-3-468x312.jpg 468w\" sizes=\"auto, (max-width: 240px) 100vw, 240px\" \/><\/a>\n\t\t\t<\/dt><\/dl><dl class='gallery-item'>\n\t\t\t<dt class='gallery-icon landscape'>\n\t\t\t\t<a href='https:\/\/www.inet.edu.ar\/index.php\/docentes-de-corrientes-se-capacitan-en-dibujo-tecnico-en-el-inet\/5-6\/#main'><img loading=\"lazy\" decoding=\"async\" width=\"240\" height=\"160\" src=\"https:\/\/www.inet.edu.ar\/wp-content\/uploads\/2017\/05\/5-1-240x160.jpg\" class=\"attachment-medium size-medium\" alt=\"\" srcset=\"https:\/\/www.inet.edu.ar\/wp-content\/uploads\/2017\/05\/5-1-240x160.jpg 240w, https:\/\/www.inet.edu.ar\/wp-content\/uploads\/2017\/05\/5-1-150x100.jpg 150w, https:\/\/www.inet.edu.ar\/wp-content\/uploads\/2017\/05\/5-1-768x512.jpg 768w, https:\/\/www.inet.edu.ar\/wp-content\/uploads\/2017\/05\/5-1-468x312.jpg 468w\" sizes=\"auto, (max-width: 240px) 100vw, 240px\" \/><\/a>\n\t\t\t<\/dt><\/dl><dl class='gallery-item'>\n\t\t\t<dt class='gallery-icon landscape'>\n\t\t\t\t<a href='https:\/\/www.inet.edu.ar\/index.php\/docentes-de-corrientes-se-capacitan-en-dibujo-tecnico-en-el-inet\/6-5\/#main'><img loading=\"lazy\" decoding=\"async\" width=\"240\" height=\"160\" src=\"https:\/\/www.inet.edu.ar\/wp-content\/uploads\/2017\/05\/6-1-240x160.jpg\" class=\"attachment-medium size-medium\" alt=\"\" srcset=\"https:\/\/www.inet.edu.ar\/wp-content\/uploads\/2017\/05\/6-1-240x160.jpg 240w, https:\/\/www.inet.edu.ar\/wp-content\/uploads\/2017\/05\/6-1-150x100.jpg 150w, https:\/\/www.inet.edu.ar\/wp-content\/uploads\/2017\/05\/6-1-768x512.jpg 768w, https:\/\/www.inet.edu.ar\/wp-content\/uploads\/2017\/05\/6-1-468x312.jpg 468w\" sizes=\"auto, (max-width: 240px) 100vw, 240px\" \/><\/a>\n\t\t\t<\/dt><\/dl><br style=\"clear: both\" \/>\n\t\t<\/div>\n\n","protected":false},"excerpt":{"rendered":"<p>CABA Esta semana, docentes de instituciones de ETP de Corrientes est\u00e1n capacit\u00e1ndose en Herramientas Inform\u00e1ticas para Dibujo T\u00e9cnico\u00a0en uno de los laboratorios del INET. En el curso, dictado por el profesor Hilmar Bord\u00f3, realizan actividades utilizando herramientas inform\u00e1ticas para el desarrollo de documentaci\u00f3n t\u00e9cnica -como diagramas, planos y croquis de piezas de distintas especialidades vinculadas [&hellip;]<\/p>\n","protected":false},"author":7,"featured_media":19643,"comment_status":"closed","ping_status":"open","sticky":false,"template":"","format":"standard","meta":{"footnotes":""},"categories":[1,14],"tags":[145],"class_list":["post-19640","post","type-post","status-publish","format-standard","has-post-thumbnail","hentry","category-noticias","category-noticias-fijas","tag-capacitacion-docente"],"_links":{"self":[{"href":"https:\/\/www.inet.edu.ar\/index.php\/wp-json\/wp\/v2\/posts\/19640","targetHints":{"allow":["GET"]}}],"collection":[{"href":"https:\/\/www.inet.edu.ar\/index.php\/wp-json\/wp\/v2\/posts"}],"about":[{"href":"https:\/\/www.inet.edu.ar\/index.php\/wp-json\/wp\/v2\/types\/post"}],"author":[{"embeddable":true,"href":"https:\/\/www.inet.edu.ar\/index.php\/wp-json\/wp\/v2\/users\/7"}],"replies":[{"embeddable":true,"href":"https:\/\/www.inet.edu.ar\/index.php\/wp-json\/wp\/v2\/comments?post=19640"}],"version-history":[{"count":6,"href":"https:\/\/www.inet.edu.ar\/index.php\/wp-json\/wp\/v2\/posts\/19640\/revisions"}],"predecessor-version":[{"id":19653,"href":"https:\/\/www.inet.edu.ar\/index.php\/wp-json\/wp\/v2\/posts\/19640\/revisions\/19653"}],"wp:featuredmedia":[{"embeddable":true,"href":"https:\/\/www.inet.edu.ar\/index.php\/wp-json\/wp\/v2\/media\/19643"}],"wp:attachment":[{"href":"https:\/\/www.inet.edu.ar\/index.php\/wp-json\/wp\/v2\/media?parent=19640"}],"wp:term":[{"taxonomy":"category","embeddable":true,"href":"https:\/\/www.inet.edu.ar\/index.php\/wp-json\/wp\/v2\/categories?post=19640"},{"taxonomy":"post_tag","embeddable":true,"href":"https:\/\/www.inet.edu.ar\/index.php\/wp-json\/wp\/v2\/tags?post=19640"}],"curies":[{"name":"wp","href":"https:\/\/api.w.org\/{rel}","templated":true}]}}