{"id":19722,"date":"2017-05-23T14:45:37","date_gmt":"2017-05-23T17:45:37","guid":{"rendered":"https:\/\/www.inet.edu.ar\/?p=19722"},"modified":"2017-05-23T14:45:37","modified_gmt":"2017-05-23T17:45:37","slug":"educacion-trabajo-y-produccion-comision-tecnica-con-instituciones-de-aeronautica","status":"publish","type":"post","link":"https:\/\/www.inet.edu.ar\/index.php\/educacion-trabajo-y-produccion-comision-tecnica-con-instituciones-de-aeronautica\/","title":{"rendered":"Educaci\u00f3n, Trabajo y Producci\u00f3n: Comisi\u00f3n T\u00e9cnica con instituciones de Aeron\u00e1utica"},"content":{"rendered":"<p>CABA<\/p>\n<p>En el d\u00eda de hoy se realiz\u00f3 una nueva reuni\u00f3n de la Comisi\u00f3n T\u00e9cnica de Aeron\u00e1utica.\u00a0Encabez\u00f3 el evento el coordinador de nivel Superior T\u00e9cnico, Gustavo Peltzer, junto al equipo INET.<\/p>\n<p>Participaron representantes del <a href=\"https:\/\/www.argentina.gob.ar\/transporte\">Ministerio de Transporte de la Naci\u00f3n<\/a>, de la <a href=\"https:\/\/www.google.com.ar\/url?sa=t&amp;rct=j&amp;q=&amp;esrc=s&amp;source=web&amp;cd=1&amp;cad=rja&amp;uact=8&amp;ved=0ahUKEwjo8O3j-JnQAhWBEZAKHR2DCVIQFggZMAA&amp;url=http%3A%2F%2Fwww.anac.gov.ar%2F&amp;usg=AFQjCNEln0OeJ3Mwrhcr95uhA3ulIqPnyQ&amp;sig2=YL-pL6knX9b2rSSCmjBAtw&amp;bvm=bv.138169073,d.Y2I\">Administraci\u00f3n Nacional de Aviaci\u00f3n Civil (ANAC)<\/a>, del <a href=\"https:\/\/www.google.com.ar\/url?sa=t&amp;rct=j&amp;q=&amp;esrc=s&amp;source=web&amp;cd=1&amp;cad=rja&amp;uact=8&amp;ved=0ahUKEwjt256f-ZnQAhVNl5AKHQpTA0wQFggYMAA&amp;url=http%3A%2F%2Fwww.inac.edu.ar%2F&amp;usg=AFQjCNFLpWTCpC7MhD-6AGWKkkwxu5f8_A&amp;sig2=6Kc5XVFwZP6UKpqWi4u4ag\">Instituto Nacional de Aviaci\u00f3n Civil (INAC)<\/a>, de\u00a0<a href=\"https:\/\/www.google.com.ar\/url?sa=t&amp;rct=j&amp;q=&amp;esrc=s&amp;source=web&amp;cd=1&amp;cad=rja&amp;uact=8&amp;ved=0ahUKEwjgute9_pnQAhWGkZAKHTBWC3IQFgg8MAA&amp;url=http%3A%2F%2Fwww.aerolineas.com.ar%2Fes-ar&amp;usg=AFQjCNGxkfclCDdocvFwpfUybp_7bLL5SA&amp;sig2=RXF6b1pgCl9Cj3oWCWkjUA&amp;bvm=bv.138169073,d.Y2I\">Aerol\u00edneas Argentinas<\/a>, del <a href=\"https:\/\/www.google.com.ar\/url?sa=t&amp;rct=j&amp;q=&amp;esrc=s&amp;source=web&amp;cd=1&amp;cad=rja&amp;uact=8&amp;ved=0ahUKEwjO1tH4-JnQAhVElZAKHf0yD6cQFggcMAA&amp;url=http%3A%2F%2Fcpiaye.org.ar%2Findex.htm&amp;usg=AFQjCNESYIHIlL0ImwEPNAZLDtm_Jg0lrw&amp;sig2=2st1FURR7IFYlgJPIrWHHQ&amp;bvm=bv.138169073,d.Y2I\">Consejo Profesional de Ingenier\u00eda Aeron\u00e1utica y Espacial (CEPIAyE)<\/a>, del <a href=\"http:\/\/www.icapa.org.ar\/\">Instituto de Capacitaci\u00f3n Asociaci\u00f3n Personal Aeron\u00e1utico (APA-ICAPA)<\/a>, de la\u00a0<a href=\"http:\/\/apada.org.ar\/\">Asociaci\u00f3n Profesional Argentina de Despachantes de Aeronaves (APADA)<\/a>\u00a0y de la\u00a0<a href=\"http:\/\/www.uala.org.ar\/\">Uni\u00f3n de Aviadores de L\u00edneas A\u00e9reas (UALA)<\/a>.<\/p>\n<p>El objetivo de la reuni\u00f3n fue trabajar sobre la familia profesional del sector y establecer prioridades para desarrollar los perfiles profesionales en el segundo semestre del a\u00f1o.<\/p>\n<p>M\u00e1s informaci\u00f3n sobre el sector:\u00a0<a href=\"http:\/\/catalogo.inet.edu.ar\/pages\/flias\/aeronautica\">Aeron\u00e1utica<\/a>.<\/p>\n<p><strong>Enlaces relacionados<\/strong><\/p>\n<p><a href=\"https:\/\/www.inet.edu.ar\/index.php\/institucional\/conetyp\/\">Consejo Nacional de Educaci\u00f3n, Trabajo y Producci\u00f3n (CoNETyP)\u00a0<\/a><\/p>\n<p><strong>Galer\u00eda de im\u00e1genes<\/strong><\/p>\n\n\t\t<style type=\"text\/css\">\n\t\t\t#gallery-1 {\n\t\t\t\tmargin: auto;\n\t\t\t}\n\t\t\t#gallery-1 .gallery-item {\n\t\t\t\tfloat: left;\n\t\t\t\tmargin-top: 10px;\n\t\t\t\ttext-align: center;\n\t\t\t\twidth: 33%;\n\t\t\t}\n\t\t\t#gallery-1 img {\n\t\t\t\tborder: 2px solid #cfcfcf;\n\t\t\t}\n\t\t\t#gallery-1 .gallery-caption {\n\t\t\t\tmargin-left: 0;\n\t\t\t}\n\t\t\t\/* see gallery_shortcode() in wp-includes\/media.php *\/\n\t\t<\/style>\n\t\t<div id='gallery-1' class='gallery galleryid-19722 gallery-columns-3 gallery-size-medium'><dl class='gallery-item'>\n\t\t\t<dt class='gallery-icon landscape'>\n\t\t\t\t<a href='https:\/\/www.inet.edu.ar\/index.php\/educacion-trabajo-y-produccion-comision-tecnica-con-instituciones-de-aeronautica\/1-24\/#main'><img loading=\"lazy\" decoding=\"async\" width=\"240\" height=\"160\" src=\"https:\/\/www.inet.edu.ar\/wp-content\/uploads\/2017\/05\/1-9-240x160.jpg\" class=\"attachment-medium size-medium\" alt=\"\" srcset=\"https:\/\/www.inet.edu.ar\/wp-content\/uploads\/2017\/05\/1-9-240x160.jpg 240w, https:\/\/www.inet.edu.ar\/wp-content\/uploads\/2017\/05\/1-9-150x100.jpg 150w, https:\/\/www.inet.edu.ar\/wp-content\/uploads\/2017\/05\/1-9-768x512.jpg 768w, https:\/\/www.inet.edu.ar\/wp-content\/uploads\/2017\/05\/1-9-468x312.jpg 468w, https:\/\/www.inet.edu.ar\/wp-content\/uploads\/2017\/05\/1-9.jpg 1200w\" sizes=\"auto, (max-width: 240px) 100vw, 240px\" \/><\/a>\n\t\t\t<\/dt><\/dl><dl class='gallery-item'>\n\t\t\t<dt class='gallery-icon landscape'>\n\t\t\t\t<a href='https:\/\/www.inet.edu.ar\/index.php\/educacion-trabajo-y-produccion-comision-tecnica-con-instituciones-de-aeronautica\/2-23\/#main'><img loading=\"lazy\" decoding=\"async\" width=\"240\" height=\"160\" src=\"https:\/\/www.inet.edu.ar\/wp-content\/uploads\/2017\/05\/2-9-240x160.jpg\" class=\"attachment-medium size-medium\" alt=\"\" srcset=\"https:\/\/www.inet.edu.ar\/wp-content\/uploads\/2017\/05\/2-9-240x160.jpg 240w, https:\/\/www.inet.edu.ar\/wp-content\/uploads\/2017\/05\/2-9-150x100.jpg 150w, https:\/\/www.inet.edu.ar\/wp-content\/uploads\/2017\/05\/2-9-768x512.jpg 768w, https:\/\/www.inet.edu.ar\/wp-content\/uploads\/2017\/05\/2-9-468x312.jpg 468w, https:\/\/www.inet.edu.ar\/wp-content\/uploads\/2017\/05\/2-9.jpg 1200w\" sizes=\"auto, (max-width: 240px) 100vw, 240px\" \/><\/a>\n\t\t\t<\/dt><\/dl><dl class='gallery-item'>\n\t\t\t<dt class='gallery-icon landscape'>\n\t\t\t\t<a href='https:\/\/www.inet.edu.ar\/index.php\/educacion-trabajo-y-produccion-comision-tecnica-con-instituciones-de-aeronautica\/3-15\/#main'><img loading=\"lazy\" decoding=\"async\" width=\"240\" height=\"160\" src=\"https:\/\/www.inet.edu.ar\/wp-content\/uploads\/2017\/05\/3-7-240x160.jpg\" class=\"attachment-medium size-medium\" alt=\"\" srcset=\"https:\/\/www.inet.edu.ar\/wp-content\/uploads\/2017\/05\/3-7-240x160.jpg 240w, https:\/\/www.inet.edu.ar\/wp-content\/uploads\/2017\/05\/3-7-150x100.jpg 150w, https:\/\/www.inet.edu.ar\/wp-content\/uploads\/2017\/05\/3-7-768x512.jpg 768w, https:\/\/www.inet.edu.ar\/wp-content\/uploads\/2017\/05\/3-7-468x312.jpg 468w, https:\/\/www.inet.edu.ar\/wp-content\/uploads\/2017\/05\/3-7.jpg 1200w\" sizes=\"auto, (max-width: 240px) 100vw, 240px\" \/><\/a>\n\t\t\t<\/dt><\/dl><br style=\"clear: both\" \/>\n\t\t<\/div>\n\n<p>&nbsp;<\/p>\n","protected":false},"excerpt":{"rendered":"<p>CABA En el d\u00eda de hoy se realiz\u00f3 una nueva reuni\u00f3n de la Comisi\u00f3n T\u00e9cnica de Aeron\u00e1utica.\u00a0Encabez\u00f3 el evento el coordinador de nivel Superior T\u00e9cnico, Gustavo Peltzer, junto al equipo INET. Participaron representantes del Ministerio de Transporte de la Naci\u00f3n, de la Administraci\u00f3n Nacional de Aviaci\u00f3n Civil (ANAC), del Instituto Nacional de Aviaci\u00f3n Civil (INAC), [&hellip;]<\/p>\n","protected":false},"author":7,"featured_media":19723,"comment_status":"closed","ping_status":"open","sticky":false,"template":"","format":"standard","meta":{"footnotes":""},"categories":[1,14],"tags":[24,180,216],"class_list":["post-19722","post","type-post","status-publish","format-standard","has-post-thumbnail","hentry","category-noticias","category-noticias-fijas","tag-conetyp","tag-educacion","tag-educacion-trabajo-y-produccion"],"_links":{"self":[{"href":"https:\/\/www.inet.edu.ar\/index.php\/wp-json\/wp\/v2\/posts\/19722","targetHints":{"allow":["GET"]}}],"collection":[{"href":"https:\/\/www.inet.edu.ar\/index.php\/wp-json\/wp\/v2\/posts"}],"about":[{"href":"https:\/\/www.inet.edu.ar\/index.php\/wp-json\/wp\/v2\/types\/post"}],"author":[{"embeddable":true,"href":"https:\/\/www.inet.edu.ar\/index.php\/wp-json\/wp\/v2\/users\/7"}],"replies":[{"embeddable":true,"href":"https:\/\/www.inet.edu.ar\/index.php\/wp-json\/wp\/v2\/comments?post=19722"}],"version-history":[{"count":5,"href":"https:\/\/www.inet.edu.ar\/index.php\/wp-json\/wp\/v2\/posts\/19722\/revisions"}],"predecessor-version":[{"id":19730,"href":"https:\/\/www.inet.edu.ar\/index.php\/wp-json\/wp\/v2\/posts\/19722\/revisions\/19730"}],"wp:featuredmedia":[{"embeddable":true,"href":"https:\/\/www.inet.edu.ar\/index.php\/wp-json\/wp\/v2\/media\/19723"}],"wp:attachment":[{"href":"https:\/\/www.inet.edu.ar\/index.php\/wp-json\/wp\/v2\/media?parent=19722"}],"wp:term":[{"taxonomy":"category","embeddable":true,"href":"https:\/\/www.inet.edu.ar\/index.php\/wp-json\/wp\/v2\/categories?post=19722"},{"taxonomy":"post_tag","embeddable":true,"href":"https:\/\/www.inet.edu.ar\/index.php\/wp-json\/wp\/v2\/tags?post=19722"}],"curies":[{"name":"wp","href":"https:\/\/api.w.org\/{rel}","templated":true}]}}