{"id":19740,"date":"2017-05-24T15:55:26","date_gmt":"2017-05-24T18:55:26","guid":{"rendered":"https:\/\/www.inet.edu.ar\/?p=19740"},"modified":"2017-05-24T16:10:33","modified_gmt":"2017-05-24T19:10:33","slug":"participamos-del-primer-foro-de-educacion-y-trabajo-del-sector-agropecuario-en-chaco","status":"publish","type":"post","link":"https:\/\/www.inet.edu.ar\/index.php\/participamos-del-primer-foro-de-educacion-y-trabajo-del-sector-agropecuario-en-chaco\/","title":{"rendered":"Participamos del primer foro de Educaci\u00f3n y Trabajo del sector Agropecuario en Chaco"},"content":{"rendered":"<p>Villa \u00c1ngela<\/p>\n<p>Se realiz\u00f3 ayer el Primer Foro Sectorial \u00abEducaci\u00f3n y Trabajo-Sector Agropecuario\u00bb en el Sal\u00f3n de Eventos de Villa \u00c1ngela, Chaco.<\/p>\n<p>Encabez\u00f3 el evento el ministro de Educaci\u00f3n, Cultura, Ciencia y Tecnolog\u00eda de la provincia,\u00a0 Daniel Far\u00edas; junto al secretario permanente del <a href=\"https:\/\/www.inet.edu.ar\/index.php\/institucional\/conetyp\/\">Consejo Nacional de Educaci\u00f3n, Trabajo y Producci\u00f3n (CoNETyP)<\/a>, Santiago de la Barrera. Participaron tambi\u00e9n el director general de Educaci\u00f3n T\u00e9cnica local, Hugo Carbonelli; el\u00a0coordinador de Gesti\u00f3n Territorial del INET, Gustavo Wansilder;\u00a0y equipos t\u00e9cnico-pedag\u00f3gicos de la jurisdicci\u00f3n educativa.<\/p>\n<p>El foro se desarroll\u00f3\u00a0en\u00a0paneles, con representantes locales de Educaci\u00f3n, Producci\u00f3n y Trabajo, a trav\u00e9s de los cuales se revisaron las necesidades de formaci\u00f3n del sector agropecuario\u00a0-en relaci\u00f3n a producci\u00f3n, comercializaci\u00f3n, valor agregado, log\u00edstica, cooperativismo y desarrollo.<\/p>\n<p>Desde la cartera educativa provincial aseguraron que las conclusiones del encuentro dar\u00e1n origen a un documento que permitir\u00e1 definir nuevas ofertas acad\u00e9micas o modificar los perfiles formativos ya existentes en la zona.<\/p>\n<p><strong>Noticias relacionadas<\/strong><\/p>\n<p><a href=\"http:\/\/comunicacion.chaco.gov.ar\/educacion\/noticia\/46037\/se-realizo-en-villa-angela-el-primer-foro-educacion-y-trabajo-sector-agropecuario\">\u00abSe realiz\u00f3 en Villa \u00c1ngela el primer foro \u201ceducaci\u00f3n y trabajo- sector agropecuario\u201d- sitio web del Ministerio de Educaci\u00f3n, Cultura, Ciencia y Tecnolog\u00eda de Chaco<\/a><\/p>\n<p><strong>Galer\u00eda de im\u00e1genes<\/strong><\/p>\n\n\t\t<style type=\"text\/css\">\n\t\t\t#gallery-1 {\n\t\t\t\tmargin: auto;\n\t\t\t}\n\t\t\t#gallery-1 .gallery-item {\n\t\t\t\tfloat: left;\n\t\t\t\tmargin-top: 10px;\n\t\t\t\ttext-align: center;\n\t\t\t\twidth: 50%;\n\t\t\t}\n\t\t\t#gallery-1 img {\n\t\t\t\tborder: 2px solid #cfcfcf;\n\t\t\t}\n\t\t\t#gallery-1 .gallery-caption {\n\t\t\t\tmargin-left: 0;\n\t\t\t}\n\t\t\t\/* see gallery_shortcode() in wp-includes\/media.php *\/\n\t\t<\/style>\n\t\t<div id='gallery-1' class='gallery galleryid-19740 gallery-columns-2 gallery-size-medium'><dl class='gallery-item'>\n\t\t\t<dt class='gallery-icon landscape'>\n\t\t\t\t<a href='https:\/\/www.inet.edu.ar\/index.php\/participamos-del-primer-foro-de-educacion-y-trabajo-del-sector-agropecuario-en-chaco\/img-20170524-wa0007\/#main'><img loading=\"lazy\" decoding=\"async\" width=\"240\" height=\"135\" src=\"https:\/\/www.inet.edu.ar\/wp-content\/uploads\/2017\/05\/IMG-20170524-WA0007-240x135.jpg\" class=\"attachment-medium size-medium\" alt=\"\" srcset=\"https:\/\/www.inet.edu.ar\/wp-content\/uploads\/2017\/05\/IMG-20170524-WA0007-240x135.jpg 240w, https:\/\/www.inet.edu.ar\/wp-content\/uploads\/2017\/05\/IMG-20170524-WA0007-768x432.jpg 768w, https:\/\/www.inet.edu.ar\/wp-content\/uploads\/2017\/05\/IMG-20170524-WA0007-468x263.jpg 468w, https:\/\/www.inet.edu.ar\/wp-content\/uploads\/2017\/05\/IMG-20170524-WA0007.jpg 1280w\" sizes=\"auto, (max-width: 240px) 100vw, 240px\" \/><\/a>\n\t\t\t<\/dt><\/dl><dl class='gallery-item'>\n\t\t\t<dt class='gallery-icon landscape'>\n\t\t\t\t<a href='https:\/\/www.inet.edu.ar\/index.php\/participamos-del-primer-foro-de-educacion-y-trabajo-del-sector-agropecuario-en-chaco\/img-20170524-wa0008\/#main'><img loading=\"lazy\" decoding=\"async\" width=\"240\" height=\"135\" src=\"https:\/\/www.inet.edu.ar\/wp-content\/uploads\/2017\/05\/IMG-20170524-WA0008-240x135.jpg\" class=\"attachment-medium size-medium\" alt=\"\" srcset=\"https:\/\/www.inet.edu.ar\/wp-content\/uploads\/2017\/05\/IMG-20170524-WA0008-240x135.jpg 240w, https:\/\/www.inet.edu.ar\/wp-content\/uploads\/2017\/05\/IMG-20170524-WA0008-768x432.jpg 768w, https:\/\/www.inet.edu.ar\/wp-content\/uploads\/2017\/05\/IMG-20170524-WA0008-468x263.jpg 468w, https:\/\/www.inet.edu.ar\/wp-content\/uploads\/2017\/05\/IMG-20170524-WA0008.jpg 1280w\" sizes=\"auto, (max-width: 240px) 100vw, 240px\" \/><\/a>\n\t\t\t<\/dt><\/dl><br style=\"clear: both\" \/><dl class='gallery-item'>\n\t\t\t<dt class='gallery-icon landscape'>\n\t\t\t\t<a href='https:\/\/www.inet.edu.ar\/index.php\/participamos-del-primer-foro-de-educacion-y-trabajo-del-sector-agropecuario-en-chaco\/img-20170524-wa0006\/#main'><img loading=\"lazy\" decoding=\"async\" width=\"240\" height=\"135\" src=\"https:\/\/www.inet.edu.ar\/wp-content\/uploads\/2017\/05\/IMG-20170524-WA0006-240x135.jpg\" class=\"attachment-medium size-medium\" alt=\"\" srcset=\"https:\/\/www.inet.edu.ar\/wp-content\/uploads\/2017\/05\/IMG-20170524-WA0006-240x135.jpg 240w, https:\/\/www.inet.edu.ar\/wp-content\/uploads\/2017\/05\/IMG-20170524-WA0006-768x432.jpg 768w, https:\/\/www.inet.edu.ar\/wp-content\/uploads\/2017\/05\/IMG-20170524-WA0006-468x263.jpg 468w, https:\/\/www.inet.edu.ar\/wp-content\/uploads\/2017\/05\/IMG-20170524-WA0006.jpg 1280w\" sizes=\"auto, (max-width: 240px) 100vw, 240px\" \/><\/a>\n\t\t\t<\/dt><\/dl><dl class='gallery-item'>\n\t\t\t<dt class='gallery-icon landscape'>\n\t\t\t\t<a href='https:\/\/www.inet.edu.ar\/index.php\/participamos-del-primer-foro-de-educacion-y-trabajo-del-sector-agropecuario-en-chaco\/img-20170524-wa0009\/#main'><img loading=\"lazy\" decoding=\"async\" width=\"240\" height=\"135\" src=\"https:\/\/www.inet.edu.ar\/wp-content\/uploads\/2017\/05\/IMG-20170524-WA0009-240x135.jpg\" class=\"attachment-medium size-medium\" alt=\"\" srcset=\"https:\/\/www.inet.edu.ar\/wp-content\/uploads\/2017\/05\/IMG-20170524-WA0009-240x135.jpg 240w, https:\/\/www.inet.edu.ar\/wp-content\/uploads\/2017\/05\/IMG-20170524-WA0009-768x432.jpg 768w, https:\/\/www.inet.edu.ar\/wp-content\/uploads\/2017\/05\/IMG-20170524-WA0009-468x263.jpg 468w, https:\/\/www.inet.edu.ar\/wp-content\/uploads\/2017\/05\/IMG-20170524-WA0009.jpg 1280w\" sizes=\"auto, (max-width: 240px) 100vw, 240px\" \/><\/a>\n\t\t\t<\/dt><\/dl><br style=\"clear: both\" \/>\n\t\t<\/div>\n\n","protected":false},"excerpt":{"rendered":"<p>Villa \u00c1ngela Se realiz\u00f3 ayer el Primer Foro Sectorial \u00abEducaci\u00f3n y Trabajo-Sector Agropecuario\u00bb en el Sal\u00f3n de Eventos de Villa \u00c1ngela, Chaco. Encabez\u00f3 el evento el ministro de Educaci\u00f3n, Cultura, Ciencia y Tecnolog\u00eda de la provincia,\u00a0 Daniel Far\u00edas; junto al secretario permanente del Consejo Nacional de Educaci\u00f3n, Trabajo y Producci\u00f3n (CoNETyP), Santiago de la Barrera. [&hellip;]<\/p>\n","protected":false},"author":7,"featured_media":19742,"comment_status":"closed","ping_status":"open","sticky":false,"template":"","format":"standard","meta":{"footnotes":""},"categories":[1,14],"tags":[24,180,199,216],"class_list":["post-19740","post","type-post","status-publish","format-standard","has-post-thumbnail","hentry","category-noticias","category-noticias-fijas","tag-conetyp","tag-educacion","tag-educacion-agropecuaria","tag-educacion-trabajo-y-produccion"],"_links":{"self":[{"href":"https:\/\/www.inet.edu.ar\/index.php\/wp-json\/wp\/v2\/posts\/19740","targetHints":{"allow":["GET"]}}],"collection":[{"href":"https:\/\/www.inet.edu.ar\/index.php\/wp-json\/wp\/v2\/posts"}],"about":[{"href":"https:\/\/www.inet.edu.ar\/index.php\/wp-json\/wp\/v2\/types\/post"}],"author":[{"embeddable":true,"href":"https:\/\/www.inet.edu.ar\/index.php\/wp-json\/wp\/v2\/users\/7"}],"replies":[{"embeddable":true,"href":"https:\/\/www.inet.edu.ar\/index.php\/wp-json\/wp\/v2\/comments?post=19740"}],"version-history":[{"count":8,"href":"https:\/\/www.inet.edu.ar\/index.php\/wp-json\/wp\/v2\/posts\/19740\/revisions"}],"predecessor-version":[{"id":19755,"href":"https:\/\/www.inet.edu.ar\/index.php\/wp-json\/wp\/v2\/posts\/19740\/revisions\/19755"}],"wp:featuredmedia":[{"embeddable":true,"href":"https:\/\/www.inet.edu.ar\/index.php\/wp-json\/wp\/v2\/media\/19742"}],"wp:attachment":[{"href":"https:\/\/www.inet.edu.ar\/index.php\/wp-json\/wp\/v2\/media?parent=19740"}],"wp:term":[{"taxonomy":"category","embeddable":true,"href":"https:\/\/www.inet.edu.ar\/index.php\/wp-json\/wp\/v2\/categories?post=19740"},{"taxonomy":"post_tag","embeddable":true,"href":"https:\/\/www.inet.edu.ar\/index.php\/wp-json\/wp\/v2\/tags?post=19740"}],"curies":[{"name":"wp","href":"https:\/\/api.w.org\/{rel}","templated":true}]}}