{"id":19908,"date":"2017-06-06T18:19:56","date_gmt":"2017-06-06T21:19:56","guid":{"rendered":"https:\/\/www.inet.edu.ar\/?p=19908"},"modified":"2017-06-06T18:19:56","modified_gmt":"2017-06-06T21:19:56","slug":"construyen-triciclo-mecano-electrico-para-estudiante-de-enfermeria-con-dificultad-motriz","status":"publish","type":"post","link":"https:\/\/www.inet.edu.ar\/index.php\/construyen-triciclo-mecano-electrico-para-estudiante-de-enfermeria-con-dificultad-motriz\/","title":{"rendered":"Construyen triciclo mecano-el\u00e9ctrico para estudiante de Enfermer\u00eda con dificultad motriz"},"content":{"rendered":"<p>CABA<\/p>\n<p>Mat\u00edas Nahuel Godoy Figueroa es alumno de Enfermer\u00eda en la Universidad de Buenos Aires. En el a\u00f1o 2016, cuando trabajaba como voluntario rescatista en una Feria en el predio de Tecn\u00f3polis, vio que\u00a0alumnos de la Escuela T\u00e9cnica N\u00b0 1 \u201cOtto Krause\u201d presentaban una silla motorizada el\u00e9ctricamente que iba a ser destinada a una ni\u00f1a tucumana\u00a0de bajo recursos.\u00a0Decidi\u00f3 acercarse al profesor a cargo, Fabi\u00e1n Selvaggi, y plantearle sus necesidades.<\/p>\n<p>Mat\u00edas, que presenta dificultades motrices, usaba un triciclo con\u00a0motor a combusti\u00f3n interna que no funcionaba correctamente. Lo hab\u00eda comprado de segunda mano y\u00a0deb\u00eda pedalear para movilizarse. Esto era bastante dificultoso para el joven.<\/p>\n<p>Cuando el docente Selvaggi \u00a0escuch\u00f3 la situaci\u00f3n, decidi\u00f3 poner manos a la obra. Con el apoyo de la directora de la instituci\u00f3n, Lic. Claudia Rey, los alumnos de 6to de Mec\u00e1nica comenzaron a trabajar para ayudar a Mat\u00edas.<\/p>\n<p>Presentaron el proyecto al INET y recibieron financiaci\u00f3n que les permiti\u00f3\u00a0comprar insumos. A\u00a0trav\u00e9s del proyecto \u00abRodando juntos\u00bb, y en un trabajo interdisciplinario, realizaron el dise\u00f1o y armado en el taller. Alumnos de la promoci\u00f3n 2016 iniciaron el trabajo y otros que cursan este a\u00f1o lo terminaron.<\/p>\n<p>En el d\u00eda de ayer se realiz\u00f3 en la escuela el acto de entrega del triciclo a Mat\u00edas. Se trata de un veh\u00edculo mecano-el\u00e9ctrico, que puede funcionar de manera aut\u00f3noma, el\u00e9ctricamente de manera asistida, o s\u00f3lo mec\u00e1nicamente.<\/p>\n<p><em>\u00abHace rato necesitaba un veh\u00edculo para independizarme dado que no tengo estabilidad para una bici normal, no tengo equilibrio. As\u00ed que estoy muy agradecido a los chicos y al profesor por esta oportunidad\u00bb<\/em>, nos dijo el joven, quien actualmente estudia la carrera de Enfermer\u00eda y participa en la ONG <a href=\"http:\/\/cepaargentina.webnode.com\/\">CEPA (Cuerpo de Evacuaci\u00f3n y Primeros Auxilios)\u00a0<\/a>.<\/p>\n<p>La directora Rey nos cont\u00f3 que, desde hace a\u00f1os, en la instituci\u00f3n se\u00a0dise\u00f1an, adaptan, construyen\u00a0y fabrican veh\u00edculos ergonom\u00e9tricos, alternativos, no contaminantes, destinados a personas con problemas de motricidad. Dadas las diversas patolog\u00edas en motricidad, que requieren m\u00f3viles distintos, realizan sillas personalizadas. <em>\u00abEstamos muy orgullosos de poder aportar los conocimientos t\u00e9cnicos y tecnol\u00f3gicos en este tipo de acciones solidarias\u00bb<\/em>.<\/p>\n<p><strong>Galer\u00eda de im\u00e1genes<\/strong><\/p>\n\n\t\t<style type=\"text\/css\">\n\t\t\t#gallery-1 {\n\t\t\t\tmargin: auto;\n\t\t\t}\n\t\t\t#gallery-1 .gallery-item {\n\t\t\t\tfloat: left;\n\t\t\t\tmargin-top: 10px;\n\t\t\t\ttext-align: center;\n\t\t\t\twidth: 25%;\n\t\t\t}\n\t\t\t#gallery-1 img {\n\t\t\t\tborder: 2px solid #cfcfcf;\n\t\t\t}\n\t\t\t#gallery-1 .gallery-caption {\n\t\t\t\tmargin-left: 0;\n\t\t\t}\n\t\t\t\/* see gallery_shortcode() in wp-includes\/media.php *\/\n\t\t<\/style>\n\t\t<div id='gallery-1' class='gallery galleryid-19908 gallery-columns-4 gallery-size-thumbnail'><dl class='gallery-item'>\n\t\t\t<dt class='gallery-icon landscape'>\n\t\t\t\t<a href='https:\/\/www.inet.edu.ar\/index.php\/construyen-triciclo-mecano-electrico-para-estudiante-de-enfermeria-con-dificultad-motriz\/8-5\/#main'><img loading=\"lazy\" decoding=\"async\" width=\"150\" height=\"100\" src=\"https:\/\/www.inet.edu.ar\/wp-content\/uploads\/2017\/06\/8-150x100.jpg\" class=\"attachment-thumbnail size-thumbnail\" alt=\"\" srcset=\"https:\/\/www.inet.edu.ar\/wp-content\/uploads\/2017\/06\/8-150x100.jpg 150w, https:\/\/www.inet.edu.ar\/wp-content\/uploads\/2017\/06\/8-240x160.jpg 240w, https:\/\/www.inet.edu.ar\/wp-content\/uploads\/2017\/06\/8-768x511.jpg 768w, https:\/\/www.inet.edu.ar\/wp-content\/uploads\/2017\/06\/8-468x311.jpg 468w, https:\/\/www.inet.edu.ar\/wp-content\/uploads\/2017\/06\/8.jpg 1200w\" sizes=\"auto, (max-width: 150px) 100vw, 150px\" \/><\/a>\n\t\t\t<\/dt><\/dl><dl class='gallery-item'>\n\t\t\t<dt class='gallery-icon landscape'>\n\t\t\t\t<a href='https:\/\/www.inet.edu.ar\/index.php\/construyen-triciclo-mecano-electrico-para-estudiante-de-enfermeria-con-dificultad-motriz\/3-21\/#main'><img loading=\"lazy\" decoding=\"async\" width=\"150\" height=\"100\" src=\"https:\/\/www.inet.edu.ar\/wp-content\/uploads\/2017\/06\/3-150x100.jpg\" class=\"attachment-thumbnail size-thumbnail\" alt=\"\" srcset=\"https:\/\/www.inet.edu.ar\/wp-content\/uploads\/2017\/06\/3-150x100.jpg 150w, https:\/\/www.inet.edu.ar\/wp-content\/uploads\/2017\/06\/3-240x160.jpg 240w, https:\/\/www.inet.edu.ar\/wp-content\/uploads\/2017\/06\/3-768x512.jpg 768w, https:\/\/www.inet.edu.ar\/wp-content\/uploads\/2017\/06\/3-468x312.jpg 468w, https:\/\/www.inet.edu.ar\/wp-content\/uploads\/2017\/06\/3.jpg 1200w\" sizes=\"auto, (max-width: 150px) 100vw, 150px\" \/><\/a>\n\t\t\t<\/dt><\/dl><dl class='gallery-item'>\n\t\t\t<dt class='gallery-icon landscape'>\n\t\t\t\t<a href='https:\/\/www.inet.edu.ar\/index.php\/construyen-triciclo-mecano-electrico-para-estudiante-de-enfermeria-con-dificultad-motriz\/6-10\/#main'><img loading=\"lazy\" decoding=\"async\" width=\"150\" height=\"100\" src=\"https:\/\/www.inet.edu.ar\/wp-content\/uploads\/2017\/06\/6-1-150x100.jpg\" class=\"attachment-thumbnail size-thumbnail\" alt=\"\" srcset=\"https:\/\/www.inet.edu.ar\/wp-content\/uploads\/2017\/06\/6-1-150x100.jpg 150w, https:\/\/www.inet.edu.ar\/wp-content\/uploads\/2017\/06\/6-1-240x159.jpg 240w, https:\/\/www.inet.edu.ar\/wp-content\/uploads\/2017\/06\/6-1-768x509.jpg 768w, https:\/\/www.inet.edu.ar\/wp-content\/uploads\/2017\/06\/6-1-468x310.jpg 468w, https:\/\/www.inet.edu.ar\/wp-content\/uploads\/2017\/06\/6-1.jpg 1200w\" sizes=\"auto, (max-width: 150px) 100vw, 150px\" \/><\/a>\n\t\t\t<\/dt><\/dl><dl class='gallery-item'>\n\t\t\t<dt class='gallery-icon landscape'>\n\t\t\t\t<a href='https:\/\/www.inet.edu.ar\/index.php\/construyen-triciclo-mecano-electrico-para-estudiante-de-enfermeria-con-dificultad-motriz\/5-11\/#main'><img loading=\"lazy\" decoding=\"async\" width=\"150\" height=\"100\" src=\"https:\/\/www.inet.edu.ar\/wp-content\/uploads\/2017\/06\/5-150x100.jpg\" class=\"attachment-thumbnail size-thumbnail\" alt=\"\" srcset=\"https:\/\/www.inet.edu.ar\/wp-content\/uploads\/2017\/06\/5-150x100.jpg 150w, https:\/\/www.inet.edu.ar\/wp-content\/uploads\/2017\/06\/5-240x160.jpg 240w, https:\/\/www.inet.edu.ar\/wp-content\/uploads\/2017\/06\/5-768x512.jpg 768w, https:\/\/www.inet.edu.ar\/wp-content\/uploads\/2017\/06\/5-468x312.jpg 468w, https:\/\/www.inet.edu.ar\/wp-content\/uploads\/2017\/06\/5.jpg 1200w\" sizes=\"auto, (max-width: 150px) 100vw, 150px\" \/><\/a>\n\t\t\t<\/dt><\/dl><br style=\"clear: both\" \/><dl class='gallery-item'>\n\t\t\t<dt class='gallery-icon landscape'>\n\t\t\t\t<a href='https:\/\/www.inet.edu.ar\/index.php\/construyen-triciclo-mecano-electrico-para-estudiante-de-enfermeria-con-dificultad-motriz\/4-15\/#main'><img loading=\"lazy\" decoding=\"async\" width=\"150\" height=\"100\" src=\"https:\/\/www.inet.edu.ar\/wp-content\/uploads\/2017\/06\/4-150x100.jpg\" class=\"attachment-thumbnail size-thumbnail\" alt=\"\" srcset=\"https:\/\/www.inet.edu.ar\/wp-content\/uploads\/2017\/06\/4-150x100.jpg 150w, https:\/\/www.inet.edu.ar\/wp-content\/uploads\/2017\/06\/4-240x160.jpg 240w, https:\/\/www.inet.edu.ar\/wp-content\/uploads\/2017\/06\/4-768x512.jpg 768w, https:\/\/www.inet.edu.ar\/wp-content\/uploads\/2017\/06\/4-468x312.jpg 468w, https:\/\/www.inet.edu.ar\/wp-content\/uploads\/2017\/06\/4.jpg 1200w\" sizes=\"auto, (max-width: 150px) 100vw, 150px\" \/><\/a>\n\t\t\t<\/dt><\/dl><dl class='gallery-item'>\n\t\t\t<dt class='gallery-icon landscape'>\n\t\t\t\t<a href='https:\/\/www.inet.edu.ar\/index.php\/construyen-triciclo-mecano-electrico-para-estudiante-de-enfermeria-con-dificultad-motriz\/2-30\/#main'><img loading=\"lazy\" decoding=\"async\" width=\"150\" height=\"100\" src=\"https:\/\/www.inet.edu.ar\/wp-content\/uploads\/2017\/06\/2-150x100.jpg\" class=\"attachment-thumbnail size-thumbnail\" alt=\"\" srcset=\"https:\/\/www.inet.edu.ar\/wp-content\/uploads\/2017\/06\/2-150x100.jpg 150w, https:\/\/www.inet.edu.ar\/wp-content\/uploads\/2017\/06\/2-240x160.jpg 240w, https:\/\/www.inet.edu.ar\/wp-content\/uploads\/2017\/06\/2-768x512.jpg 768w, https:\/\/www.inet.edu.ar\/wp-content\/uploads\/2017\/06\/2-468x312.jpg 468w, https:\/\/www.inet.edu.ar\/wp-content\/uploads\/2017\/06\/2.jpg 1200w\" sizes=\"auto, (max-width: 150px) 100vw, 150px\" \/><\/a>\n\t\t\t<\/dt><\/dl><dl class='gallery-item'>\n\t\t\t<dt class='gallery-icon landscape'>\n\t\t\t\t<a href='https:\/\/www.inet.edu.ar\/index.php\/construyen-triciclo-mecano-electrico-para-estudiante-de-enfermeria-con-dificultad-motriz\/img-20170606-wa0004\/#main'><img loading=\"lazy\" decoding=\"async\" width=\"150\" height=\"100\" src=\"https:\/\/www.inet.edu.ar\/wp-content\/uploads\/2017\/06\/IMG-20170606-WA0004-150x100.jpg\" class=\"attachment-thumbnail size-thumbnail\" alt=\"\" \/><\/a>\n\t\t\t<\/dt><\/dl><dl class='gallery-item'>\n\t\t\t<dt class='gallery-icon landscape'>\n\t\t\t\t<a href='https:\/\/www.inet.edu.ar\/index.php\/construyen-triciclo-mecano-electrico-para-estudiante-de-enfermeria-con-dificultad-motriz\/img-20170606-wa0023\/#main'><img loading=\"lazy\" decoding=\"async\" width=\"150\" height=\"100\" src=\"https:\/\/www.inet.edu.ar\/wp-content\/uploads\/2017\/06\/IMG-20170606-WA0023-150x100.jpg\" class=\"attachment-thumbnail size-thumbnail\" alt=\"\" \/><\/a>\n\t\t\t<\/dt><\/dl><br style=\"clear: both\" \/>\n\t\t<\/div>\n\n<p>&nbsp;<\/p>\n<p>&nbsp;<\/p>\n<p>&nbsp;<\/p>\n<p>&nbsp;<\/p>\n","protected":false},"excerpt":{"rendered":"<p>CABA Mat\u00edas Nahuel Godoy Figueroa es alumno de Enfermer\u00eda en la Universidad de Buenos Aires. En el a\u00f1o 2016, cuando trabajaba como voluntario rescatista en una Feria en el predio de Tecn\u00f3polis, vio que\u00a0alumnos de la Escuela T\u00e9cnica N\u00b0 1 \u201cOtto Krause\u201d presentaban una silla motorizada el\u00e9ctricamente que iba a ser destinada a una ni\u00f1a [&hellip;]<\/p>\n","protected":false},"author":7,"featured_media":19954,"comment_status":"closed","ping_status":"open","sticky":false,"template":"","format":"standard","meta":{"footnotes":""},"categories":[1,14],"tags":[],"class_list":["post-19908","post","type-post","status-publish","format-standard","has-post-thumbnail","hentry","category-noticias","category-noticias-fijas"],"_links":{"self":[{"href":"https:\/\/www.inet.edu.ar\/index.php\/wp-json\/wp\/v2\/posts\/19908","targetHints":{"allow":["GET"]}}],"collection":[{"href":"https:\/\/www.inet.edu.ar\/index.php\/wp-json\/wp\/v2\/posts"}],"about":[{"href":"https:\/\/www.inet.edu.ar\/index.php\/wp-json\/wp\/v2\/types\/post"}],"author":[{"embeddable":true,"href":"https:\/\/www.inet.edu.ar\/index.php\/wp-json\/wp\/v2\/users\/7"}],"replies":[{"embeddable":true,"href":"https:\/\/www.inet.edu.ar\/index.php\/wp-json\/wp\/v2\/comments?post=19908"}],"version-history":[{"count":14,"href":"https:\/\/www.inet.edu.ar\/index.php\/wp-json\/wp\/v2\/posts\/19908\/revisions"}],"predecessor-version":[{"id":19959,"href":"https:\/\/www.inet.edu.ar\/index.php\/wp-json\/wp\/v2\/posts\/19908\/revisions\/19959"}],"wp:featuredmedia":[{"embeddable":true,"href":"https:\/\/www.inet.edu.ar\/index.php\/wp-json\/wp\/v2\/media\/19954"}],"wp:attachment":[{"href":"https:\/\/www.inet.edu.ar\/index.php\/wp-json\/wp\/v2\/media?parent=19908"}],"wp:term":[{"taxonomy":"category","embeddable":true,"href":"https:\/\/www.inet.edu.ar\/index.php\/wp-json\/wp\/v2\/categories?post=19908"},{"taxonomy":"post_tag","embeddable":true,"href":"https:\/\/www.inet.edu.ar\/index.php\/wp-json\/wp\/v2\/tags?post=19908"}],"curies":[{"name":"wp","href":"https:\/\/api.w.org\/{rel}","templated":true}]}}