{"id":20138,"date":"2017-06-19T12:54:10","date_gmt":"2017-06-19T15:54:10","guid":{"rendered":"https:\/\/www.inet.edu.ar\/?p=20138"},"modified":"2017-06-19T12:54:10","modified_gmt":"2017-06-19T15:54:10","slug":"olimpiadas-de-la-educacion-tecnico-profesional","status":"publish","type":"post","link":"https:\/\/www.inet.edu.ar\/index.php\/olimpiadas-de-la-educacion-tecnico-profesional\/","title":{"rendered":"Olimp\u00edadas de la Educaci\u00f3n T\u00e9cnico Profesional"},"content":{"rendered":"<p>Las Olimp\u00edadas son competencias acad\u00e9micas que convocan a estudiantes de escuelas secundarias t\u00e9cnicas de todo el pa\u00eds, de gesti\u00f3n estatal y privada, para resaltar, consolidar, e integrar los conocimientos que adquieren en las pr\u00e1cticas formativas de dichas especialidades.<\/p>\n<p>Este a\u00f1o, el certamen se desarrolla en dos instancias:<\/p>\n<ul>\n<li>INSTANCIA ESCOLAR \u2013 JURISDICCIONAL<\/li>\n<li>INSTANCIA NACIONAL<\/li>\n<\/ul>\n<p>Adem\u00e1s de las Olimp\u00edadas de Construcciones y Electromec\u00e1nica, incorporamos nuevas especialidades: <strong>Electr\u00f3nica,<\/strong> <strong>Programaci\u00f3n\/Computaci\u00f3n\/Inform\u00e1tica<\/strong>, <strong>Agropecuaria.<\/strong><\/p>\n<p>Podr\u00e1n participar estudiantes regulares del \u00faltimo a\u00f1o del ciclo superior de instituciones de nivel medio.\u00a0En la <em>instancia Nacional<\/em>, se agrega una categor\u00eda para estudiantes adultos que cursan en el turno noche.<\/p>\n<p>&nbsp;<\/p>\n<p>Para conocer fechas y leer los reglamentos:<a href=\"https:\/\/www.inet.edu.ar\/index.php\/niveles-educativos\/educacion-secundaria-tecnica\/encuentros-educativos\/olimpiada-nacional-de-construcciones-y-electromecanica\/\">\u00a0Olimp\u00edadas Nacionales<\/a><\/p>\n<p>&nbsp;<\/p>\n","protected":false},"excerpt":{"rendered":"<p>Las Olimp\u00edadas son competencias acad\u00e9micas que convocan a estudiantes de escuelas secundarias t\u00e9cnicas de todo el pa\u00eds, de gesti\u00f3n estatal y privada, para resaltar, consolidar, e integrar los conocimientos que adquieren en las pr\u00e1cticas formativas de dichas especialidades. Este a\u00f1o, el certamen se desarrolla en dos instancias: INSTANCIA ESCOLAR \u2013 JURISDICCIONAL INSTANCIA NACIONAL Adem\u00e1s de [&hellip;]<\/p>\n","protected":false},"author":7,"featured_media":16038,"comment_status":"closed","ping_status":"open","sticky":false,"template":"","format":"standard","meta":{"footnotes":""},"categories":[1,14,13],"tags":[],"class_list":["post-20138","post","type-post","status-publish","format-standard","has-post-thumbnail","hentry","category-noticias","category-noticias-fijas","category-noticias-slider"],"_links":{"self":[{"href":"https:\/\/www.inet.edu.ar\/index.php\/wp-json\/wp\/v2\/posts\/20138","targetHints":{"allow":["GET"]}}],"collection":[{"href":"https:\/\/www.inet.edu.ar\/index.php\/wp-json\/wp\/v2\/posts"}],"about":[{"href":"https:\/\/www.inet.edu.ar\/index.php\/wp-json\/wp\/v2\/types\/post"}],"author":[{"embeddable":true,"href":"https:\/\/www.inet.edu.ar\/index.php\/wp-json\/wp\/v2\/users\/7"}],"replies":[{"embeddable":true,"href":"https:\/\/www.inet.edu.ar\/index.php\/wp-json\/wp\/v2\/comments?post=20138"}],"version-history":[{"count":3,"href":"https:\/\/www.inet.edu.ar\/index.php\/wp-json\/wp\/v2\/posts\/20138\/revisions"}],"predecessor-version":[{"id":20142,"href":"https:\/\/www.inet.edu.ar\/index.php\/wp-json\/wp\/v2\/posts\/20138\/revisions\/20142"}],"wp:featuredmedia":[{"embeddable":true,"href":"https:\/\/www.inet.edu.ar\/index.php\/wp-json\/wp\/v2\/media\/16038"}],"wp:attachment":[{"href":"https:\/\/www.inet.edu.ar\/index.php\/wp-json\/wp\/v2\/media?parent=20138"}],"wp:term":[{"taxonomy":"category","embeddable":true,"href":"https:\/\/www.inet.edu.ar\/index.php\/wp-json\/wp\/v2\/categories?post=20138"},{"taxonomy":"post_tag","embeddable":true,"href":"https:\/\/www.inet.edu.ar\/index.php\/wp-json\/wp\/v2\/tags?post=20138"}],"curies":[{"name":"wp","href":"https:\/\/api.w.org\/{rel}","templated":true}]}}