{"id":20169,"date":"2017-06-21T18:37:09","date_gmt":"2017-06-21T21:37:09","guid":{"rendered":"https:\/\/www.inet.edu.ar\/?p=20169"},"modified":"2017-06-21T18:45:21","modified_gmt":"2017-06-21T21:45:21","slug":"esfuerzo-y-dedicacion-para-no-dejar-el-colegio-conoce-la-historia-de-fabian","status":"publish","type":"post","link":"https:\/\/www.inet.edu.ar\/index.php\/esfuerzo-y-dedicacion-para-no-dejar-el-colegio-conoce-la-historia-de-fabian\/","title":{"rendered":"Esfuerzo y dedicaci\u00f3n para no dejar el colegio. Conoc\u00e9 la historia de Fabi\u00e1n"},"content":{"rendered":"<p>Provincia de Buenos Aires<\/p>\n<p>Fabi\u00e1n cursa actualmente el\u00a0\u00a07\u00b0 a\u00f1o en la Escuela de Educaci\u00f3n Secundaria Agraria (EESA) N\u00b01 de Campana.<\/p>\n<p>El a\u00f1o pasado, \u00e9l y su familia se mudaron de localidad; lo que le gener\u00f3\u00a0dificultar para asistir a la escuela. Conforme pasaban los d\u00edas, sus inasistencias iban aumentando. Adem\u00e1s de la distancia, tambi\u00e9n ten\u00eda dificultad para\u00a0llegar por el tema del transporte. Ten\u00eda que tomar un colectivo y en ocasiones una lancha porque la escuela est\u00e1 ubicada\u00a0en una isla (con v\u00edas de acceso terrestre o mar\u00edtima).<\/p>\n<p>Al ver esto, docentes y tutores comenzaron a incentivarlo para evitar su deserci\u00f3n. Para ello, apelaron a la creatividad de Fabi\u00e1n para que proponga un proyecto para fin de a\u00f1o. Los tiempos eran acotados y sus compa\u00f1eros se encontraban casi en la instancia final del trayecto con los proyectos de duplas. As\u00ed fue que el joven propuso construir una enfardadora \u00edntegramente con materiales reciclados.<\/p>\n<p>Al empezar a ver que su idea tomaba forma, se motiv\u00f3 a\u00fan m\u00e1s y termin\u00f3 con el proyecto en tiempo r\u00e9cord para poder cumplir con los plazos previstos. Para lograrlo, trabaj\u00f3 horas extras para poder ponerla en funcionamiento. Con dedicaci\u00f3n y esfuerzo, lleg\u00f3 el d\u00eda en el que pudo armar su primer fardo.<\/p>\n<p>A ra\u00edz de esta idea y su puesta en marcha, sus compa\u00f1eros se motivaron\u00a0para realizar esta herramienta de trabajo en sus propios proyectos de duplas.<\/p>\n<p>Para este a\u00f1o, su objetivo es hacer una enfardadora mecanizada. Est\u00e1 trabajando en ello, acompa\u00f1ado por docentes, como su proyecto del 7\u00b0 y \u00faltimo a\u00f1o de la escuela.<\/p>\n<p>La EESA N\u00b0 1 -ubicada en\u00a0Ruta 12 Km 102 , Isla Talavera- \u00a0ofrece una Tecnicatura de nivel Secundario en\u00a0\u00a0Producci\u00f3n Agropecuaria.<\/p>\n<p style=\"text-align: right;\"><em>Fuente: Direcci\u00f3n Gral. de Cultura y Educaci\u00f3n de la Provincia de Buenos Aires<\/em><\/p>\n<p style=\"text-align: left;\"><strong>Galer\u00eda de im\u00e1genes<\/strong><\/p>\n\n\t\t<style type=\"text\/css\">\n\t\t\t#gallery-1 {\n\t\t\t\tmargin: auto;\n\t\t\t}\n\t\t\t#gallery-1 .gallery-item {\n\t\t\t\tfloat: left;\n\t\t\t\tmargin-top: 10px;\n\t\t\t\ttext-align: center;\n\t\t\t\twidth: 50%;\n\t\t\t}\n\t\t\t#gallery-1 img {\n\t\t\t\tborder: 2px solid #cfcfcf;\n\t\t\t}\n\t\t\t#gallery-1 .gallery-caption {\n\t\t\t\tmargin-left: 0;\n\t\t\t}\n\t\t\t\/* see gallery_shortcode() in wp-includes\/media.php *\/\n\t\t<\/style>\n\t\t<div id='gallery-1' class='gallery galleryid-20169 gallery-columns-2 gallery-size-medium'><dl class='gallery-item'>\n\t\t\t<dt class='gallery-icon portrait'>\n\t\t\t\t<a href='https:\/\/www.inet.edu.ar\/index.php\/esfuerzo-y-dedicacion-para-no-dejar-el-colegio-conoce-la-historia-de-fabian\/enfardadora\/#main'><img loading=\"lazy\" decoding=\"async\" width=\"240\" height=\"427\" src=\"https:\/\/www.inet.edu.ar\/wp-content\/uploads\/2017\/06\/Enfardadora-240x427.jpg\" class=\"attachment-medium size-medium\" alt=\"\" srcset=\"https:\/\/www.inet.edu.ar\/wp-content\/uploads\/2017\/06\/Enfardadora-240x427.jpg 240w, https:\/\/www.inet.edu.ar\/wp-content\/uploads\/2017\/06\/Enfardadora-468x832.jpg 468w, https:\/\/www.inet.edu.ar\/wp-content\/uploads\/2017\/06\/Enfardadora.jpg 720w\" sizes=\"auto, (max-width: 240px) 100vw, 240px\" \/><\/a>\n\t\t\t<\/dt><\/dl><dl class='gallery-item'>\n\t\t\t<dt class='gallery-icon portrait'>\n\t\t\t\t<a href='https:\/\/www.inet.edu.ar\/index.php\/esfuerzo-y-dedicacion-para-no-dejar-el-colegio-conoce-la-historia-de-fabian\/enfardadora2\/#main'><img loading=\"lazy\" decoding=\"async\" width=\"240\" height=\"427\" src=\"https:\/\/www.inet.edu.ar\/wp-content\/uploads\/2017\/06\/Enfardadora2-240x427.jpg\" class=\"attachment-medium size-medium\" alt=\"\" srcset=\"https:\/\/www.inet.edu.ar\/wp-content\/uploads\/2017\/06\/Enfardadora2-240x427.jpg 240w, https:\/\/www.inet.edu.ar\/wp-content\/uploads\/2017\/06\/Enfardadora2-468x832.jpg 468w, https:\/\/www.inet.edu.ar\/wp-content\/uploads\/2017\/06\/Enfardadora2.jpg 648w\" sizes=\"auto, (max-width: 240px) 100vw, 240px\" \/><\/a>\n\t\t\t<\/dt><\/dl><br style=\"clear: both\" \/>\n\t\t<\/div>\n\n","protected":false},"excerpt":{"rendered":"<p>Provincia de Buenos Aires Fabi\u00e1n cursa actualmente el\u00a0\u00a07\u00b0 a\u00f1o en la Escuela de Educaci\u00f3n Secundaria Agraria (EESA) N\u00b01 de Campana. El a\u00f1o pasado, \u00e9l y su familia se mudaron de localidad; lo que le gener\u00f3\u00a0dificultar para asistir a la escuela. Conforme pasaban los d\u00edas, sus inasistencias iban aumentando. Adem\u00e1s de la distancia, tambi\u00e9n ten\u00eda dificultad [&hellip;]<\/p>\n","protected":false},"author":7,"featured_media":20182,"comment_status":"closed","ping_status":"open","sticky":false,"template":"","format":"standard","meta":{"footnotes":""},"categories":[1,14],"tags":[205],"class_list":["post-20169","post","type-post","status-publish","format-standard","has-post-thumbnail","hentry","category-noticias","category-noticias-fijas","tag-educacion-agraria"],"_links":{"self":[{"href":"https:\/\/www.inet.edu.ar\/index.php\/wp-json\/wp\/v2\/posts\/20169","targetHints":{"allow":["GET"]}}],"collection":[{"href":"https:\/\/www.inet.edu.ar\/index.php\/wp-json\/wp\/v2\/posts"}],"about":[{"href":"https:\/\/www.inet.edu.ar\/index.php\/wp-json\/wp\/v2\/types\/post"}],"author":[{"embeddable":true,"href":"https:\/\/www.inet.edu.ar\/index.php\/wp-json\/wp\/v2\/users\/7"}],"replies":[{"embeddable":true,"href":"https:\/\/www.inet.edu.ar\/index.php\/wp-json\/wp\/v2\/comments?post=20169"}],"version-history":[{"count":11,"href":"https:\/\/www.inet.edu.ar\/index.php\/wp-json\/wp\/v2\/posts\/20169\/revisions"}],"predecessor-version":[{"id":20187,"href":"https:\/\/www.inet.edu.ar\/index.php\/wp-json\/wp\/v2\/posts\/20169\/revisions\/20187"}],"wp:featuredmedia":[{"embeddable":true,"href":"https:\/\/www.inet.edu.ar\/index.php\/wp-json\/wp\/v2\/media\/20182"}],"wp:attachment":[{"href":"https:\/\/www.inet.edu.ar\/index.php\/wp-json\/wp\/v2\/media?parent=20169"}],"wp:term":[{"taxonomy":"category","embeddable":true,"href":"https:\/\/www.inet.edu.ar\/index.php\/wp-json\/wp\/v2\/categories?post=20169"},{"taxonomy":"post_tag","embeddable":true,"href":"https:\/\/www.inet.edu.ar\/index.php\/wp-json\/wp\/v2\/tags?post=20169"}],"curies":[{"name":"wp","href":"https:\/\/api.w.org\/{rel}","templated":true}]}}