{"id":20205,"date":"2017-06-23T17:10:52","date_gmt":"2017-06-23T20:10:52","guid":{"rendered":"https:\/\/www.inet.edu.ar\/?p=20205"},"modified":"2017-06-23T17:10:52","modified_gmt":"2017-06-23T20:10:52","slug":"vinculando-educacion-trabajo-y-produccion-reunion-con-entidades-de-energia-electrica","status":"publish","type":"post","link":"https:\/\/www.inet.edu.ar\/index.php\/vinculando-educacion-trabajo-y-produccion-reunion-con-entidades-de-energia-electrica\/","title":{"rendered":"Vinculando Educaci\u00f3n, Trabajo y Producci\u00f3n: reuni\u00f3n con entidades de Energ\u00eda El\u00e9ctrica"},"content":{"rendered":"<p>CABA<\/p>\n<p>Los <a href=\"https:\/\/www.inet.edu.ar\/index.php\/institucional\/conetyp\/foros-sectoriales\/\">foros sectoriales\u00a0<\/a>son un espacio de participaci\u00f3n en el que instituciones del \u00e1mbito p\u00fablico y privado se re\u00fanen para analizar el estado del sector en cuesti\u00f3n, presentar los perfiles profesionales existentes, discutir la posibilidad de modificar o agregar nuevos perfiles y para que, a posteriori, cada jurisdicci\u00f3n pueda armar los curr\u00edculum.<\/p>\n<p>En el d\u00eda de hoy se realiz\u00f3 el Foro de Energ\u00eda El\u00e9ctrica con entidades del sector.<\/p>\n<p>Encabezaron el evento el secretario permanente del <a href=\"https:\/\/www.inet.edu.ar\/index.php\/institucional\/conetyp\/\">Consejo Nacional de Educaci\u00f3n, Trabajo y Producci\u00f3n (CoNETyP)<\/a>, Santiago de la Barrera, junto al equipo INET.<\/p>\n<p>Entre las tem\u00e1ticas tratadas, se analizaron las acciones que el INET est\u00e1 realizando en el \u00e1rea de Energ\u00eda El\u00e9ctrica y de Renovables espec\u00edficamente.<\/p>\n<p>Participaron representantes de IERIC (Instituto de Estad\u00edstica y Registro de Industria de la Construcci\u00f3n); FNPT (Federaci\u00f3n Nacional de Profesionales T\u00e9cnicos); AAIERIC (Asociaci\u00f3n Argentina de Instaladores Electricistas , Residenciales, Industriales y Comerciales); Consejo Profesional de Ingenier\u00eda Mec\u00e1nica y Electricista (COPIME); FATLyF (Federaci\u00f3n Argentina de Trabajadores de Luz y Fuerza); FACE (Federaci\u00f3n Argentina de Cooperativas El\u00e9ctricas); AAEE (Asociaci\u00f3n Argentina de Energ\u00eda E\u00f3lica); del Ministerio de Energ\u00eda y Miner\u00eda de la Naci\u00f3n; y del Colegio de T\u00e9cnicos de Salta.<\/p>\n<p>M\u00e1s informaci\u00f3n sobre los <a href=\"https:\/\/www.inet.edu.ar\/index.php\/institucional\/conetyp\/foros-sectoriales\/\">Foros Sectoriales<\/a><\/p>\n<p><strong>Galer\u00eda de im\u00e1genes<\/strong><\/p>\n\n\t\t<style type=\"text\/css\">\n\t\t\t#gallery-1 {\n\t\t\t\tmargin: auto;\n\t\t\t}\n\t\t\t#gallery-1 .gallery-item {\n\t\t\t\tfloat: left;\n\t\t\t\tmargin-top: 10px;\n\t\t\t\ttext-align: center;\n\t\t\t\twidth: 50%;\n\t\t\t}\n\t\t\t#gallery-1 img {\n\t\t\t\tborder: 2px solid #cfcfcf;\n\t\t\t}\n\t\t\t#gallery-1 .gallery-caption {\n\t\t\t\tmargin-left: 0;\n\t\t\t}\n\t\t\t\/* see gallery_shortcode() in wp-includes\/media.php *\/\n\t\t<\/style>\n\t\t<div id='gallery-1' class='gallery galleryid-20205 gallery-columns-2 gallery-size-medium'><dl class='gallery-item'>\n\t\t\t<dt class='gallery-icon landscape'>\n\t\t\t\t<a href='https:\/\/www.inet.edu.ar\/index.php\/vinculando-educacion-trabajo-y-produccion-reunion-con-entidades-de-energia-electrica\/1-41\/#main'><img loading=\"lazy\" decoding=\"async\" width=\"240\" height=\"160\" src=\"https:\/\/www.inet.edu.ar\/wp-content\/uploads\/2017\/06\/1-10-240x160.jpg\" class=\"attachment-medium size-medium\" alt=\"\" srcset=\"https:\/\/www.inet.edu.ar\/wp-content\/uploads\/2017\/06\/1-10-240x160.jpg 240w, https:\/\/www.inet.edu.ar\/wp-content\/uploads\/2017\/06\/1-10-150x100.jpg 150w, https:\/\/www.inet.edu.ar\/wp-content\/uploads\/2017\/06\/1-10-768x512.jpg 768w, https:\/\/www.inet.edu.ar\/wp-content\/uploads\/2017\/06\/1-10-468x312.jpg 468w, https:\/\/www.inet.edu.ar\/wp-content\/uploads\/2017\/06\/1-10.jpg 1200w\" sizes=\"auto, (max-width: 240px) 100vw, 240px\" \/><\/a>\n\t\t\t<\/dt><\/dl><dl class='gallery-item'>\n\t\t\t<dt class='gallery-icon landscape'>\n\t\t\t\t<a href='https:\/\/www.inet.edu.ar\/index.php\/vinculando-educacion-trabajo-y-produccion-reunion-con-entidades-de-energia-electrica\/2-33\/#main'><img loading=\"lazy\" decoding=\"async\" width=\"240\" height=\"160\" src=\"https:\/\/www.inet.edu.ar\/wp-content\/uploads\/2017\/06\/2-3-240x160.jpg\" class=\"attachment-medium size-medium\" alt=\"\" srcset=\"https:\/\/www.inet.edu.ar\/wp-content\/uploads\/2017\/06\/2-3-240x160.jpg 240w, https:\/\/www.inet.edu.ar\/wp-content\/uploads\/2017\/06\/2-3-150x100.jpg 150w, https:\/\/www.inet.edu.ar\/wp-content\/uploads\/2017\/06\/2-3-768x512.jpg 768w, https:\/\/www.inet.edu.ar\/wp-content\/uploads\/2017\/06\/2-3-468x312.jpg 468w, https:\/\/www.inet.edu.ar\/wp-content\/uploads\/2017\/06\/2-3.jpg 1200w\" sizes=\"auto, (max-width: 240px) 100vw, 240px\" \/><\/a>\n\t\t\t<\/dt><\/dl><br style=\"clear: both\" \/><dl class='gallery-item'>\n\t\t\t<dt class='gallery-icon landscape'>\n\t\t\t\t<a href='https:\/\/www.inet.edu.ar\/index.php\/vinculando-educacion-trabajo-y-produccion-reunion-con-entidades-de-energia-electrica\/3-23\/#main'><img loading=\"lazy\" decoding=\"async\" width=\"240\" height=\"160\" src=\"https:\/\/www.inet.edu.ar\/wp-content\/uploads\/2017\/06\/3-2-240x160.jpg\" class=\"attachment-medium size-medium\" alt=\"\" srcset=\"https:\/\/www.inet.edu.ar\/wp-content\/uploads\/2017\/06\/3-2-240x160.jpg 240w, https:\/\/www.inet.edu.ar\/wp-content\/uploads\/2017\/06\/3-2-150x100.jpg 150w, https:\/\/www.inet.edu.ar\/wp-content\/uploads\/2017\/06\/3-2-768x512.jpg 768w, https:\/\/www.inet.edu.ar\/wp-content\/uploads\/2017\/06\/3-2-468x312.jpg 468w, https:\/\/www.inet.edu.ar\/wp-content\/uploads\/2017\/06\/3-2.jpg 1200w\" sizes=\"auto, (max-width: 240px) 100vw, 240px\" \/><\/a>\n\t\t\t<\/dt><\/dl><dl class='gallery-item'>\n\t\t\t<dt class='gallery-icon landscape'>\n\t\t\t\t<a href='https:\/\/www.inet.edu.ar\/index.php\/vinculando-educacion-trabajo-y-produccion-reunion-con-entidades-de-energia-electrica\/4-17\/#main'><img loading=\"lazy\" decoding=\"async\" width=\"240\" height=\"160\" src=\"https:\/\/www.inet.edu.ar\/wp-content\/uploads\/2017\/06\/4-2-240x160.jpg\" class=\"attachment-medium size-medium\" alt=\"\" srcset=\"https:\/\/www.inet.edu.ar\/wp-content\/uploads\/2017\/06\/4-2-240x160.jpg 240w, https:\/\/www.inet.edu.ar\/wp-content\/uploads\/2017\/06\/4-2-150x100.jpg 150w, https:\/\/www.inet.edu.ar\/wp-content\/uploads\/2017\/06\/4-2-768x512.jpg 768w, https:\/\/www.inet.edu.ar\/wp-content\/uploads\/2017\/06\/4-2-468x312.jpg 468w, https:\/\/www.inet.edu.ar\/wp-content\/uploads\/2017\/06\/4-2.jpg 1200w\" sizes=\"auto, (max-width: 240px) 100vw, 240px\" \/><\/a>\n\t\t\t<\/dt><\/dl><br style=\"clear: both\" \/>\n\t\t<\/div>\n\n","protected":false},"excerpt":{"rendered":"<p>CABA Los foros sectoriales\u00a0son un espacio de participaci\u00f3n en el que instituciones del \u00e1mbito p\u00fablico y privado se re\u00fanen para analizar el estado del sector en cuesti\u00f3n, presentar los perfiles profesionales existentes, discutir la posibilidad de modificar o agregar nuevos perfiles y para que, a posteriori, cada jurisdicci\u00f3n pueda armar los curr\u00edculum. En el d\u00eda [&hellip;]<\/p>\n","protected":false},"author":7,"featured_media":20208,"comment_status":"closed","ping_status":"open","sticky":false,"template":"","format":"standard","meta":{"footnotes":""},"categories":[1,14],"tags":[24,192],"class_list":["post-20205","post","type-post","status-publish","format-standard","has-post-thumbnail","hentry","category-noticias","category-noticias-fijas","tag-conetyp","tag-foros-sectoriales"],"_links":{"self":[{"href":"https:\/\/www.inet.edu.ar\/index.php\/wp-json\/wp\/v2\/posts\/20205","targetHints":{"allow":["GET"]}}],"collection":[{"href":"https:\/\/www.inet.edu.ar\/index.php\/wp-json\/wp\/v2\/posts"}],"about":[{"href":"https:\/\/www.inet.edu.ar\/index.php\/wp-json\/wp\/v2\/types\/post"}],"author":[{"embeddable":true,"href":"https:\/\/www.inet.edu.ar\/index.php\/wp-json\/wp\/v2\/users\/7"}],"replies":[{"embeddable":true,"href":"https:\/\/www.inet.edu.ar\/index.php\/wp-json\/wp\/v2\/comments?post=20205"}],"version-history":[{"count":3,"href":"https:\/\/www.inet.edu.ar\/index.php\/wp-json\/wp\/v2\/posts\/20205\/revisions"}],"predecessor-version":[{"id":20212,"href":"https:\/\/www.inet.edu.ar\/index.php\/wp-json\/wp\/v2\/posts\/20205\/revisions\/20212"}],"wp:featuredmedia":[{"embeddable":true,"href":"https:\/\/www.inet.edu.ar\/index.php\/wp-json\/wp\/v2\/media\/20208"}],"wp:attachment":[{"href":"https:\/\/www.inet.edu.ar\/index.php\/wp-json\/wp\/v2\/media?parent=20205"}],"wp:term":[{"taxonomy":"category","embeddable":true,"href":"https:\/\/www.inet.edu.ar\/index.php\/wp-json\/wp\/v2\/categories?post=20205"},{"taxonomy":"post_tag","embeddable":true,"href":"https:\/\/www.inet.edu.ar\/index.php\/wp-json\/wp\/v2\/tags?post=20205"}],"curies":[{"name":"wp","href":"https:\/\/api.w.org\/{rel}","templated":true}]}}