{"id":20319,"date":"2017-06-29T15:46:50","date_gmt":"2017-06-29T18:46:50","guid":{"rendered":"https:\/\/www.inet.edu.ar\/?p=20319"},"modified":"2017-06-29T16:07:31","modified_gmt":"2017-06-29T19:07:31","slug":"los-desafios-de-la-etp-en-la-relacion-entre-trabajo-e-inclusion","status":"publish","type":"post","link":"https:\/\/www.inet.edu.ar\/index.php\/los-desafios-de-la-etp-en-la-relacion-entre-trabajo-e-inclusion\/","title":{"rendered":"Los desaf\u00edos de la ETP en la relaci\u00f3n entre trabajo e inclusi\u00f3n"},"content":{"rendered":"<p>CABA<\/p>\n<p>Participamos hoy del encuentro\u00a0<strong>\u00abTrabajo e inclusi\u00f3n. Desaf\u00edos frente al crecimiento e innovaci\u00f3n\u00bb <\/strong>que\u00a0realiza ACDE (Asociaci\u00f3n Cristiana de Dirigentes de Empresa), y que tiene por objetivo\u00a0efectuar un\u00a0an\u00e1lisis integral de la problem\u00e1tica de la inclusi\u00f3n en nuestro pa\u00eds, junto con un an\u00e1lisis del nuevo contexto mundial y su impacto en Am\u00e9rica Latina y Argentina.<\/p>\n<p>El encuentro se divide en varios paneles.<\/p>\n<p>Encabezaron el panel inicial &#8211;<strong>Inclusi\u00f3n a trav\u00e9s del trabajo digno y sustentable<\/strong>&#8211; el ministro de Trabajo, Empleo y Seguridad Social de la Naci\u00f3n, Jorge Triaca; el director ejecutivo del INET, Oscar Ghillione; el director del Banco de la Naci\u00f3n Argentina, Jorge Lawson; junto al secretario general de SMATA,\u00a0Ricardo Pignanelli. Moder\u00f3 la columnista del diario La Naci\u00f3n,\u00a0Silvia Stang.<\/p>\n<p>Ghillione habl\u00f3 acerca de la vinculaci\u00f3n de los j\u00f3venes con el mundo del empleo.\u00a0<em>\u00abEn la escuela queremos formar a los chicos para toda la vida pero no nos anticipamos al trabajo, que es parte fundamental de la vida.\u00bb<\/em><\/p>\n<p>El encuentro contin\u00faa ma\u00f1ana.<\/p>\n<p><strong>Enlaces relacionados<\/strong><\/p>\n<p><a href=\"http:\/\/www.encuentroanualacde.com.ar\/acde2017\/\">XX Encuentro Anual ACDE:\u00a0Trabajo e inclusi\u00f3n. Desaf\u00edos frente al crecimiento e innovaci\u00f3n <\/a><\/p>\n","protected":false},"excerpt":{"rendered":"<p>CABA Participamos hoy del encuentro\u00a0\u00abTrabajo e inclusi\u00f3n. Desaf\u00edos frente al crecimiento e innovaci\u00f3n\u00bb que\u00a0realiza ACDE (Asociaci\u00f3n Cristiana de Dirigentes de Empresa), y que tiene por objetivo\u00a0efectuar un\u00a0an\u00e1lisis integral de la problem\u00e1tica de la inclusi\u00f3n en nuestro pa\u00eds, junto con un an\u00e1lisis del nuevo contexto mundial y su impacto en Am\u00e9rica Latina y Argentina. El encuentro [&hellip;]<\/p>\n","protected":false},"author":7,"featured_media":20320,"comment_status":"closed","ping_status":"open","sticky":false,"template":"","format":"standard","meta":{"footnotes":""},"categories":[1,14],"tags":[],"class_list":["post-20319","post","type-post","status-publish","format-standard","has-post-thumbnail","hentry","category-noticias","category-noticias-fijas"],"_links":{"self":[{"href":"https:\/\/www.inet.edu.ar\/index.php\/wp-json\/wp\/v2\/posts\/20319","targetHints":{"allow":["GET"]}}],"collection":[{"href":"https:\/\/www.inet.edu.ar\/index.php\/wp-json\/wp\/v2\/posts"}],"about":[{"href":"https:\/\/www.inet.edu.ar\/index.php\/wp-json\/wp\/v2\/types\/post"}],"author":[{"embeddable":true,"href":"https:\/\/www.inet.edu.ar\/index.php\/wp-json\/wp\/v2\/users\/7"}],"replies":[{"embeddable":true,"href":"https:\/\/www.inet.edu.ar\/index.php\/wp-json\/wp\/v2\/comments?post=20319"}],"version-history":[{"count":5,"href":"https:\/\/www.inet.edu.ar\/index.php\/wp-json\/wp\/v2\/posts\/20319\/revisions"}],"predecessor-version":[{"id":20326,"href":"https:\/\/www.inet.edu.ar\/index.php\/wp-json\/wp\/v2\/posts\/20319\/revisions\/20326"}],"wp:featuredmedia":[{"embeddable":true,"href":"https:\/\/www.inet.edu.ar\/index.php\/wp-json\/wp\/v2\/media\/20320"}],"wp:attachment":[{"href":"https:\/\/www.inet.edu.ar\/index.php\/wp-json\/wp\/v2\/media?parent=20319"}],"wp:term":[{"taxonomy":"category","embeddable":true,"href":"https:\/\/www.inet.edu.ar\/index.php\/wp-json\/wp\/v2\/categories?post=20319"},{"taxonomy":"post_tag","embeddable":true,"href":"https:\/\/www.inet.edu.ar\/index.php\/wp-json\/wp\/v2\/tags?post=20319"}],"curies":[{"name":"wp","href":"https:\/\/api.w.org\/{rel}","templated":true}]}}