{"id":20455,"date":"2017-07-12T17:12:11","date_gmt":"2017-07-12T20:12:11","guid":{"rendered":"https:\/\/www.inet.edu.ar\/?p=20455"},"modified":"2017-07-13T15:40:15","modified_gmt":"2017-07-13T18:40:15","slug":"educacion-produccion-y-trabajo-fortaleciendo-el-sector-minero-en-santa-cruz","status":"publish","type":"post","link":"https:\/\/www.inet.edu.ar\/index.php\/educacion-produccion-y-trabajo-fortaleciendo-el-sector-minero-en-santa-cruz\/","title":{"rendered":"Educaci\u00f3n, Producci\u00f3n y Trabajo: fortaleciendo el sector minero en Santa Cruz"},"content":{"rendered":"<p>Perito Moreno<\/p>\n<p>Ayer martes 11 de julio se realiz\u00f3 el Foro Sectorial de Miner\u00eda en Santa Cruz, junto al Consejo Provincial de Educaci\u00f3n, la Secretar\u00eda de Miner\u00eda de la provincia, mineras locales y la Municipalidad de Perito Moreno.<\/p>\n<p>Participaron del evento el secretario permanente del <a href=\"https:\/\/www.inet.edu.ar\/index.php\/institucional\/conetyp\/\">CoNETyP<\/a>, Santiago de la Barrera; el secretario de Miner\u00eda local,\u00a0Guillermo Bilardo; el\u00a0director de Educaci\u00f3n T\u00e9cnico Profesional (ETP), Rodrigo Gojan; junto a representantes de distintas mineras.<\/p>\n<p>Durante el encuentro, se trataron tem\u00e1ticas relacionadas con los perfiles profesionales y la demanda laboral del sector en la provincia as\u00ed como con las diferentes \u00e1reas en las que capacitar al futuro personal.<\/p>\n<p>Santiago de la Barrera explic\u00f3 que la finalidad del CONETyP consiste en identificar el horizonte hacia cual se debe orientar a la ETP en funci\u00f3n de las orientaciones que brinda el sector socioproductivo. Asimismo, mencion\u00f3 que los foros sectoriales definen posibles perfiles profesionales para todos los niveles de la modalidad, focalizando en que el de Miner\u00eda se inici\u00f3 el a\u00f1o pasado cuando se defini\u00f3 realizar foros regionales dadas las caracter\u00edsticas particulares de cada una de las explotaciones.<\/p>\n<p>Por la ma\u00f1ana, se realiz\u00f3 un acto de colaci\u00f3n del curso de Textil de\u00a0Perito Moreno. Las egresadas armar\u00e1n una cooperativa con la que planifican confeccionar ropa para Miner\u00eda.<\/p>\n<p>Adem\u00e1s, la cartera educativa provincial y la Minera Santa Cruz lanzaron\u00a0el curso de Operador Minero. Ser\u00e1n 26 estudiantes que durante 8 semanas se capacitar\u00e1n en Miner\u00eda\u00a0con especializaci\u00f3n en manejo de explosivos.<\/p>\n<p><strong>Galer\u00eda de im\u00e1genes<\/strong><\/p>\n\n\t\t<style type=\"text\/css\">\n\t\t\t#gallery-1 {\n\t\t\t\tmargin: auto;\n\t\t\t}\n\t\t\t#gallery-1 .gallery-item {\n\t\t\t\tfloat: left;\n\t\t\t\tmargin-top: 10px;\n\t\t\t\ttext-align: center;\n\t\t\t\twidth: 33%;\n\t\t\t}\n\t\t\t#gallery-1 img {\n\t\t\t\tborder: 2px solid #cfcfcf;\n\t\t\t}\n\t\t\t#gallery-1 .gallery-caption {\n\t\t\t\tmargin-left: 0;\n\t\t\t}\n\t\t\t\/* see gallery_shortcode() in wp-includes\/media.php *\/\n\t\t<\/style>\n\t\t<div id='gallery-1' class='gallery galleryid-20455 gallery-columns-3 gallery-size-thumbnail'><dl class='gallery-item'>\n\t\t\t<dt class='gallery-icon landscape'>\n\t\t\t\t<a href='https:\/\/www.inet.edu.ar\/index.php\/educacion-produccion-y-trabajo-fortaleciendo-el-sector-minero-en-santa-cruz\/ded6rfmwsaalpgc\/#main'><img loading=\"lazy\" decoding=\"async\" width=\"150\" height=\"100\" src=\"https:\/\/www.inet.edu.ar\/wp-content\/uploads\/2017\/07\/DEd6rFmWsAALPgC-150x100.jpg\" class=\"attachment-thumbnail size-thumbnail\" alt=\"\" \/><\/a>\n\t\t\t<\/dt><\/dl><dl class='gallery-item'>\n\t\t\t<dt class='gallery-icon landscape'>\n\t\t\t\t<a href='https:\/\/www.inet.edu.ar\/index.php\/educacion-produccion-y-trabajo-fortaleciendo-el-sector-minero-en-santa-cruz\/image2-4\/#main'><img loading=\"lazy\" decoding=\"async\" width=\"150\" height=\"100\" src=\"https:\/\/www.inet.edu.ar\/wp-content\/uploads\/2017\/07\/image2-150x100.jpg\" class=\"attachment-thumbnail size-thumbnail\" alt=\"\" \/><\/a>\n\t\t\t<\/dt><\/dl><dl class='gallery-item'>\n\t\t\t<dt class='gallery-icon landscape'>\n\t\t\t\t<a href='https:\/\/www.inet.edu.ar\/index.php\/educacion-produccion-y-trabajo-fortaleciendo-el-sector-minero-en-santa-cruz\/4-18\/#main'><img loading=\"lazy\" decoding=\"async\" width=\"150\" height=\"100\" src=\"https:\/\/www.inet.edu.ar\/wp-content\/uploads\/2017\/07\/4-150x100.jpg\" class=\"attachment-thumbnail size-thumbnail\" alt=\"\" srcset=\"https:\/\/www.inet.edu.ar\/wp-content\/uploads\/2017\/07\/4-150x100.jpg 150w, https:\/\/www.inet.edu.ar\/wp-content\/uploads\/2017\/07\/4-240x159.jpg 240w, https:\/\/www.inet.edu.ar\/wp-content\/uploads\/2017\/07\/4-768x509.jpg 768w, https:\/\/www.inet.edu.ar\/wp-content\/uploads\/2017\/07\/4-468x310.jpg 468w, https:\/\/www.inet.edu.ar\/wp-content\/uploads\/2017\/07\/4.jpg 1200w\" sizes=\"auto, (max-width: 150px) 100vw, 150px\" \/><\/a>\n\t\t\t<\/dt><\/dl><br style=\"clear: both\" \/>\n\t\t<\/div>\n\n<p>&nbsp;<\/p>\n<p>&nbsp;<\/p>\n","protected":false},"excerpt":{"rendered":"<p>Perito Moreno Ayer martes 11 de julio se realiz\u00f3 el Foro Sectorial de Miner\u00eda en Santa Cruz, junto al Consejo Provincial de Educaci\u00f3n, la Secretar\u00eda de Miner\u00eda de la provincia, mineras locales y la Municipalidad de Perito Moreno. Participaron del evento el secretario permanente del CoNETyP, Santiago de la Barrera; el secretario de Miner\u00eda local,\u00a0Guillermo [&hellip;]<\/p>\n","protected":false},"author":7,"featured_media":20467,"comment_status":"closed","ping_status":"open","sticky":false,"template":"","format":"standard","meta":{"footnotes":""},"categories":[1,14],"tags":[24,25,192],"class_list":["post-20455","post","type-post","status-publish","format-standard","has-post-thumbnail","hentry","category-noticias","category-noticias-fijas","tag-conetyp","tag-copetyp","tag-foros-sectoriales"],"_links":{"self":[{"href":"https:\/\/www.inet.edu.ar\/index.php\/wp-json\/wp\/v2\/posts\/20455","targetHints":{"allow":["GET"]}}],"collection":[{"href":"https:\/\/www.inet.edu.ar\/index.php\/wp-json\/wp\/v2\/posts"}],"about":[{"href":"https:\/\/www.inet.edu.ar\/index.php\/wp-json\/wp\/v2\/types\/post"}],"author":[{"embeddable":true,"href":"https:\/\/www.inet.edu.ar\/index.php\/wp-json\/wp\/v2\/users\/7"}],"replies":[{"embeddable":true,"href":"https:\/\/www.inet.edu.ar\/index.php\/wp-json\/wp\/v2\/comments?post=20455"}],"version-history":[{"count":11,"href":"https:\/\/www.inet.edu.ar\/index.php\/wp-json\/wp\/v2\/posts\/20455\/revisions"}],"predecessor-version":[{"id":20476,"href":"https:\/\/www.inet.edu.ar\/index.php\/wp-json\/wp\/v2\/posts\/20455\/revisions\/20476"}],"wp:featuredmedia":[{"embeddable":true,"href":"https:\/\/www.inet.edu.ar\/index.php\/wp-json\/wp\/v2\/media\/20467"}],"wp:attachment":[{"href":"https:\/\/www.inet.edu.ar\/index.php\/wp-json\/wp\/v2\/media?parent=20455"}],"wp:term":[{"taxonomy":"category","embeddable":true,"href":"https:\/\/www.inet.edu.ar\/index.php\/wp-json\/wp\/v2\/categories?post=20455"},{"taxonomy":"post_tag","embeddable":true,"href":"https:\/\/www.inet.edu.ar\/index.php\/wp-json\/wp\/v2\/tags?post=20455"}],"curies":[{"name":"wp","href":"https:\/\/api.w.org\/{rel}","templated":true}]}}