{"id":20738,"date":"2017-08-03T16:27:21","date_gmt":"2017-08-03T19:27:21","guid":{"rendered":"https:\/\/www.inet.edu.ar\/?p=20738"},"modified":"2017-08-03T16:30:36","modified_gmt":"2017-08-03T19:30:36","slug":"el-inet-presente-en-el-consejo-federal-de-educacion-en-santiago-del-estero","status":"publish","type":"post","link":"https:\/\/www.inet.edu.ar\/index.php\/el-inet-presente-en-el-consejo-federal-de-educacion-en-santiago-del-estero\/","title":{"rendered":"El INET presente en el Consejo Federal de Educaci\u00f3n en Santiago del Estero"},"content":{"rendered":"<p>El Consejo Federal de Educaci\u00f3n (CFE) re\u00fane al ministro de Educaci\u00f3n de la Naci\u00f3n junto a los\u00a0integrantes de su Gabinete y a los titulares de las carteras jurisdiccionales con el objetivo de debatir sobre las pol\u00edticas educativas a trav\u00e9s de un trabajo federal articulado.<\/p>\n<p>Ayer y hoy, en la ciudad de Termas de R\u00edo Hondo, se realiz\u00f3 la 82\u00b0 Asamblea del CFE.\u00a0El INET estuvo presente\u00a0a trav\u00e9s de su director ejecutivo, Leandro Goroyesky.<\/p>\n<p>Se trat\u00f3 de la primera reuni\u00f3n de Alejandro Finocchiaro\u00a0como ministro nacional quien, en su presentaci\u00f3n, destac\u00f3 la labor desarrollada por sus pares provinciales y se comprometi\u00f3 a dar lo mejor de s\u00ed en su nuevo rol de presidente del organismo.<\/p>\n<p>Durante la Asamblea, se trataron temas como evaluaci\u00f3n, autoevaluaci\u00f3n, educaci\u00f3n a distancia, entre otros.<\/p>\n<p>En el d\u00eda de ayer cerr\u00f3 la jornada de trabajo la gobernadora de la provincia anfitriona,\u00a0Claudia Ledesma Abdala de Zamora.<\/p>\n<p><strong>Enlaces relacionados<\/strong><\/p>\n<p><a href=\"https:\/\/www.facebook.com\/educacionAR\/\">Video\u00a0del 82\u00b0encuentro del Consejo Federal de Educaci\u00f3n &#8211; P\u00e1g. de Facebook Ministerio de Educaci\u00f3n de la Naci\u00f3n\u00a0<\/a><\/p>\n<p><strong>Galer\u00eda de im\u00e1genes<\/strong><\/p>\n\n\t\t<style type=\"text\/css\">\n\t\t\t#gallery-1 {\n\t\t\t\tmargin: auto;\n\t\t\t}\n\t\t\t#gallery-1 .gallery-item {\n\t\t\t\tfloat: left;\n\t\t\t\tmargin-top: 10px;\n\t\t\t\ttext-align: center;\n\t\t\t\twidth: 33%;\n\t\t\t}\n\t\t\t#gallery-1 img {\n\t\t\t\tborder: 2px solid #cfcfcf;\n\t\t\t}\n\t\t\t#gallery-1 .gallery-caption {\n\t\t\t\tmargin-left: 0;\n\t\t\t}\n\t\t\t\/* see gallery_shortcode() in wp-includes\/media.php *\/\n\t\t<\/style>\n\t\t<div id='gallery-1' class='gallery galleryid-20738 gallery-columns-3 gallery-size-medium'><dl class='gallery-item'>\n\t\t\t<dt class='gallery-icon landscape'>\n\t\t\t\t<a href='https:\/\/www.inet.edu.ar\/index.php\/el-inet-presente-en-el-consejo-federal-de-educacion-en-santiago-del-estero\/_dsc4685\/#main'><img loading=\"lazy\" decoding=\"async\" width=\"240\" height=\"160\" src=\"https:\/\/www.inet.edu.ar\/wp-content\/uploads\/2017\/08\/DSC4685-240x160.jpg\" class=\"attachment-medium size-medium\" alt=\"\" srcset=\"https:\/\/www.inet.edu.ar\/wp-content\/uploads\/2017\/08\/DSC4685-240x160.jpg 240w, https:\/\/www.inet.edu.ar\/wp-content\/uploads\/2017\/08\/DSC4685-150x100.jpg 150w, https:\/\/www.inet.edu.ar\/wp-content\/uploads\/2017\/08\/DSC4685-768x512.jpg 768w, https:\/\/www.inet.edu.ar\/wp-content\/uploads\/2017\/08\/DSC4685-468x312.jpg 468w, https:\/\/www.inet.edu.ar\/wp-content\/uploads\/2017\/08\/DSC4685.jpg 1208w\" sizes=\"auto, (max-width: 240px) 100vw, 240px\" \/><\/a>\n\t\t\t<\/dt><\/dl><dl class='gallery-item'>\n\t\t\t<dt class='gallery-icon landscape'>\n\t\t\t\t<a href='https:\/\/www.inet.edu.ar\/index.php\/el-inet-presente-en-el-consejo-federal-de-educacion-en-santiago-del-estero\/_dsc4964\/#main'><img loading=\"lazy\" decoding=\"async\" width=\"240\" height=\"160\" src=\"https:\/\/www.inet.edu.ar\/wp-content\/uploads\/2017\/08\/DSC4964-240x160.jpg\" class=\"attachment-medium size-medium\" alt=\"\" srcset=\"https:\/\/www.inet.edu.ar\/wp-content\/uploads\/2017\/08\/DSC4964-240x160.jpg 240w, https:\/\/www.inet.edu.ar\/wp-content\/uploads\/2017\/08\/DSC4964-150x100.jpg 150w, https:\/\/www.inet.edu.ar\/wp-content\/uploads\/2017\/08\/DSC4964-768x512.jpg 768w, https:\/\/www.inet.edu.ar\/wp-content\/uploads\/2017\/08\/DSC4964-468x312.jpg 468w, https:\/\/www.inet.edu.ar\/wp-content\/uploads\/2017\/08\/DSC4964.jpg 1208w\" sizes=\"auto, (max-width: 240px) 100vw, 240px\" \/><\/a>\n\t\t\t<\/dt><\/dl><dl class='gallery-item'>\n\t\t\t<dt class='gallery-icon landscape'>\n\t\t\t\t<a href='https:\/\/www.inet.edu.ar\/index.php\/el-inet-presente-en-el-consejo-federal-de-educacion-en-santiago-del-estero\/_dsc4973\/#main'><img loading=\"lazy\" decoding=\"async\" width=\"240\" height=\"160\" src=\"https:\/\/www.inet.edu.ar\/wp-content\/uploads\/2017\/08\/DSC4973-240x160.jpg\" class=\"attachment-medium size-medium\" alt=\"\" srcset=\"https:\/\/www.inet.edu.ar\/wp-content\/uploads\/2017\/08\/DSC4973-240x160.jpg 240w, https:\/\/www.inet.edu.ar\/wp-content\/uploads\/2017\/08\/DSC4973-150x100.jpg 150w, https:\/\/www.inet.edu.ar\/wp-content\/uploads\/2017\/08\/DSC4973-768x512.jpg 768w, https:\/\/www.inet.edu.ar\/wp-content\/uploads\/2017\/08\/DSC4973-468x312.jpg 468w, https:\/\/www.inet.edu.ar\/wp-content\/uploads\/2017\/08\/DSC4973.jpg 1208w\" sizes=\"auto, (max-width: 240px) 100vw, 240px\" \/><\/a>\n\t\t\t<\/dt><\/dl><br style=\"clear: both\" \/><dl class='gallery-item'>\n\t\t\t<dt class='gallery-icon landscape'>\n\t\t\t\t<a href='https:\/\/www.inet.edu.ar\/index.php\/el-inet-presente-en-el-consejo-federal-de-educacion-en-santiago-del-estero\/1-53\/#main'><img loading=\"lazy\" decoding=\"async\" width=\"240\" height=\"160\" src=\"https:\/\/www.inet.edu.ar\/wp-content\/uploads\/2017\/08\/1-240x160.jpg\" class=\"attachment-medium size-medium\" alt=\"\" srcset=\"https:\/\/www.inet.edu.ar\/wp-content\/uploads\/2017\/08\/1-240x160.jpg 240w, https:\/\/www.inet.edu.ar\/wp-content\/uploads\/2017\/08\/1-150x100.jpg 150w, https:\/\/www.inet.edu.ar\/wp-content\/uploads\/2017\/08\/1-768x512.jpg 768w, https:\/\/www.inet.edu.ar\/wp-content\/uploads\/2017\/08\/1-468x312.jpg 468w, https:\/\/www.inet.edu.ar\/wp-content\/uploads\/2017\/08\/1.jpg 2048w\" sizes=\"auto, (max-width: 240px) 100vw, 240px\" \/><\/a>\n\t\t\t<\/dt><\/dl><dl class='gallery-item'>\n\t\t\t<dt class='gallery-icon landscape'>\n\t\t\t\t<a href='https:\/\/www.inet.edu.ar\/index.php\/el-inet-presente-en-el-consejo-federal-de-educacion-en-santiago-del-estero\/3-30\/#main'><img loading=\"lazy\" decoding=\"async\" width=\"240\" height=\"160\" src=\"https:\/\/www.inet.edu.ar\/wp-content\/uploads\/2017\/08\/3-240x160.jpg\" class=\"attachment-medium size-medium\" alt=\"\" srcset=\"https:\/\/www.inet.edu.ar\/wp-content\/uploads\/2017\/08\/3-240x160.jpg 240w, https:\/\/www.inet.edu.ar\/wp-content\/uploads\/2017\/08\/3-150x100.jpg 150w, https:\/\/www.inet.edu.ar\/wp-content\/uploads\/2017\/08\/3-768x512.jpg 768w, https:\/\/www.inet.edu.ar\/wp-content\/uploads\/2017\/08\/3-468x312.jpg 468w, https:\/\/www.inet.edu.ar\/wp-content\/uploads\/2017\/08\/3.jpg 2048w\" sizes=\"auto, (max-width: 240px) 100vw, 240px\" \/><\/a>\n\t\t\t<\/dt><\/dl><dl class='gallery-item'>\n\t\t\t<dt class='gallery-icon landscape'>\n\t\t\t\t<a href='https:\/\/www.inet.edu.ar\/index.php\/el-inet-presente-en-el-consejo-federal-de-educacion-en-santiago-del-estero\/20616837_1391506997611354_7920069226318985810_o\/#main'><img loading=\"lazy\" decoding=\"async\" width=\"240\" height=\"160\" src=\"https:\/\/www.inet.edu.ar\/wp-content\/uploads\/2017\/08\/20616837_1391506997611354_7920069226318985810_o-240x160.jpg\" class=\"attachment-medium size-medium\" alt=\"\" srcset=\"https:\/\/www.inet.edu.ar\/wp-content\/uploads\/2017\/08\/20616837_1391506997611354_7920069226318985810_o-240x160.jpg 240w, https:\/\/www.inet.edu.ar\/wp-content\/uploads\/2017\/08\/20616837_1391506997611354_7920069226318985810_o-150x100.jpg 150w, https:\/\/www.inet.edu.ar\/wp-content\/uploads\/2017\/08\/20616837_1391506997611354_7920069226318985810_o-768x512.jpg 768w, https:\/\/www.inet.edu.ar\/wp-content\/uploads\/2017\/08\/20616837_1391506997611354_7920069226318985810_o-468x312.jpg 468w, https:\/\/www.inet.edu.ar\/wp-content\/uploads\/2017\/08\/20616837_1391506997611354_7920069226318985810_o.jpg 2048w\" sizes=\"auto, (max-width: 240px) 100vw, 240px\" \/><\/a>\n\t\t\t<\/dt><\/dl><br style=\"clear: both\" \/>\n\t\t<\/div>\n\n","protected":false},"excerpt":{"rendered":"<p>El Consejo Federal de Educaci\u00f3n (CFE) re\u00fane al ministro de Educaci\u00f3n de la Naci\u00f3n junto a los\u00a0integrantes de su Gabinete y a los titulares de las carteras jurisdiccionales con el objetivo de debatir sobre las pol\u00edticas educativas a trav\u00e9s de un trabajo federal articulado. Ayer y hoy, en la ciudad de Termas de R\u00edo Hondo, [&hellip;]<\/p>\n","protected":false},"author":7,"featured_media":20741,"comment_status":"closed","ping_status":"open","sticky":false,"template":"","format":"standard","meta":{"footnotes":""},"categories":[1,14],"tags":[149],"class_list":["post-20738","post","type-post","status-publish","format-standard","has-post-thumbnail","hentry","category-noticias","category-noticias-fijas","tag-consejo-federal-de-educacion"],"_links":{"self":[{"href":"https:\/\/www.inet.edu.ar\/index.php\/wp-json\/wp\/v2\/posts\/20738","targetHints":{"allow":["GET"]}}],"collection":[{"href":"https:\/\/www.inet.edu.ar\/index.php\/wp-json\/wp\/v2\/posts"}],"about":[{"href":"https:\/\/www.inet.edu.ar\/index.php\/wp-json\/wp\/v2\/types\/post"}],"author":[{"embeddable":true,"href":"https:\/\/www.inet.edu.ar\/index.php\/wp-json\/wp\/v2\/users\/7"}],"replies":[{"embeddable":true,"href":"https:\/\/www.inet.edu.ar\/index.php\/wp-json\/wp\/v2\/comments?post=20738"}],"version-history":[{"count":6,"href":"https:\/\/www.inet.edu.ar\/index.php\/wp-json\/wp\/v2\/posts\/20738\/revisions"}],"predecessor-version":[{"id":20752,"href":"https:\/\/www.inet.edu.ar\/index.php\/wp-json\/wp\/v2\/posts\/20738\/revisions\/20752"}],"wp:featuredmedia":[{"embeddable":true,"href":"https:\/\/www.inet.edu.ar\/index.php\/wp-json\/wp\/v2\/media\/20741"}],"wp:attachment":[{"href":"https:\/\/www.inet.edu.ar\/index.php\/wp-json\/wp\/v2\/media?parent=20738"}],"wp:term":[{"taxonomy":"category","embeddable":true,"href":"https:\/\/www.inet.edu.ar\/index.php\/wp-json\/wp\/v2\/categories?post=20738"},{"taxonomy":"post_tag","embeddable":true,"href":"https:\/\/www.inet.edu.ar\/index.php\/wp-json\/wp\/v2\/tags?post=20738"}],"curies":[{"name":"wp","href":"https:\/\/api.w.org\/{rel}","templated":true}]}}