{"id":20841,"date":"2017-08-10T16:11:39","date_gmt":"2017-08-10T19:11:39","guid":{"rendered":"https:\/\/www.inet.edu.ar\/?p=20841"},"modified":"2017-08-10T16:11:39","modified_gmt":"2017-08-10T19:11:39","slug":"comision-tecnica-de-construcciones-en-madera-articulando-politicas-entre-estado-sindicatos-y-sector-productivo","status":"publish","type":"post","link":"https:\/\/www.inet.edu.ar\/index.php\/comision-tecnica-de-construcciones-en-madera-articulando-politicas-entre-estado-sindicatos-y-sector-productivo\/","title":{"rendered":"Comisi\u00f3n t\u00e9cnica de Construcciones en madera: articulando pol\u00edticas entre estado, sindicatos y sector productivo"},"content":{"rendered":"<p>CABA<\/p>\n<p>Realizamos hoy en el INET una comisi\u00f3n t\u00e9cnica del sector Construcciones con madera. Encabezaron la reuni\u00f3n parte del equipo del <a href=\"https:\/\/www.inet.edu.ar\/index.php\/institucional\/conetyp\/\">Consejo Nacional de Educaci\u00f3n, Trabajo y Producci\u00f3n (CoNETyP)<\/a>.<\/p>\n<p>Durante la misma, trabajamos sobre el desarrollo de perfiles profesionales en el sector con el fin de promover este tipo de construcciones.<\/p>\n<p>Participaron representantes del INTI Madera; Instituto Nacional de Tecnolog\u00eda Industrial (INTA);\u00a0Ministerio de Trabajo;\u00a0Ministerio de Agroindustria (Subsecretar\u00eda de Desarrollo Foresto Industrial);\u00a0Ministerio del Interior, Obras P\u00fablicas y Vivienda(Subsecretar\u00eda de Desarrollo Urbano y Vivienda);\u00a0Asociaci\u00f3n Forestal Argentina (AFOA); Asociaci\u00f3n de Productores, Industriales y Comerciantes forestales de Misiones y Norte de Corrientes (APICOFORM); Asociaci\u00f3n Civil del Plan Estrat\u00e9gico Foresto Industrial de Corrientes (APEFIC); C\u00e1mara de Empresarios Madereros y Afines (CEMA); C\u00e1mara Empresaria de Desarrolladores Urbanos de la Rep\u00fablica Argentina (CEDU);\u00a0EL Domuyo Arq.\u00a0Estudio 2424 Arquitectura; Federaci\u00f3n Argentina de Colegios de T\u00e9cnicos (FACTec); Federaci\u00f3n Argentina de la Industria Maderera y Afines (FAIMA); Foro Nacional de Profesionales T\u00e9cnicos (FNPT); \u00a0Instituto de Estad\u00edstica y Registro de la Industria de la construcci\u00f3n (IERIC);\u00a0UOCRA- Uni\u00f3n Obrera de la Construcci\u00f3n Fundaci\u00f3n UOCRA;\u00a0UDA;\u00a0Viviendas Abuelo Sixto; entre otros.<\/p>\n<p>Seg\u00fan el INTI, la madera es <em>\u00abun recurso v\u00e1lido para construcciones seguras y de calidad, y una importante alternativa para la construcci\u00f3n de viviendas antis\u00edsmicas.\u00a0(&#8230;)\u00a0Este material es renovable, sencillo de trabajar, antis\u00edsmico, de gran resistencia, presenta baja conductividad t\u00e9rmica, con ahorro de calefacci\u00f3n, buena relaci\u00f3n dureza-peso, es f\u00e1cil de trasladar, tiene alto grado de prefabricaci\u00f3n, con ganancia de superficie. Permite la construcci\u00f3n en seco, con herramientas sencillas y en alturas de varios pisos. Al ser un elemento vivo, acompa\u00f1a los cambios clim\u00e1ticos a los que est\u00e1 expuesto y los costos son similares a los de una construcci\u00f3n tradicional, aunque logrando el cambio cultural, deber\u00eda ser m\u00e1s econ\u00f3mica\u00bb<\/em>.<\/p>\n<p><strong>Noticias relacionadas<\/strong><\/p>\n<p><a href=\"https:\/\/www.inti.gob.ar\/noticiero\/noticiero304.htm\">\u00abMadera para vivir\u00bb &#8211;\u00a0Noticiero Tecnol\u00f3gico Semanal N\u00b0 304 del INTI<\/a><\/p>\n<p>&nbsp;<\/p>\n<p>&nbsp;<\/p>\n","protected":false},"excerpt":{"rendered":"<p>CABA Realizamos hoy en el INET una comisi\u00f3n t\u00e9cnica del sector Construcciones con madera. Encabezaron la reuni\u00f3n parte del equipo del Consejo Nacional de Educaci\u00f3n, Trabajo y Producci\u00f3n (CoNETyP). Durante la misma, trabajamos sobre el desarrollo de perfiles profesionales en el sector con el fin de promover este tipo de construcciones. Participaron representantes del INTI [&hellip;]<\/p>\n","protected":false},"author":7,"featured_media":20847,"comment_status":"closed","ping_status":"open","sticky":false,"template":"","format":"standard","meta":{"footnotes":""},"categories":[1,14],"tags":[],"class_list":["post-20841","post","type-post","status-publish","format-standard","has-post-thumbnail","hentry","category-noticias","category-noticias-fijas"],"_links":{"self":[{"href":"https:\/\/www.inet.edu.ar\/index.php\/wp-json\/wp\/v2\/posts\/20841","targetHints":{"allow":["GET"]}}],"collection":[{"href":"https:\/\/www.inet.edu.ar\/index.php\/wp-json\/wp\/v2\/posts"}],"about":[{"href":"https:\/\/www.inet.edu.ar\/index.php\/wp-json\/wp\/v2\/types\/post"}],"author":[{"embeddable":true,"href":"https:\/\/www.inet.edu.ar\/index.php\/wp-json\/wp\/v2\/users\/7"}],"replies":[{"embeddable":true,"href":"https:\/\/www.inet.edu.ar\/index.php\/wp-json\/wp\/v2\/comments?post=20841"}],"version-history":[{"count":6,"href":"https:\/\/www.inet.edu.ar\/index.php\/wp-json\/wp\/v2\/posts\/20841\/revisions"}],"predecessor-version":[{"id":20848,"href":"https:\/\/www.inet.edu.ar\/index.php\/wp-json\/wp\/v2\/posts\/20841\/revisions\/20848"}],"wp:featuredmedia":[{"embeddable":true,"href":"https:\/\/www.inet.edu.ar\/index.php\/wp-json\/wp\/v2\/media\/20847"}],"wp:attachment":[{"href":"https:\/\/www.inet.edu.ar\/index.php\/wp-json\/wp\/v2\/media?parent=20841"}],"wp:term":[{"taxonomy":"category","embeddable":true,"href":"https:\/\/www.inet.edu.ar\/index.php\/wp-json\/wp\/v2\/categories?post=20841"},{"taxonomy":"post_tag","embeddable":true,"href":"https:\/\/www.inet.edu.ar\/index.php\/wp-json\/wp\/v2\/tags?post=20841"}],"curies":[{"name":"wp","href":"https:\/\/api.w.org\/{rel}","templated":true}]}}