{"id":20978,"date":"2017-08-24T17:55:13","date_gmt":"2017-08-24T20:55:13","guid":{"rendered":"https:\/\/www.inet.edu.ar\/?p=20978"},"modified":"2017-08-28T17:43:19","modified_gmt":"2017-08-28T20:43:19","slug":"capacitacion-en-autoevaluacion-institucional-en-las-provincias","status":"publish","type":"post","link":"https:\/\/www.inet.edu.ar\/index.php\/capacitacion-en-autoevaluacion-institucional-en-las-provincias\/","title":{"rendered":"Capacitaci\u00f3n en Autoevaluaci\u00f3n Institucional en las provincias"},"content":{"rendered":"<p>Con el objetivo de capacitar a directivos y docentes de instituciones t\u00e9cnicas, equipo de Autoevaluaci\u00f3n Institucional (AEI) del INET viaj\u00f3 esta semana a C\u00f3rdoba y Mendoza.<\/p>\n<p>Durante las jornadas, trataron tem\u00e1ticas relacionadas con el marco institucional y metodol\u00f3gico del proceso de AEI, las dimensiones a evaluar en educaci\u00f3n t\u00e9cnica, los instrumentos y etapas del relevamiento de informaci\u00f3n en escuelas, la elaboraci\u00f3n de proyecto colectivo de fortalecimiento institucional, entre otras.<\/p>\n<p>La\u00a0<a href=\"https:\/\/www.inet.edu.ar\/index.php\/estudios-investigaciones\/autoevaluacion-institucional\/\">Autoevaluaci\u00f3n Institucional (AEI)<\/a>\u00a0es un proceso que, con la participaci\u00f3n de directivos, docentes y alumnos, brinda la posibilidad de que las instituciones de Educaci\u00f3n T\u00e9cnico Profesional realicen un diagn\u00f3stico sobre sus fortalezas, debilidades y desaf\u00edos.<\/p>\n<p><strong>Galer\u00eda de im\u00e1genes<\/strong><\/p>\n<p>C\u00f3rdoba: Gentileza prensa de la Direcci\u00f3n de Educaci\u00f3n T\u00e9cnico Profesional<a href=\"https:\/\/www.inet.edu.ar\/wp-content\/uploads\/2017\/08\/20988204_1236624076442169_6982158427386540023_o.jpg\"><br \/>\n<\/a><\/p>\n\n\t\t<style type=\"text\/css\">\n\t\t\t#gallery-1 {\n\t\t\t\tmargin: auto;\n\t\t\t}\n\t\t\t#gallery-1 .gallery-item {\n\t\t\t\tfloat: left;\n\t\t\t\tmargin-top: 10px;\n\t\t\t\ttext-align: center;\n\t\t\t\twidth: 50%;\n\t\t\t}\n\t\t\t#gallery-1 img {\n\t\t\t\tborder: 2px solid #cfcfcf;\n\t\t\t}\n\t\t\t#gallery-1 .gallery-caption {\n\t\t\t\tmargin-left: 0;\n\t\t\t}\n\t\t\t\/* see gallery_shortcode() in wp-includes\/media.php *\/\n\t\t<\/style>\n\t\t<div id='gallery-1' class='gallery galleryid-20978 gallery-columns-2 gallery-size-medium'><dl class='gallery-item'>\n\t\t\t<dt class='gallery-icon landscape'>\n\t\t\t\t<a href='https:\/\/www.inet.edu.ar\/index.php\/capacitacion-en-autoevaluacion-institucional-en-las-provincias\/20988204_1236624076442169_6982158427386540023_o\/#main'><img loading=\"lazy\" decoding=\"async\" width=\"240\" height=\"180\" src=\"https:\/\/www.inet.edu.ar\/wp-content\/uploads\/2017\/08\/20988204_1236624076442169_6982158427386540023_o-240x180.jpg\" class=\"attachment-medium size-medium\" alt=\"\" srcset=\"https:\/\/www.inet.edu.ar\/wp-content\/uploads\/2017\/08\/20988204_1236624076442169_6982158427386540023_o-240x180.jpg 240w, https:\/\/www.inet.edu.ar\/wp-content\/uploads\/2017\/08\/20988204_1236624076442169_6982158427386540023_o-768x576.jpg 768w, https:\/\/www.inet.edu.ar\/wp-content\/uploads\/2017\/08\/20988204_1236624076442169_6982158427386540023_o-468x351.jpg 468w, https:\/\/www.inet.edu.ar\/wp-content\/uploads\/2017\/08\/20988204_1236624076442169_6982158427386540023_o.jpg 1152w\" sizes=\"auto, (max-width: 240px) 100vw, 240px\" \/><\/a>\n\t\t\t<\/dt><\/dl><dl class='gallery-item'>\n\t\t\t<dt class='gallery-icon landscape'>\n\t\t\t\t<a href='https:\/\/www.inet.edu.ar\/index.php\/capacitacion-en-autoevaluacion-institucional-en-las-provincias\/21055339_1236624009775509_4902768166559534424_o\/#main'><img loading=\"lazy\" decoding=\"async\" width=\"240\" height=\"180\" src=\"https:\/\/www.inet.edu.ar\/wp-content\/uploads\/2017\/08\/21055339_1236624009775509_4902768166559534424_o-240x180.jpg\" class=\"attachment-medium size-medium\" alt=\"\" srcset=\"https:\/\/www.inet.edu.ar\/wp-content\/uploads\/2017\/08\/21055339_1236624009775509_4902768166559534424_o-240x180.jpg 240w, https:\/\/www.inet.edu.ar\/wp-content\/uploads\/2017\/08\/21055339_1236624009775509_4902768166559534424_o-768x576.jpg 768w, https:\/\/www.inet.edu.ar\/wp-content\/uploads\/2017\/08\/21055339_1236624009775509_4902768166559534424_o-468x351.jpg 468w, https:\/\/www.inet.edu.ar\/wp-content\/uploads\/2017\/08\/21055339_1236624009775509_4902768166559534424_o.jpg 1152w\" sizes=\"auto, (max-width: 240px) 100vw, 240px\" \/><\/a>\n\t\t\t<\/dt><\/dl><br style=\"clear: both\" \/>\n\t\t<\/div>\n\n<p>Mendoza: Se capacitaron 71 escuelas, con 142 directivos.<\/p>\n\n\t\t<style type=\"text\/css\">\n\t\t\t#gallery-2 {\n\t\t\t\tmargin: auto;\n\t\t\t}\n\t\t\t#gallery-2 .gallery-item {\n\t\t\t\tfloat: left;\n\t\t\t\tmargin-top: 10px;\n\t\t\t\ttext-align: center;\n\t\t\t\twidth: 50%;\n\t\t\t}\n\t\t\t#gallery-2 img {\n\t\t\t\tborder: 2px solid #cfcfcf;\n\t\t\t}\n\t\t\t#gallery-2 .gallery-caption {\n\t\t\t\tmargin-left: 0;\n\t\t\t}\n\t\t\t\/* see gallery_shortcode() in wp-includes\/media.php *\/\n\t\t<\/style>\n\t\t<div id='gallery-2' class='gallery galleryid-20978 gallery-columns-2 gallery-size-medium'><dl class='gallery-item'>\n\t\t\t<dt class='gallery-icon landscape'>\n\t\t\t\t<a href='https:\/\/www.inet.edu.ar\/index.php\/capacitacion-en-autoevaluacion-institucional-en-las-provincias\/1-65\/#main'><img loading=\"lazy\" decoding=\"async\" width=\"240\" height=\"180\" src=\"https:\/\/www.inet.edu.ar\/wp-content\/uploads\/2017\/08\/1-10-240x180.jpg\" class=\"attachment-medium size-medium\" alt=\"\" srcset=\"https:\/\/www.inet.edu.ar\/wp-content\/uploads\/2017\/08\/1-10-240x180.jpg 240w, https:\/\/www.inet.edu.ar\/wp-content\/uploads\/2017\/08\/1-10-768x576.jpg 768w, https:\/\/www.inet.edu.ar\/wp-content\/uploads\/2017\/08\/1-10-468x351.jpg 468w, https:\/\/www.inet.edu.ar\/wp-content\/uploads\/2017\/08\/1-10.jpg 1152w\" sizes=\"auto, (max-width: 240px) 100vw, 240px\" \/><\/a>\n\t\t\t<\/dt><\/dl><dl class='gallery-item'>\n\t\t\t<dt class='gallery-icon landscape'>\n\t\t\t\t<a href='https:\/\/www.inet.edu.ar\/index.php\/capacitacion-en-autoevaluacion-institucional-en-las-provincias\/2-49\/#main'><img loading=\"lazy\" decoding=\"async\" width=\"240\" height=\"180\" src=\"https:\/\/www.inet.edu.ar\/wp-content\/uploads\/2017\/08\/2-6-240x180.jpg\" class=\"attachment-medium size-medium\" alt=\"\" srcset=\"https:\/\/www.inet.edu.ar\/wp-content\/uploads\/2017\/08\/2-6-240x180.jpg 240w, https:\/\/www.inet.edu.ar\/wp-content\/uploads\/2017\/08\/2-6-768x576.jpg 768w, https:\/\/www.inet.edu.ar\/wp-content\/uploads\/2017\/08\/2-6-468x351.jpg 468w, https:\/\/www.inet.edu.ar\/wp-content\/uploads\/2017\/08\/2-6.jpg 1152w\" sizes=\"auto, (max-width: 240px) 100vw, 240px\" \/><\/a>\n\t\t\t<\/dt><\/dl><br style=\"clear: both\" \/>\n\t\t<\/div>\n\n<p>&nbsp;<\/p>\n<p>&nbsp;<\/p>\n","protected":false},"excerpt":{"rendered":"<p>Con el objetivo de capacitar a directivos y docentes de instituciones t\u00e9cnicas, equipo de Autoevaluaci\u00f3n Institucional (AEI) del INET viaj\u00f3 esta semana a C\u00f3rdoba y Mendoza. Durante las jornadas, trataron tem\u00e1ticas relacionadas con el marco institucional y metodol\u00f3gico del proceso de AEI, las dimensiones a evaluar en educaci\u00f3n t\u00e9cnica, los instrumentos y etapas del relevamiento [&hellip;]<\/p>\n","protected":false},"author":7,"featured_media":20981,"comment_status":"closed","ping_status":"open","sticky":false,"template":"","format":"standard","meta":{"footnotes":""},"categories":[1,14],"tags":[170],"class_list":["post-20978","post","type-post","status-publish","format-standard","has-post-thumbnail","hentry","category-noticias","category-noticias-fijas","tag-autoevaluacion-institucional"],"_links":{"self":[{"href":"https:\/\/www.inet.edu.ar\/index.php\/wp-json\/wp\/v2\/posts\/20978","targetHints":{"allow":["GET"]}}],"collection":[{"href":"https:\/\/www.inet.edu.ar\/index.php\/wp-json\/wp\/v2\/posts"}],"about":[{"href":"https:\/\/www.inet.edu.ar\/index.php\/wp-json\/wp\/v2\/types\/post"}],"author":[{"embeddable":true,"href":"https:\/\/www.inet.edu.ar\/index.php\/wp-json\/wp\/v2\/users\/7"}],"replies":[{"embeddable":true,"href":"https:\/\/www.inet.edu.ar\/index.php\/wp-json\/wp\/v2\/comments?post=20978"}],"version-history":[{"count":7,"href":"https:\/\/www.inet.edu.ar\/index.php\/wp-json\/wp\/v2\/posts\/20978\/revisions"}],"predecessor-version":[{"id":21037,"href":"https:\/\/www.inet.edu.ar\/index.php\/wp-json\/wp\/v2\/posts\/20978\/revisions\/21037"}],"wp:featuredmedia":[{"embeddable":true,"href":"https:\/\/www.inet.edu.ar\/index.php\/wp-json\/wp\/v2\/media\/20981"}],"wp:attachment":[{"href":"https:\/\/www.inet.edu.ar\/index.php\/wp-json\/wp\/v2\/media?parent=20978"}],"wp:term":[{"taxonomy":"category","embeddable":true,"href":"https:\/\/www.inet.edu.ar\/index.php\/wp-json\/wp\/v2\/categories?post=20978"},{"taxonomy":"post_tag","embeddable":true,"href":"https:\/\/www.inet.edu.ar\/index.php\/wp-json\/wp\/v2\/tags?post=20978"}],"curies":[{"name":"wp","href":"https:\/\/api.w.org\/{rel}","templated":true}]}}