{"id":21011,"date":"2017-08-25T17:21:49","date_gmt":"2017-08-25T20:21:49","guid":{"rendered":"https:\/\/www.inet.edu.ar\/?p=21011"},"modified":"2017-08-25T19:26:38","modified_gmt":"2017-08-25T22:26:38","slug":"entregamos-certificados-a-formadores-en-energias-renovables","status":"publish","type":"post","link":"https:\/\/www.inet.edu.ar\/index.php\/entregamos-certificados-a-formadores-en-energias-renovables\/","title":{"rendered":"Entregamos certificados a formadores en Energ\u00edas Renovables"},"content":{"rendered":"<p>CABA<\/p>\n<p>En el d\u00eda de hoy realizamos la entrega de certificados a los docentes participantes del <em>Curso de Formaci\u00f3n de Formadores en Energ\u00edas Renovables\u00a0<\/em>que realizamos junto a la Fundaci\u00f3n YPF.<\/p>\n<p>Este\u00a0curso<em>\u00a0<\/em>es parte de un trabajo de colaboraci\u00f3n entre el INET, la FYPF y el Ministerio de Energ\u00eda y Miner\u00eda de la Naci\u00f3n y tiene como objetivo realizar capacitaciones a formadores de\u00a0todo el pa\u00eds.\u00a0Durante esta semana, participaron docentes de Misiones, Jujuy, Salta, Catamarca, Formosa, La Rioja, Corrientes y CABA.<\/p>\n<p>En los meses de septiembre y noviembre se replicar\u00e1 la capacitaci\u00f3n en Neuqu\u00e9n, R\u00edo Negro y Mendoza. El a\u00f1o que viene se realizar\u00e1 en otras provincias.<\/p>\n<p>Encabezaron el acto de entrega de certificados la directora nacional de Asuntos Federales, Mar\u00eda Jos\u00e9 Licio Rinaldi; el coordinador de Educaci\u00f3n Secundaria, Ricardo De Gisi; y\u00a0el coordinador del Programa Red de Formaci\u00f3n en Oficios Fundaci\u00f3n YPF, Pedro Angulo.<\/p>\n<p><em>\u00abDesde el INET nos enorgullece formar parte de esta pol\u00edtica de formaci\u00f3n en Energ\u00edas Renovables. Deseamos que hayan desarrollado las habilidades t\u00e9cnicas y pedag\u00f3gicas y que las puedan retransmitir\u00bb<\/em>, afirm\u00f3 Licio Rinaldi.<\/p>\n<p><strong>Noticias relacionadas<\/strong><\/p>\n<p><a href=\"https:\/\/www.inet.edu.ar\/index.php\/capacitando-formadores-en-energias-renovables-junto-a-la-fundacion-ypf\/\">\u00abCapacitando formadores en Energ\u00edas Renovables junto a la Fundaci\u00f3n YPF\u00bb<\/a><\/p>\n<p>\u00c1lbum de fotos:\u00a0<a href=\"https:\/\/www.facebook.com\/pg\/INET.ETP\/photos\/?tab=album&amp;album_id=867180906779804\">\u00abEntrega de Certificados en Energ\u00edas Renovables\u00bb- P\u00e1g. de Facebook<\/a><\/p>\n<p>&nbsp;<\/p>\n","protected":false},"excerpt":{"rendered":"<p>CABA En el d\u00eda de hoy realizamos la entrega de certificados a los docentes participantes del Curso de Formaci\u00f3n de Formadores en Energ\u00edas Renovables\u00a0que realizamos junto a la Fundaci\u00f3n YPF. Este\u00a0curso\u00a0es parte de un trabajo de colaboraci\u00f3n entre el INET, la FYPF y el Ministerio de Energ\u00eda y Miner\u00eda de la Naci\u00f3n y tiene como [&hellip;]<\/p>\n","protected":false},"author":7,"featured_media":21023,"comment_status":"closed","ping_status":"open","sticky":false,"template":"","format":"standard","meta":{"footnotes":""},"categories":[1,14],"tags":[235],"class_list":["post-21011","post","type-post","status-publish","format-standard","has-post-thumbnail","hentry","category-noticias","category-noticias-fijas","tag-energias-renovables"],"_links":{"self":[{"href":"https:\/\/www.inet.edu.ar\/index.php\/wp-json\/wp\/v2\/posts\/21011","targetHints":{"allow":["GET"]}}],"collection":[{"href":"https:\/\/www.inet.edu.ar\/index.php\/wp-json\/wp\/v2\/posts"}],"about":[{"href":"https:\/\/www.inet.edu.ar\/index.php\/wp-json\/wp\/v2\/types\/post"}],"author":[{"embeddable":true,"href":"https:\/\/www.inet.edu.ar\/index.php\/wp-json\/wp\/v2\/users\/7"}],"replies":[{"embeddable":true,"href":"https:\/\/www.inet.edu.ar\/index.php\/wp-json\/wp\/v2\/comments?post=21011"}],"version-history":[{"count":10,"href":"https:\/\/www.inet.edu.ar\/index.php\/wp-json\/wp\/v2\/posts\/21011\/revisions"}],"predecessor-version":[{"id":21025,"href":"https:\/\/www.inet.edu.ar\/index.php\/wp-json\/wp\/v2\/posts\/21011\/revisions\/21025"}],"wp:featuredmedia":[{"embeddable":true,"href":"https:\/\/www.inet.edu.ar\/index.php\/wp-json\/wp\/v2\/media\/21023"}],"wp:attachment":[{"href":"https:\/\/www.inet.edu.ar\/index.php\/wp-json\/wp\/v2\/media?parent=21011"}],"wp:term":[{"taxonomy":"category","embeddable":true,"href":"https:\/\/www.inet.edu.ar\/index.php\/wp-json\/wp\/v2\/categories?post=21011"},{"taxonomy":"post_tag","embeddable":true,"href":"https:\/\/www.inet.edu.ar\/index.php\/wp-json\/wp\/v2\/tags?post=21011"}],"curies":[{"name":"wp","href":"https:\/\/api.w.org\/{rel}","templated":true}]}}