{"id":21551,"date":"2017-10-02T17:20:54","date_gmt":"2017-10-02T20:20:54","guid":{"rendered":"https:\/\/www.inet.edu.ar\/?p=21551"},"modified":"2017-10-02T17:20:54","modified_gmt":"2017-10-02T20:20:54","slug":"reunion-sectorial-de-alimentacion-vinculando-educacion-con-el-mundo-socioproductivo","status":"publish","type":"post","link":"https:\/\/www.inet.edu.ar\/index.php\/reunion-sectorial-de-alimentacion-vinculando-educacion-con-el-mundo-socioproductivo\/","title":{"rendered":"Reuni\u00f3n sectorial de Alimentaci\u00f3n: vinculando Educaci\u00f3n con el mundo socioproductivo"},"content":{"rendered":"<p>El viernes 29 de septiembre participamos de una reuni\u00f3n de la comisi\u00f3n sectorial de Alimentaci\u00f3n en un trabajo conjunto con los Ministerios de Trabajo y Agroindustria.<\/p>\n<p>Entre las tem\u00e1ticas, se trataron la necesidad de creaci\u00f3n y actualizaci\u00f3n de nuevos perfiles profesionales y marcos de referencia, y est\u00e1ndares de calidad.<\/p>\n<p>Encabezaron el encuentro el secretario permanente del CoNETyP, Marcelo Vaccaro; la directora nacional de Orientaci\u00f3n y Formaci\u00f3n Profesional (Ministerio de Trabajo, Empleo y Seguridad Social), Vanina Molinari; el director nacional de Producci\u00f3n de alimentos y bebidas (Agroindustria),\u00a0Eduardo Vilar; y\u00a0equipo t\u00e9cnico de la Subsecretar\u00eda de Pol\u00edticas de Empleo y Formaci\u00f3n Profesional.<\/p>\n<p>Participaron referentes de C\u00e1maras de la Industria Lechera, de la Industria Frigor\u00edfica, y de Pizzeros; y de asociaciones gremiales de l\u00e1cteos, pasteler\u00eda y frigor\u00edficos.<\/p>\n<p>Esta reuni\u00f3n es parte de las actividades del Consejo Nacional de Educaci\u00f3n, Trabajo y Producci\u00f3n (<a href=\"https:\/\/www.inet.edu.ar\/index.php\/institucional\/conetyp\/\">CoNETyP<\/a>) para coordinar pol\u00edticas conjuntas con el resto de los actores del estado.<\/p>\n<p><strong>Galer\u00eda de im\u00e1genes<\/strong><\/p>\n\n\t\t<style type=\"text\/css\">\n\t\t\t#gallery-1 {\n\t\t\t\tmargin: auto;\n\t\t\t}\n\t\t\t#gallery-1 .gallery-item {\n\t\t\t\tfloat: left;\n\t\t\t\tmargin-top: 10px;\n\t\t\t\ttext-align: center;\n\t\t\t\twidth: 33%;\n\t\t\t}\n\t\t\t#gallery-1 img {\n\t\t\t\tborder: 2px solid #cfcfcf;\n\t\t\t}\n\t\t\t#gallery-1 .gallery-caption {\n\t\t\t\tmargin-left: 0;\n\t\t\t}\n\t\t\t\/* see gallery_shortcode() in wp-includes\/media.php *\/\n\t\t<\/style>\n\t\t<div id='gallery-1' class='gallery galleryid-21551 gallery-columns-3 gallery-size-medium'><dl class='gallery-item'>\n\t\t\t<dt class='gallery-icon landscape'>\n\t\t\t\t<a href='https:\/\/www.inet.edu.ar\/index.php\/reunion-sectorial-de-alimentacion-vinculando-educacion-con-el-mundo-socioproductivo\/2-59\/#main'><img loading=\"lazy\" decoding=\"async\" width=\"240\" height=\"122\" src=\"https:\/\/www.inet.edu.ar\/wp-content\/uploads\/2017\/10\/2-1-240x122.jpg\" class=\"attachment-medium size-medium\" alt=\"\" srcset=\"https:\/\/www.inet.edu.ar\/wp-content\/uploads\/2017\/10\/2-1-240x122.jpg 240w, https:\/\/www.inet.edu.ar\/wp-content\/uploads\/2017\/10\/2-1-768x392.jpg 768w, https:\/\/www.inet.edu.ar\/wp-content\/uploads\/2017\/10\/2-1-468x239.jpg 468w, https:\/\/www.inet.edu.ar\/wp-content\/uploads\/2017\/10\/2-1.jpg 1024w\" sizes=\"auto, (max-width: 240px) 100vw, 240px\" \/><\/a>\n\t\t\t<\/dt><\/dl><dl class='gallery-item'>\n\t\t\t<dt class='gallery-icon landscape'>\n\t\t\t\t<a href='https:\/\/www.inet.edu.ar\/index.php\/reunion-sectorial-de-alimentacion-vinculando-educacion-con-el-mundo-socioproductivo\/3-43\/#main'><img loading=\"lazy\" decoding=\"async\" width=\"240\" height=\"122\" src=\"https:\/\/www.inet.edu.ar\/wp-content\/uploads\/2017\/10\/3-240x122.jpg\" class=\"attachment-medium size-medium\" alt=\"\" srcset=\"https:\/\/www.inet.edu.ar\/wp-content\/uploads\/2017\/10\/3-240x122.jpg 240w, https:\/\/www.inet.edu.ar\/wp-content\/uploads\/2017\/10\/3-768x392.jpg 768w, https:\/\/www.inet.edu.ar\/wp-content\/uploads\/2017\/10\/3-468x239.jpg 468w, https:\/\/www.inet.edu.ar\/wp-content\/uploads\/2017\/10\/3.jpg 1024w\" sizes=\"auto, (max-width: 240px) 100vw, 240px\" \/><\/a>\n\t\t\t<\/dt><\/dl><dl class='gallery-item'>\n\t\t\t<dt class='gallery-icon landscape'>\n\t\t\t\t<a href='https:\/\/www.inet.edu.ar\/index.php\/reunion-sectorial-de-alimentacion-vinculando-educacion-con-el-mundo-socioproductivo\/img-20171002-wa0005\/#main'><img loading=\"lazy\" decoding=\"async\" width=\"240\" height=\"122\" src=\"https:\/\/www.inet.edu.ar\/wp-content\/uploads\/2017\/10\/IMG-20171002-WA0005-240x122.jpg\" class=\"attachment-medium size-medium\" alt=\"\" srcset=\"https:\/\/www.inet.edu.ar\/wp-content\/uploads\/2017\/10\/IMG-20171002-WA0005-240x122.jpg 240w, https:\/\/www.inet.edu.ar\/wp-content\/uploads\/2017\/10\/IMG-20171002-WA0005-768x392.jpg 768w, https:\/\/www.inet.edu.ar\/wp-content\/uploads\/2017\/10\/IMG-20171002-WA0005-468x239.jpg 468w, https:\/\/www.inet.edu.ar\/wp-content\/uploads\/2017\/10\/IMG-20171002-WA0005.jpg 1024w\" sizes=\"auto, (max-width: 240px) 100vw, 240px\" \/><\/a>\n\t\t\t<\/dt><\/dl><br style=\"clear: both\" \/>\n\t\t<\/div>\n\n","protected":false},"excerpt":{"rendered":"<p>El viernes 29 de septiembre participamos de una reuni\u00f3n de la comisi\u00f3n sectorial de Alimentaci\u00f3n en un trabajo conjunto con los Ministerios de Trabajo y Agroindustria. Entre las tem\u00e1ticas, se trataron la necesidad de creaci\u00f3n y actualizaci\u00f3n de nuevos perfiles profesionales y marcos de referencia, y est\u00e1ndares de calidad. Encabezaron el encuentro el secretario permanente [&hellip;]<\/p>\n","protected":false},"author":7,"featured_media":21562,"comment_status":"closed","ping_status":"open","sticky":false,"template":"","format":"standard","meta":{"footnotes":""},"categories":[1,14],"tags":[24],"class_list":["post-21551","post","type-post","status-publish","format-standard","has-post-thumbnail","hentry","category-noticias","category-noticias-fijas","tag-conetyp"],"_links":{"self":[{"href":"https:\/\/www.inet.edu.ar\/index.php\/wp-json\/wp\/v2\/posts\/21551","targetHints":{"allow":["GET"]}}],"collection":[{"href":"https:\/\/www.inet.edu.ar\/index.php\/wp-json\/wp\/v2\/posts"}],"about":[{"href":"https:\/\/www.inet.edu.ar\/index.php\/wp-json\/wp\/v2\/types\/post"}],"author":[{"embeddable":true,"href":"https:\/\/www.inet.edu.ar\/index.php\/wp-json\/wp\/v2\/users\/7"}],"replies":[{"embeddable":true,"href":"https:\/\/www.inet.edu.ar\/index.php\/wp-json\/wp\/v2\/comments?post=21551"}],"version-history":[{"count":9,"href":"https:\/\/www.inet.edu.ar\/index.php\/wp-json\/wp\/v2\/posts\/21551\/revisions"}],"predecessor-version":[{"id":21563,"href":"https:\/\/www.inet.edu.ar\/index.php\/wp-json\/wp\/v2\/posts\/21551\/revisions\/21563"}],"wp:featuredmedia":[{"embeddable":true,"href":"https:\/\/www.inet.edu.ar\/index.php\/wp-json\/wp\/v2\/media\/21562"}],"wp:attachment":[{"href":"https:\/\/www.inet.edu.ar\/index.php\/wp-json\/wp\/v2\/media?parent=21551"}],"wp:term":[{"taxonomy":"category","embeddable":true,"href":"https:\/\/www.inet.edu.ar\/index.php\/wp-json\/wp\/v2\/categories?post=21551"},{"taxonomy":"post_tag","embeddable":true,"href":"https:\/\/www.inet.edu.ar\/index.php\/wp-json\/wp\/v2\/tags?post=21551"}],"curies":[{"name":"wp","href":"https:\/\/api.w.org\/{rel}","templated":true}]}}