{"id":21622,"date":"2017-10-09T12:54:38","date_gmt":"2017-10-09T15:54:38","guid":{"rendered":"https:\/\/www.inet.edu.ar\/?p=21622"},"modified":"2017-11-23T16:13:04","modified_gmt":"2017-11-23T19:13:04","slug":"encuentro-del-nuevo-profesorado-de-etp-en-misiones","status":"publish","type":"post","link":"https:\/\/www.inet.edu.ar\/index.php\/encuentro-del-nuevo-profesorado-de-etp-en-misiones\/","title":{"rendered":"Encuentro del Nuevo Profesorado de ETP en Misiones"},"content":{"rendered":"<p>Ober\u00e1, Misiones.<\/p>\n<p>El viernes 6 de octubre participamos del Primer Encuentro\u00a0Inter-sede\u00a0del Profesorado de Educaci\u00f3n T\u00e9cnico Profesional (ETP) en Misiones. La provincia es pionera en la implementaci\u00f3n del nuevo dise\u00f1o del Profesorado.<\/p>\n<p>Con m\u00e1s de\u00a0200 docentes de la modalidad,\u00a0se trataron tem\u00e1ticas relacionadas con las competencias docentes para el siglo XXI.<\/p>\n<p>Encabez\u00f3 el evento la ministra de Cultura, Educaci\u00f3n, Ciencia y Tecnolog\u00eda de Misiones, Ivonne Aquino; junto al subsecretario de ETP, Juan Alberto Galarza. Por parte del INET particip\u00f3 la responsable de Formaci\u00f3n Docente Inicial y Formaci\u00f3n Docente Continua, Judit Schneider.<\/p>\n<p><strong>Galer\u00eda de im\u00e1genes<\/strong><\/p>\n\n\t\t<style type=\"text\/css\">\n\t\t\t#gallery-1 {\n\t\t\t\tmargin: auto;\n\t\t\t}\n\t\t\t#gallery-1 .gallery-item {\n\t\t\t\tfloat: left;\n\t\t\t\tmargin-top: 10px;\n\t\t\t\ttext-align: center;\n\t\t\t\twidth: 25%;\n\t\t\t}\n\t\t\t#gallery-1 img {\n\t\t\t\tborder: 2px solid #cfcfcf;\n\t\t\t}\n\t\t\t#gallery-1 .gallery-caption {\n\t\t\t\tmargin-left: 0;\n\t\t\t}\n\t\t\t\/* see gallery_shortcode() in wp-includes\/media.php *\/\n\t\t<\/style>\n\t\t<div id='gallery-1' class='gallery galleryid-21622 gallery-columns-4 gallery-size-thumbnail'><dl class='gallery-item'>\n\t\t\t<dt class='gallery-icon landscape'>\n\t\t\t\t<a href='https:\/\/www.inet.edu.ar\/index.php\/encuentro-del-nuevo-profesorado-de-etp-en-misiones\/foto1-2\/#main'><img loading=\"lazy\" decoding=\"async\" width=\"150\" height=\"100\" src=\"https:\/\/www.inet.edu.ar\/wp-content\/uploads\/2017\/10\/Foto1-150x100.jpg\" class=\"attachment-thumbnail size-thumbnail\" alt=\"\" srcset=\"https:\/\/www.inet.edu.ar\/wp-content\/uploads\/2017\/10\/Foto1-150x100.jpg 150w, https:\/\/www.inet.edu.ar\/wp-content\/uploads\/2017\/10\/Foto1-240x161.jpg 240w, https:\/\/www.inet.edu.ar\/wp-content\/uploads\/2017\/10\/Foto1-768x515.jpg 768w, https:\/\/www.inet.edu.ar\/wp-content\/uploads\/2017\/10\/Foto1-468x314.jpg 468w, https:\/\/www.inet.edu.ar\/wp-content\/uploads\/2017\/10\/Foto1.jpg 1280w\" sizes=\"auto, (max-width: 150px) 100vw, 150px\" \/><\/a>\n\t\t\t<\/dt><\/dl><dl class='gallery-item'>\n\t\t\t<dt class='gallery-icon landscape'>\n\t\t\t\t<a href='https:\/\/www.inet.edu.ar\/index.php\/encuentro-del-nuevo-profesorado-de-etp-en-misiones\/foto2-4\/#main'><img loading=\"lazy\" decoding=\"async\" width=\"150\" height=\"100\" src=\"https:\/\/www.inet.edu.ar\/wp-content\/uploads\/2017\/10\/Foto2-150x100.jpg\" class=\"attachment-thumbnail size-thumbnail\" alt=\"\" \/><\/a>\n\t\t\t<\/dt><\/dl><dl class='gallery-item'>\n\t\t\t<dt class='gallery-icon landscape'>\n\t\t\t\t<a href='https:\/\/www.inet.edu.ar\/index.php\/encuentro-del-nuevo-profesorado-de-etp-en-misiones\/foto3\/#main'><img loading=\"lazy\" decoding=\"async\" width=\"150\" height=\"100\" src=\"https:\/\/www.inet.edu.ar\/wp-content\/uploads\/2017\/10\/Foto3-150x100.jpg\" class=\"attachment-thumbnail size-thumbnail\" alt=\"\" \/><\/a>\n\t\t\t<\/dt><\/dl><dl class='gallery-item'>\n\t\t\t<dt class='gallery-icon landscape'>\n\t\t\t\t<a href='https:\/\/www.inet.edu.ar\/index.php\/encuentro-del-nuevo-profesorado-de-etp-en-misiones\/foto4\/#main'><img loading=\"lazy\" decoding=\"async\" width=\"150\" height=\"100\" src=\"https:\/\/www.inet.edu.ar\/wp-content\/uploads\/2017\/10\/Foto4-150x100.jpg\" class=\"attachment-thumbnail size-thumbnail\" alt=\"\" \/><\/a>\n\t\t\t<\/dt><\/dl><br style=\"clear: both\" \/>\n\t\t<\/div>\n\n","protected":false},"excerpt":{"rendered":"<p>Ober\u00e1, Misiones. El viernes 6 de octubre participamos del Primer Encuentro\u00a0Inter-sede\u00a0del Profesorado de Educaci\u00f3n T\u00e9cnico Profesional (ETP) en Misiones. La provincia es pionera en la implementaci\u00f3n del nuevo dise\u00f1o del Profesorado. Con m\u00e1s de\u00a0200 docentes de la modalidad,\u00a0se trataron tem\u00e1ticas relacionadas con las competencias docentes para el siglo XXI. Encabez\u00f3 el evento la ministra de [&hellip;]<\/p>\n","protected":false},"author":7,"featured_media":21650,"comment_status":"closed","ping_status":"open","sticky":false,"template":"","format":"standard","meta":{"footnotes":""},"categories":[1,14],"tags":[145],"class_list":["post-21622","post","type-post","status-publish","format-standard","has-post-thumbnail","hentry","category-noticias","category-noticias-fijas","tag-capacitacion-docente"],"_links":{"self":[{"href":"https:\/\/www.inet.edu.ar\/index.php\/wp-json\/wp\/v2\/posts\/21622","targetHints":{"allow":["GET"]}}],"collection":[{"href":"https:\/\/www.inet.edu.ar\/index.php\/wp-json\/wp\/v2\/posts"}],"about":[{"href":"https:\/\/www.inet.edu.ar\/index.php\/wp-json\/wp\/v2\/types\/post"}],"author":[{"embeddable":true,"href":"https:\/\/www.inet.edu.ar\/index.php\/wp-json\/wp\/v2\/users\/7"}],"replies":[{"embeddable":true,"href":"https:\/\/www.inet.edu.ar\/index.php\/wp-json\/wp\/v2\/comments?post=21622"}],"version-history":[{"count":14,"href":"https:\/\/www.inet.edu.ar\/index.php\/wp-json\/wp\/v2\/posts\/21622\/revisions"}],"predecessor-version":[{"id":22233,"href":"https:\/\/www.inet.edu.ar\/index.php\/wp-json\/wp\/v2\/posts\/21622\/revisions\/22233"}],"wp:featuredmedia":[{"embeddable":true,"href":"https:\/\/www.inet.edu.ar\/index.php\/wp-json\/wp\/v2\/media\/21650"}],"wp:attachment":[{"href":"https:\/\/www.inet.edu.ar\/index.php\/wp-json\/wp\/v2\/media?parent=21622"}],"wp:term":[{"taxonomy":"category","embeddable":true,"href":"https:\/\/www.inet.edu.ar\/index.php\/wp-json\/wp\/v2\/categories?post=21622"},{"taxonomy":"post_tag","embeddable":true,"href":"https:\/\/www.inet.edu.ar\/index.php\/wp-json\/wp\/v2\/tags?post=21622"}],"curies":[{"name":"wp","href":"https:\/\/api.w.org\/{rel}","templated":true}]}}